{"id":9717,"date":"2022-04-05T19:28:17","date_gmt":"2022-04-05T17:28:17","guid":{"rendered":"https:\/\/somosdelprieto.com\/?p=9717"},"modified":"2022-04-05T19:32:25","modified_gmt":"2022-04-05T17:32:25","slug":"visita-al-parque-minero-de-almaden","status":"publish","type":"post","link":"https:\/\/somosdelprieto.com\/index.php\/2022\/04\/05\/visita-al-parque-minero-de-almaden\/","title":{"rendered":"VISITA AL PARQUE MINERO DE ALMAD\u00c9N"},"content":{"rendered":"\n<p>El pasado 22 de marzo 1\u00ba de Bachillerato de Ciencias ha realizado una visita al Parque Minero de Almad\u00e9n, en el que han conocido de primera mano la importancia del yacimiento minero enclavado en el suroeste de la provincia de Ciudad Real.  El desplazamiento a Almad\u00e9n ha sido subvencionado por la Diputaci\u00f3n Provincial de Ciudad Real a trav\u00e9s de su programa \u00abUn paseo educativo 2022\u00bb<\/p>\n\n\n\n<div class=\"wp-block-image\"><figure class=\"aligncenter size-large\"><img loading=\"lazy\" decoding=\"async\" width=\"212\" height=\"116\" src=\"https:\/\/somosdelprieto.com\/wp-content\/uploads\/2022\/04\/diputacion-provincial-de-Ciudad-Real.png\" alt=\"\" class=\"wp-image-9739\"\/><\/figure><\/div>\n\n\n\n<!--more-->\n\n\n\n<p>Han descubierto la mina de mercurio m\u00e1s importante de Europa, en la que se ha extra\u00eddo cinabrio desde hace m\u00e1s de 2000 a\u00f1os. Los primeros usos fueron menos estrat\u00e9gicos, se empleaba para la elaboraci\u00f3n de cosm\u00e9ticos, tintes\u2026 pero la explotaci\u00f3n fue evolucionando hasta ser la principal productora de mercurio del mundo, se estima que un tercio del mercurio consumido por la humanidad, desde siempre, procede de Almad\u00e9n, hasta el punto de ser fundamental en la Conquista de Am\u00e9rica. <\/p>\n\n\n\n<figure class=\"wp-block-gallery columns-3 is-cropped wp-block-gallery-1 is-layout-flex wp-block-gallery-is-layout-flex\"><ul class=\"blocks-gallery-grid\"><li class=\"blocks-gallery-item\"><figure><img loading=\"lazy\" decoding=\"async\" width=\"768\" height=\"1024\" src=\"https:\/\/somosdelprieto.com\/wp-content\/uploads\/2022\/04\/IMG-20220322-WA0198-768x1024.jpg\" alt=\"\" data-id=\"9734\" data-full-url=\"https:\/\/somosdelprieto.com\/wp-content\/uploads\/2022\/04\/IMG-20220322-WA0198.jpg\" data-link=\"https:\/\/somosdelprieto.com\/?attachment_id=9734\" class=\"wp-image-9734\" srcset=\"https:\/\/somosdelprieto.com\/wp-content\/uploads\/2022\/04\/IMG-20220322-WA0198-768x1024.jpg 768w, https:\/\/somosdelprieto.com\/wp-content\/uploads\/2022\/04\/IMG-20220322-WA0198-225x300.jpg 225w, https:\/\/somosdelprieto.com\/wp-content\/uploads\/2022\/04\/IMG-20220322-WA0198-1152x1536.jpg 1152w, https:\/\/somosdelprieto.com\/wp-content\/uploads\/2022\/04\/IMG-20220322-WA0198.jpg 1536w\" sizes=\"auto, (max-width: 767px) 89vw, (max-width: 1000px) 54vw, (max-width: 1071px) 543px, 580px\" \/><\/figure><\/li><li class=\"blocks-gallery-item\"><figure><img loading=\"lazy\" decoding=\"async\" width=\"765\" height=\"1024\" src=\"https:\/\/somosdelprieto.com\/wp-content\/uploads\/2022\/04\/IMG-20220322-WA0142-765x1024.jpg\" alt=\"\" data-id=\"9726\" data-full-url=\"https:\/\/somosdelprieto.com\/wp-content\/uploads\/2022\/04\/IMG-20220322-WA0142.jpg\" data-link=\"https:\/\/somosdelprieto.com\/?attachment_id=9726\" class=\"wp-image-9726\" srcset=\"https:\/\/somosdelprieto.com\/wp-content\/uploads\/2022\/04\/IMG-20220322-WA0142-765x1024.jpg 765w, https:\/\/somosdelprieto.com\/wp-content\/uploads\/2022\/04\/IMG-20220322-WA0142-224x300.jpg 224w, https:\/\/somosdelprieto.com\/wp-content\/uploads\/2022\/04\/IMG-20220322-WA0142-768x1027.jpg 768w, https:\/\/somosdelprieto.com\/wp-content\/uploads\/2022\/04\/IMG-20220322-WA0142-1148x1536.jpg 1148w, https:\/\/somosdelprieto.com\/wp-content\/uploads\/2022\/04\/IMG-20220322-WA0142.jpg 1196w\" sizes=\"auto, (max-width: 706px) 89vw, (max-width: 767px) 82vw, 740px\" \/><\/figure><\/li><li class=\"blocks-gallery-item\"><figure><img loading=\"lazy\" decoding=\"async\" width=\"765\" height=\"1024\" src=\"https:\/\/somosdelprieto.com\/wp-content\/uploads\/2022\/04\/IMG-20220322-WA0145-765x1024.jpg\" alt=\"\" data-id=\"9729\" data-full-url=\"https:\/\/somosdelprieto.com\/wp-content\/uploads\/2022\/04\/IMG-20220322-WA0145.jpg\" data-link=\"https:\/\/somosdelprieto.com\/?attachment_id=9729\" class=\"wp-image-9729\" srcset=\"https:\/\/somosdelprieto.com\/wp-content\/uploads\/2022\/04\/IMG-20220322-WA0145-765x1024.jpg 765w, https:\/\/somosdelprieto.com\/wp-content\/uploads\/2022\/04\/IMG-20220322-WA0145-224x300.jpg 224w, https:\/\/somosdelprieto.com\/wp-content\/uploads\/2022\/04\/IMG-20220322-WA0145-768x1027.jpg 768w, https:\/\/somosdelprieto.com\/wp-content\/uploads\/2022\/04\/IMG-20220322-WA0145-1148x1536.jpg 1148w, https:\/\/somosdelprieto.com\/wp-content\/uploads\/2022\/04\/IMG-20220322-WA0145.jpg 1196w\" sizes=\"auto, (max-width: 706px) 89vw, (max-width: 767px) 82vw, 740px\" \/><\/figure><\/li><\/ul><\/figure>\n\n\n\n<p>Gracias al metalurgista sevillano Bartolom\u00e9 de Medina, que desarroll\u00f3 un procedimiento sencillo y barato para separar la plata mediante el uso de mercurio y sales, se posibilit\u00f3 que la riqueza minera americana fluyera caudalosa hacia las arcas de la Corona. Han disfrutado de una visita muy entretenida, en la que han conocido la historia, la tecnolog\u00eda y la ciencia que est\u00e1 asociada a un enclave como este. Han visitado una galer\u00eda a 50 m de profundidad, bajando por el pozo de San Teodoro, protegidos con cascos y linternas, han recorrido unos 2 km bajo el suelo volviendo a la superficie en un tren de vagonetas, anteriormente empleado en la extracci\u00f3n del cinabrio, all\u00ed pudieron ver los antiguos hornos y el museo dedicado a la geolog\u00eda de la zona. <\/p>\n\n\n\n<p>Posteriormente se desplazaron a la actual escuela de ingenieros de minas de Almad\u00e9n, la m\u00e1s antigua de Espa\u00f1a, en la que visitaron el museo de la geolog\u00eda y la Real C\u00e1rcel de Forzados de Almad\u00e9n, de la que se conservan los s\u00f3tanos, muy bien integrados en el moderno edificio, all\u00ed conocieron la existencia de una galer\u00eda que une la mina con la c\u00e1rcel por la que eran llevados los \u201ccondenados a trabajos forzados en las minas\u201d a su \u201ctrabajo diario\u201d. <\/p>\n\n\n\n<p>La siguiente parada fue un merecido descanso para almorzar en la plaza Waldo Ferrer, junto a la monumental plaza de toros. Una vez repuestas las fuerzas se desplazaron al Real Hospital de Mineros de San Rafael, en el que aprendieron sobre las enfermedades asociadas al trabajo de la mina, terminando aqu\u00ed una estupenda jornada de convivencia y descubrimiento.<\/p>\n\n\n\n<figure class=\"wp-block-gallery columns-3 is-cropped wp-block-gallery-2 is-layout-flex wp-block-gallery-is-layout-flex\"><ul class=\"blocks-gallery-grid\"><li class=\"blocks-gallery-item\"><figure><img loading=\"lazy\" decoding=\"async\" width=\"768\" height=\"1024\" src=\"https:\/\/somosdelprieto.com\/wp-content\/uploads\/2022\/04\/IMG-20220322-WA0205-768x1024.jpg\" alt=\"\" data-id=\"9736\" data-full-url=\"https:\/\/somosdelprieto.com\/wp-content\/uploads\/2022\/04\/IMG-20220322-WA0205.jpg\" data-link=\"https:\/\/somosdelprieto.com\/?attachment_id=9736\" class=\"wp-image-9736\" srcset=\"https:\/\/somosdelprieto.com\/wp-content\/uploads\/2022\/04\/IMG-20220322-WA0205-768x1024.jpg 768w, https:\/\/somosdelprieto.com\/wp-content\/uploads\/2022\/04\/IMG-20220322-WA0205-225x300.jpg 225w, https:\/\/somosdelprieto.com\/wp-content\/uploads\/2022\/04\/IMG-20220322-WA0205-1152x1536.jpg 1152w, https:\/\/somosdelprieto.com\/wp-content\/uploads\/2022\/04\/IMG-20220322-WA0205.jpg 1536w\" sizes=\"auto, (max-width: 767px) 89vw, (max-width: 1000px) 54vw, (max-width: 1071px) 543px, 580px\" \/><\/figure><\/li><li class=\"blocks-gallery-item\"><figure><img loading=\"lazy\" decoding=\"async\" width=\"1024\" height=\"461\" src=\"https:\/\/somosdelprieto.com\/wp-content\/uploads\/2022\/04\/IMG-20220322-WA0214-1024x461.jpg\" alt=\"\" data-id=\"9737\" data-full-url=\"https:\/\/somosdelprieto.com\/wp-content\/uploads\/2022\/04\/IMG-20220322-WA0214.jpg\" data-link=\"https:\/\/somosdelprieto.com\/?attachment_id=9737\" class=\"wp-image-9737\" srcset=\"https:\/\/somosdelprieto.com\/wp-content\/uploads\/2022\/04\/IMG-20220322-WA0214-1024x461.jpg 1024w, https:\/\/somosdelprieto.com\/wp-content\/uploads\/2022\/04\/IMG-20220322-WA0214-300x135.jpg 300w, https:\/\/somosdelprieto.com\/wp-content\/uploads\/2022\/04\/IMG-20220322-WA0214-768x345.jpg 768w, https:\/\/somosdelprieto.com\/wp-content\/uploads\/2022\/04\/IMG-20220322-WA0214-1536x691.jpg 1536w, https:\/\/somosdelprieto.com\/wp-content\/uploads\/2022\/04\/IMG-20220322-WA0214.jpg 2048w\" sizes=\"auto, (max-width: 767px) 89vw, (max-width: 1000px) 54vw, (max-width: 1071px) 543px, 580px\" \/><\/figure><\/li><li class=\"blocks-gallery-item\"><figure><img loading=\"lazy\" decoding=\"async\" width=\"768\" height=\"1024\" src=\"https:\/\/somosdelprieto.com\/wp-content\/uploads\/2022\/04\/IMG-20220322-WA0203-768x1024.jpg\" alt=\"\" data-id=\"9735\" data-full-url=\"https:\/\/somosdelprieto.com\/wp-content\/uploads\/2022\/04\/IMG-20220322-WA0203.jpg\" data-link=\"https:\/\/somosdelprieto.com\/?attachment_id=9735\" class=\"wp-image-9735\" srcset=\"https:\/\/somosdelprieto.com\/wp-content\/uploads\/2022\/04\/IMG-20220322-WA0203-768x1024.jpg 768w, https:\/\/somosdelprieto.com\/wp-content\/uploads\/2022\/04\/IMG-20220322-WA0203-225x300.jpg 225w, https:\/\/somosdelprieto.com\/wp-content\/uploads\/2022\/04\/IMG-20220322-WA0203-1152x1536.jpg 1152w, https:\/\/somosdelprieto.com\/wp-content\/uploads\/2022\/04\/IMG-20220322-WA0203.jpg 1536w\" sizes=\"auto, (max-width: 767px) 89vw, (max-width: 1000px) 54vw, (max-width: 1071px) 543px, 580px\" \/><\/figure><\/li><\/ul><\/figure>\n\n\n\n<p><\/p>\n\n\n\n<p>V\u00edctor Manuel Toribio (profesor de Tecnolog\u00eda)<\/p>\n","protected":false},"excerpt":{"rendered":"<p>El pasado 22 de marzo 1\u00ba de Bachillerato de Ciencias ha realizado una visita al Parque Minero de Almad\u00e9n, en el que han conocido de primera mano la importancia del yacimiento minero enclavado en el suroeste de la provincia de Ciudad Real. El desplazamiento a Almad\u00e9n ha sido subvencionado por la Diputaci\u00f3n Provincial de Ciudad &hellip; <\/p>\n<p class=\"link-more\"><a href=\"https:\/\/somosdelprieto.com\/index.php\/2022\/04\/05\/visita-al-parque-minero-de-almaden\/\" class=\"more-link\">Continuar leyendo<span class=\"screen-reader-text\"> \u00abVISITA AL PARQUE MINERO DE ALMAD\u00c9N\u00bb<\/span><\/a><\/p>\n","protected":false},"author":4,"featured_media":9733,"comment_status":"closed","ping_status":"closed","sticky":false,"template":"","format":"standard","meta":{"footnotes":""},"categories":[1,42],"tags":[245,244],"class_list":["post-9717","post","type-post","status-publish","format-standard","has-post-thumbnail","hentry","category-noticias","category-tecnologia","tag-almaden","tag-mineria"],"_links":{"self":[{"href":"https:\/\/somosdelprieto.com\/index.php\/wp-json\/wp\/v2\/posts\/9717","targetHints":{"allow":["GET"]}}],"collection":[{"href":"https:\/\/somosdelprieto.com\/index.php\/wp-json\/wp\/v2\/posts"}],"about":[{"href":"https:\/\/somosdelprieto.com\/index.php\/wp-json\/wp\/v2\/types\/post"}],"author":[{"embeddable":true,"href":"https:\/\/somosdelprieto.com\/index.php\/wp-json\/wp\/v2\/users\/4"}],"replies":[{"embeddable":true,"href":"https:\/\/somosdelprieto.com\/index.php\/wp-json\/wp\/v2\/comments?post=9717"}],"version-history":[{"count":3,"href":"https:\/\/somosdelprieto.com\/index.php\/wp-json\/wp\/v2\/posts\/9717\/revisions"}],"predecessor-version":[{"id":9742,"href":"https:\/\/somosdelprieto.com\/index.php\/wp-json\/wp\/v2\/posts\/9717\/revisions\/9742"}],"wp:featuredmedia":[{"embeddable":true,"href":"https:\/\/somosdelprieto.com\/index.php\/wp-json\/wp\/v2\/media\/9733"}],"wp:attachment":[{"href":"https:\/\/somosdelprieto.com\/index.php\/wp-json\/wp\/v2\/media?parent=9717"}],"wp:term":[{"taxonomy":"category","embeddable":true,"href":"https:\/\/somosdelprieto.com\/index.php\/wp-json\/wp\/v2\/categories?post=9717"},{"taxonomy":"post_tag","embeddable":true,"href":"https:\/\/somosdelprieto.com\/index.php\/wp-json\/wp\/v2\/tags?post=9717"}],"curies":[{"name":"wp","href":"https:\/\/api.w.org\/{rel}","templated":true}]}}