{"id":9643,"date":"2022-04-01T12:05:52","date_gmt":"2022-04-01T10:05:52","guid":{"rendered":"https:\/\/somosdelprieto.com\/?p=9643"},"modified":"2022-04-01T12:07:08","modified_gmt":"2022-04-01T10:07:08","slug":"servicio-restaurante-para-alumnado-hosteleria","status":"publish","type":"post","link":"https:\/\/somosdelprieto.com\/index.php\/2022\/04\/01\/servicio-restaurante-para-alumnado-hosteleria\/","title":{"rendered":"Servicio Restaurante para alumnado Hosteler\u00eda"},"content":{"rendered":"\n<p>Acabamos los servicios de restaurante en el IES Gregorio Prieto el mes de marzo dando un homenaje a nuestros alumnos y alumnas de segundos cursos de los grados de Direcci\u00f3n de cocina, Cocina y Gastronom\u00eda y Servicios en Restauraci\u00f3n que se van a las pr\u00e1cticas de empresa este curso 2021-2022, desde finales del mes de marzo hasta mediados de junio.<\/p>\n\n\n\n<figure class=\"wp-block-gallery columns-3 is-cropped wp-block-gallery-1 is-layout-flex wp-block-gallery-is-layout-flex\"><ul class=\"blocks-gallery-grid\"><li class=\"blocks-gallery-item\"><figure><img loading=\"lazy\" decoding=\"async\" width=\"769\" height=\"1024\" src=\"https:\/\/somosdelprieto.com\/wp-content\/uploads\/2022\/04\/menu-servicio-restaurante-a-alumnos-fct-22-769x1024.jpg\" alt=\"\" data-id=\"9660\" data-full-url=\"https:\/\/somosdelprieto.com\/wp-content\/uploads\/2022\/04\/menu-servicio-restaurante-a-alumnos-fct-22.jpg\" data-link=\"https:\/\/somosdelprieto.com\/menu-servicio-restaurante-a-alumnos-fct-22\/\" class=\"wp-image-9660\" srcset=\"https:\/\/somosdelprieto.com\/wp-content\/uploads\/2022\/04\/menu-servicio-restaurante-a-alumnos-fct-22-769x1024.jpg 769w, https:\/\/somosdelprieto.com\/wp-content\/uploads\/2022\/04\/menu-servicio-restaurante-a-alumnos-fct-22-225x300.jpg 225w, https:\/\/somosdelprieto.com\/wp-content\/uploads\/2022\/04\/menu-servicio-restaurante-a-alumnos-fct-22-768x1023.jpg 768w, https:\/\/somosdelprieto.com\/wp-content\/uploads\/2022\/04\/menu-servicio-restaurante-a-alumnos-fct-22-1153x1536.jpg 1153w, https:\/\/somosdelprieto.com\/wp-content\/uploads\/2022\/04\/menu-servicio-restaurante-a-alumnos-fct-22.jpg 1537w\" sizes=\"auto, (max-width: 767px) 89vw, (max-width: 1000px) 54vw, (max-width: 1071px) 543px, 580px\" \/><\/figure><\/li><li class=\"blocks-gallery-item\"><figure><img loading=\"lazy\" decoding=\"async\" width=\"1024\" height=\"769\" src=\"https:\/\/somosdelprieto.com\/wp-content\/uploads\/2022\/04\/mesa-alumnos-de-sala-1024x769.jpg\" alt=\"\" data-id=\"9655\" data-full-url=\"https:\/\/somosdelprieto.com\/wp-content\/uploads\/2022\/04\/mesa-alumnos-de-sala.jpg\" data-link=\"https:\/\/somosdelprieto.com\/mesa-alumnos-de-sala\/\" class=\"wp-image-9655\" srcset=\"https:\/\/somosdelprieto.com\/wp-content\/uploads\/2022\/04\/mesa-alumnos-de-sala-1024x769.jpg 1024w, https:\/\/somosdelprieto.com\/wp-content\/uploads\/2022\/04\/mesa-alumnos-de-sala-300x225.jpg 300w, https:\/\/somosdelprieto.com\/wp-content\/uploads\/2022\/04\/mesa-alumnos-de-sala-768x576.jpg 768w, https:\/\/somosdelprieto.com\/wp-content\/uploads\/2022\/04\/mesa-alumnos-de-sala-1536x1153.jpg 1536w, https:\/\/somosdelprieto.com\/wp-content\/uploads\/2022\/04\/mesa-alumnos-de-sala.jpg 2048w\" sizes=\"auto, (max-width: 767px) 89vw, (max-width: 1000px) 54vw, (max-width: 1071px) 543px, 580px\" \/><\/figure><\/li><li class=\"blocks-gallery-item\"><figure><img loading=\"lazy\" decoding=\"async\" width=\"1024\" height=\"769\" src=\"https:\/\/somosdelprieto.com\/wp-content\/uploads\/2022\/04\/mesa-alumnos-de-cocina-1024x769.jpg\" alt=\"\" data-id=\"9654\" data-full-url=\"https:\/\/somosdelprieto.com\/wp-content\/uploads\/2022\/04\/mesa-alumnos-de-cocina.jpg\" data-link=\"https:\/\/somosdelprieto.com\/mesa-alumnos-de-cocina\/\" class=\"wp-image-9654\" srcset=\"https:\/\/somosdelprieto.com\/wp-content\/uploads\/2022\/04\/mesa-alumnos-de-cocina-1024x769.jpg 1024w, https:\/\/somosdelprieto.com\/wp-content\/uploads\/2022\/04\/mesa-alumnos-de-cocina-300x225.jpg 300w, https:\/\/somosdelprieto.com\/wp-content\/uploads\/2022\/04\/mesa-alumnos-de-cocina-768x576.jpg 768w, https:\/\/somosdelprieto.com\/wp-content\/uploads\/2022\/04\/mesa-alumnos-de-cocina-1536x1153.jpg 1536w, https:\/\/somosdelprieto.com\/wp-content\/uploads\/2022\/04\/mesa-alumnos-de-cocina.jpg 2048w\" sizes=\"auto, (max-width: 767px) 89vw, (max-width: 1000px) 54vw, (max-width: 1071px) 543px, 580px\" \/><\/figure><\/li><\/ul><\/figure>\n\n\n\n<p>Nuestros estudiantes que empiezan las FCTs disfrutaron de un men\u00fa este 24 de marzo de 2022 en el que no falt\u00f3 de nada, estando sus compa\u00f1eros de primeros cursos en Direcci\u00f3n de cocina y Cocina y Gastronom\u00eda al frente de la cocina, y cuyos manjares lo sirvieron los alumnos y alumnas de segundo de FP B\u00e1sica de Cocina y Restauraci\u00f3n, y en el que una vez m\u00e1s el alumnado PEFP de Jardiner\u00eda del IES colaboraron realizando los centros para las mesas de los comensales.<\/p>\n\n\n\n<figure class=\"wp-block-gallery columns-3 is-cropped wp-block-gallery-2 is-layout-flex wp-block-gallery-is-layout-flex\"><ul class=\"blocks-gallery-grid\"><li class=\"blocks-gallery-item\"><figure><img loading=\"lazy\" decoding=\"async\" width=\"1024\" height=\"769\" src=\"https:\/\/somosdelprieto.com\/wp-content\/uploads\/2022\/04\/restaurante-interno-alumnos-comensales-comedor-marzo-1024x769.jpg\" alt=\"\" data-id=\"9658\" data-full-url=\"https:\/\/somosdelprieto.com\/wp-content\/uploads\/2022\/04\/restaurante-interno-alumnos-comensales-comedor-marzo.jpg\" data-link=\"https:\/\/somosdelprieto.com\/restaurante-interno-alumnos-comensales-comedor-marzo\/\" class=\"wp-image-9658\" srcset=\"https:\/\/somosdelprieto.com\/wp-content\/uploads\/2022\/04\/restaurante-interno-alumnos-comensales-comedor-marzo-1024x769.jpg 1024w, https:\/\/somosdelprieto.com\/wp-content\/uploads\/2022\/04\/restaurante-interno-alumnos-comensales-comedor-marzo-300x225.jpg 300w, https:\/\/somosdelprieto.com\/wp-content\/uploads\/2022\/04\/restaurante-interno-alumnos-comensales-comedor-marzo-768x576.jpg 768w, https:\/\/somosdelprieto.com\/wp-content\/uploads\/2022\/04\/restaurante-interno-alumnos-comensales-comedor-marzo-1536x1153.jpg 1536w, https:\/\/somosdelprieto.com\/wp-content\/uploads\/2022\/04\/restaurante-interno-alumnos-comensales-comedor-marzo.jpg 2048w\" sizes=\"auto, (max-width: 767px) 89vw, (max-width: 1000px) 54vw, (max-width: 1071px) 543px, 580px\" \/><\/figure><\/li><li class=\"blocks-gallery-item\"><figure><img loading=\"lazy\" decoding=\"async\" width=\"1024\" height=\"576\" src=\"https:\/\/somosdelprieto.com\/wp-content\/uploads\/2022\/04\/alumnos-de-jardineria-y-restauracion-1024x576.jpg\" alt=\"\" data-id=\"9661\" data-full-url=\"https:\/\/somosdelprieto.com\/wp-content\/uploads\/2022\/04\/alumnos-de-jardineria-y-restauracion.jpg\" data-link=\"https:\/\/somosdelprieto.com\/alumnos-de-jardineria-y-restauracion\/\" class=\"wp-image-9661\" srcset=\"https:\/\/somosdelprieto.com\/wp-content\/uploads\/2022\/04\/alumnos-de-jardineria-y-restauracion-1024x576.jpg 1024w, https:\/\/somosdelprieto.com\/wp-content\/uploads\/2022\/04\/alumnos-de-jardineria-y-restauracion-300x169.jpg 300w, https:\/\/somosdelprieto.com\/wp-content\/uploads\/2022\/04\/alumnos-de-jardineria-y-restauracion-768x432.jpg 768w, https:\/\/somosdelprieto.com\/wp-content\/uploads\/2022\/04\/alumnos-de-jardineria-y-restauracion-1536x864.jpg 1536w, https:\/\/somosdelprieto.com\/wp-content\/uploads\/2022\/04\/alumnos-de-jardineria-y-restauracion.jpg 1600w\" sizes=\"auto, (max-width: 767px) 89vw, (max-width: 1000px) 54vw, (max-width: 1071px) 543px, 580px\" \/><\/figure><\/li><li class=\"blocks-gallery-item\"><figure><img loading=\"lazy\" decoding=\"async\" width=\"1024\" height=\"576\" src=\"https:\/\/somosdelprieto.com\/wp-content\/uploads\/2022\/04\/elaborando-centros-de-mesa-1024x576.jpg\" alt=\"\" data-id=\"9662\" data-full-url=\"https:\/\/somosdelprieto.com\/wp-content\/uploads\/2022\/04\/elaborando-centros-de-mesa.jpg\" data-link=\"https:\/\/somosdelprieto.com\/elaborando-centros-de-mesa\/\" class=\"wp-image-9662\" srcset=\"https:\/\/somosdelprieto.com\/wp-content\/uploads\/2022\/04\/elaborando-centros-de-mesa-1024x576.jpg 1024w, https:\/\/somosdelprieto.com\/wp-content\/uploads\/2022\/04\/elaborando-centros-de-mesa-300x169.jpg 300w, https:\/\/somosdelprieto.com\/wp-content\/uploads\/2022\/04\/elaborando-centros-de-mesa-768x432.jpg 768w, https:\/\/somosdelprieto.com\/wp-content\/uploads\/2022\/04\/elaborando-centros-de-mesa-1536x864.jpg 1536w, https:\/\/somosdelprieto.com\/wp-content\/uploads\/2022\/04\/elaborando-centros-de-mesa.jpg 1600w\" sizes=\"auto, (max-width: 767px) 89vw, (max-width: 1000px) 54vw, (max-width: 1071px) 543px, 580px\" \/><\/figure><\/li><\/ul><\/figure>\n\n\n\n<p>Como era de esperar, los alumnos invitados fueron recibidos con un coctel de bienvenida, en este caso fue un coctel sin alcohol llamado \u201cSan Francisco\u201d a base de zumos de naranja, pi\u00f1a y lim\u00f3n, con un toque de granadina.<\/p>\n\n\n\n<figure class=\"wp-block-gallery columns-2 is-cropped wp-block-gallery-3 is-layout-flex wp-block-gallery-is-layout-flex\"><ul class=\"blocks-gallery-grid\"><li class=\"blocks-gallery-item\"><figure><img loading=\"lazy\" decoding=\"async\" width=\"1024\" height=\"769\" src=\"https:\/\/somosdelprieto.com\/wp-content\/uploads\/2022\/04\/preparacion-mesa-servicio-comedor-alumnos-1024x769.jpg\" alt=\"\" data-id=\"9656\" data-full-url=\"https:\/\/somosdelprieto.com\/wp-content\/uploads\/2022\/04\/preparacion-mesa-servicio-comedor-alumnos.jpg\" data-link=\"https:\/\/somosdelprieto.com\/preparacion-mesa-servicio-comedor-alumnos\/\" class=\"wp-image-9656\" srcset=\"https:\/\/somosdelprieto.com\/wp-content\/uploads\/2022\/04\/preparacion-mesa-servicio-comedor-alumnos-1024x769.jpg 1024w, https:\/\/somosdelprieto.com\/wp-content\/uploads\/2022\/04\/preparacion-mesa-servicio-comedor-alumnos-300x225.jpg 300w, https:\/\/somosdelprieto.com\/wp-content\/uploads\/2022\/04\/preparacion-mesa-servicio-comedor-alumnos-768x576.jpg 768w, https:\/\/somosdelprieto.com\/wp-content\/uploads\/2022\/04\/preparacion-mesa-servicio-comedor-alumnos-1536x1153.jpg 1536w, https:\/\/somosdelprieto.com\/wp-content\/uploads\/2022\/04\/preparacion-mesa-servicio-comedor-alumnos.jpg 2048w\" sizes=\"auto, (max-width: 767px) 89vw, (max-width: 1000px) 54vw, (max-width: 1071px) 543px, 580px\" \/><\/figure><\/li><li class=\"blocks-gallery-item\"><figure><img loading=\"lazy\" decoding=\"async\" width=\"1024\" height=\"769\" src=\"https:\/\/somosdelprieto.com\/wp-content\/uploads\/2022\/04\/coctel-san-francisco-de-bienvenida-1024x769.jpg\" alt=\"\" data-id=\"9659\" data-full-url=\"https:\/\/somosdelprieto.com\/wp-content\/uploads\/2022\/04\/coctel-san-francisco-de-bienvenida.jpg\" data-link=\"https:\/\/somosdelprieto.com\/coctel-san-francisco-de-bienvenida\/\" class=\"wp-image-9659\" srcset=\"https:\/\/somosdelprieto.com\/wp-content\/uploads\/2022\/04\/coctel-san-francisco-de-bienvenida-1024x769.jpg 1024w, https:\/\/somosdelprieto.com\/wp-content\/uploads\/2022\/04\/coctel-san-francisco-de-bienvenida-300x225.jpg 300w, https:\/\/somosdelprieto.com\/wp-content\/uploads\/2022\/04\/coctel-san-francisco-de-bienvenida-768x576.jpg 768w, https:\/\/somosdelprieto.com\/wp-content\/uploads\/2022\/04\/coctel-san-francisco-de-bienvenida-1536x1153.jpg 1536w, https:\/\/somosdelprieto.com\/wp-content\/uploads\/2022\/04\/coctel-san-francisco-de-bienvenida.jpg 2048w\" sizes=\"auto, (max-width: 767px) 89vw, (max-width: 1000px) 54vw, (max-width: 1071px) 543px, 580px\" \/><\/figure><\/li><\/ul><\/figure>\n\n\n\n<p>Y llegaron los entrantes que sorprendieron gratamente, empezando por un \u201cD\u00fao de Foie y Manchego\u201d, al que le siguieron unos \u201cHuevos Benedictino\u201d, \u201cPulpo braseado con patatas torneadas y mahonesa al piment\u00f3n\u201d, y un cuarto entrante de \u201cSetas salteadas sobre patata trufada y tierra de migas\u201d.<\/p>\n\n\n\n<figure class=\"wp-block-gallery columns-3 is-cropped wp-block-gallery-4 is-layout-flex wp-block-gallery-is-layout-flex\"><ul class=\"blocks-gallery-grid\"><li class=\"blocks-gallery-item\"><figure><img loading=\"lazy\" decoding=\"async\" width=\"1024\" height=\"683\" src=\"https:\/\/somosdelprieto.com\/wp-content\/uploads\/2022\/04\/foie-y-queso-manchego-1024x683.jpg\" alt=\"\" data-id=\"9649\" data-full-url=\"https:\/\/somosdelprieto.com\/wp-content\/uploads\/2022\/04\/foie-y-queso-manchego.jpg\" data-link=\"https:\/\/somosdelprieto.com\/foie-y-queso-manchego\/\" class=\"wp-image-9649\" srcset=\"https:\/\/somosdelprieto.com\/wp-content\/uploads\/2022\/04\/foie-y-queso-manchego-1024x683.jpg 1024w, https:\/\/somosdelprieto.com\/wp-content\/uploads\/2022\/04\/foie-y-queso-manchego-300x200.jpg 300w, https:\/\/somosdelprieto.com\/wp-content\/uploads\/2022\/04\/foie-y-queso-manchego-768x512.jpg 768w, https:\/\/somosdelprieto.com\/wp-content\/uploads\/2022\/04\/foie-y-queso-manchego-1536x1024.jpg 1536w, https:\/\/somosdelprieto.com\/wp-content\/uploads\/2022\/04\/foie-y-queso-manchego.jpg 2048w\" sizes=\"auto, (max-width: 767px) 89vw, (max-width: 1000px) 54vw, (max-width: 1071px) 543px, 580px\" \/><\/figure><\/li><li class=\"blocks-gallery-item\"><figure><img loading=\"lazy\" decoding=\"async\" width=\"576\" height=\"1024\" src=\"https:\/\/somosdelprieto.com\/wp-content\/uploads\/2022\/04\/duo-de-foie-y-manchego-576x1024.jpg\" alt=\"\" data-id=\"9670\" data-full-url=\"https:\/\/somosdelprieto.com\/wp-content\/uploads\/2022\/04\/duo-de-foie-y-manchego.jpg\" data-link=\"https:\/\/somosdelprieto.com\/duo-de-foie-y-manchego\/\" class=\"wp-image-9670\" srcset=\"https:\/\/somosdelprieto.com\/wp-content\/uploads\/2022\/04\/duo-de-foie-y-manchego-576x1024.jpg 576w, https:\/\/somosdelprieto.com\/wp-content\/uploads\/2022\/04\/duo-de-foie-y-manchego-169x300.jpg 169w, https:\/\/somosdelprieto.com\/wp-content\/uploads\/2022\/04\/duo-de-foie-y-manchego-768x1365.jpg 768w, https:\/\/somosdelprieto.com\/wp-content\/uploads\/2022\/04\/duo-de-foie-y-manchego-864x1536.jpg 864w, https:\/\/somosdelprieto.com\/wp-content\/uploads\/2022\/04\/duo-de-foie-y-manchego.jpg 1080w\" sizes=\"auto, (max-width: 576px) 100vw, 576px\" \/><\/figure><\/li><li class=\"blocks-gallery-item\"><figure><img loading=\"lazy\" decoding=\"async\" width=\"1024\" height=\"768\" src=\"https:\/\/somosdelprieto.com\/wp-content\/uploads\/2022\/04\/pulpo-braseado-con-patatas-torneadas-y-mahonesa-al-pimenton.jpg\" alt=\"\" data-id=\"9657\" data-full-url=\"https:\/\/somosdelprieto.com\/wp-content\/uploads\/2022\/04\/pulpo-braseado-con-patatas-torneadas-y-mahonesa-al-pimenton.jpg\" data-link=\"https:\/\/somosdelprieto.com\/pulpo-braseado-con-patatas-torneadas-y-mahonesa-al-pimenton\/\" class=\"wp-image-9657\" srcset=\"https:\/\/somosdelprieto.com\/wp-content\/uploads\/2022\/04\/pulpo-braseado-con-patatas-torneadas-y-mahonesa-al-pimenton.jpg 1024w, https:\/\/somosdelprieto.com\/wp-content\/uploads\/2022\/04\/pulpo-braseado-con-patatas-torneadas-y-mahonesa-al-pimenton-300x225.jpg 300w, https:\/\/somosdelprieto.com\/wp-content\/uploads\/2022\/04\/pulpo-braseado-con-patatas-torneadas-y-mahonesa-al-pimenton-768x576.jpg 768w\" sizes=\"auto, (max-width: 767px) 89vw, (max-width: 1000px) 54vw, (max-width: 1071px) 543px, 580px\" \/><\/figure><\/li><li class=\"blocks-gallery-item\"><figure><img loading=\"lazy\" decoding=\"async\" width=\"1024\" height=\"683\" src=\"https:\/\/somosdelprieto.com\/wp-content\/uploads\/2022\/04\/setas-salteadas-sobre-patata-trufada-y-tierra-de-migas-1024x683.jpg\" alt=\"\" data-id=\"9652\" data-full-url=\"https:\/\/somosdelprieto.com\/wp-content\/uploads\/2022\/04\/setas-salteadas-sobre-patata-trufada-y-tierra-de-migas.jpg\" data-link=\"https:\/\/somosdelprieto.com\/setas-salteadas-sobre-patata-trufada-y-tierra-de-migas\/\" class=\"wp-image-9652\" srcset=\"https:\/\/somosdelprieto.com\/wp-content\/uploads\/2022\/04\/setas-salteadas-sobre-patata-trufada-y-tierra-de-migas-1024x683.jpg 1024w, https:\/\/somosdelprieto.com\/wp-content\/uploads\/2022\/04\/setas-salteadas-sobre-patata-trufada-y-tierra-de-migas-300x200.jpg 300w, https:\/\/somosdelprieto.com\/wp-content\/uploads\/2022\/04\/setas-salteadas-sobre-patata-trufada-y-tierra-de-migas-768x512.jpg 768w, https:\/\/somosdelprieto.com\/wp-content\/uploads\/2022\/04\/setas-salteadas-sobre-patata-trufada-y-tierra-de-migas-1536x1024.jpg 1536w, https:\/\/somosdelprieto.com\/wp-content\/uploads\/2022\/04\/setas-salteadas-sobre-patata-trufada-y-tierra-de-migas.jpg 2048w\" sizes=\"auto, (max-width: 767px) 89vw, (max-width: 1000px) 54vw, (max-width: 1071px) 543px, 580px\" \/><\/figure><\/li><\/ul><\/figure>\n\n\n\n<p>Tras estos aperitivos, siguieron los platos principales, primero con \u201cDorada rellena de gambas con verduras y tomates Cherry\u201d, y seguidamente una \u201cCarrilleras en salsa con patatas baby y berros\u201d.<\/p>\n\n\n\n<figure class=\"wp-block-gallery columns-3 is-cropped wp-block-gallery-5 is-layout-flex wp-block-gallery-is-layout-flex\"><ul class=\"blocks-gallery-grid\"><li class=\"blocks-gallery-item\"><figure><img loading=\"lazy\" decoding=\"async\" width=\"576\" height=\"1024\" src=\"https:\/\/somosdelprieto.com\/wp-content\/uploads\/2022\/04\/huevos-benedictino-576x1024.jpg\" alt=\"\" data-id=\"9667\" data-full-url=\"https:\/\/somosdelprieto.com\/wp-content\/uploads\/2022\/04\/huevos-benedictino.jpg\" data-link=\"https:\/\/somosdelprieto.com\/huevos-benedictino\/\" class=\"wp-image-9667\" srcset=\"https:\/\/somosdelprieto.com\/wp-content\/uploads\/2022\/04\/huevos-benedictino-576x1024.jpg 576w, https:\/\/somosdelprieto.com\/wp-content\/uploads\/2022\/04\/huevos-benedictino-169x300.jpg 169w, https:\/\/somosdelprieto.com\/wp-content\/uploads\/2022\/04\/huevos-benedictino-768x1365.jpg 768w, https:\/\/somosdelprieto.com\/wp-content\/uploads\/2022\/04\/huevos-benedictino-864x1536.jpg 864w, https:\/\/somosdelprieto.com\/wp-content\/uploads\/2022\/04\/huevos-benedictino.jpg 1080w\" sizes=\"auto, (max-width: 576px) 100vw, 576px\" \/><\/figure><\/li><li class=\"blocks-gallery-item\"><figure><img loading=\"lazy\" decoding=\"async\" width=\"576\" height=\"1024\" src=\"https:\/\/somosdelprieto.com\/wp-content\/uploads\/2022\/04\/dorada-rellena-de-gambas-con-verduras-y-tomates-cherry-576x1024.jpg\" alt=\"\" data-id=\"9666\" data-full-url=\"https:\/\/somosdelprieto.com\/wp-content\/uploads\/2022\/04\/dorada-rellena-de-gambas-con-verduras-y-tomates-cherry.jpg\" data-link=\"https:\/\/somosdelprieto.com\/dorada-rellena-de-gambas-con-verduras-y-tomates-cherry\/\" class=\"wp-image-9666\" srcset=\"https:\/\/somosdelprieto.com\/wp-content\/uploads\/2022\/04\/dorada-rellena-de-gambas-con-verduras-y-tomates-cherry-576x1024.jpg 576w, https:\/\/somosdelprieto.com\/wp-content\/uploads\/2022\/04\/dorada-rellena-de-gambas-con-verduras-y-tomates-cherry-169x300.jpg 169w, https:\/\/somosdelprieto.com\/wp-content\/uploads\/2022\/04\/dorada-rellena-de-gambas-con-verduras-y-tomates-cherry-768x1365.jpg 768w, https:\/\/somosdelprieto.com\/wp-content\/uploads\/2022\/04\/dorada-rellena-de-gambas-con-verduras-y-tomates-cherry-864x1536.jpg 864w, https:\/\/somosdelprieto.com\/wp-content\/uploads\/2022\/04\/dorada-rellena-de-gambas-con-verduras-y-tomates-cherry.jpg 1080w\" sizes=\"auto, (max-width: 576px) 100vw, 576px\" \/><\/figure><\/li><li class=\"blocks-gallery-item\"><figure><img loading=\"lazy\" decoding=\"async\" width=\"576\" height=\"1024\" src=\"https:\/\/somosdelprieto.com\/wp-content\/uploads\/2022\/04\/carrilleras-en-salsa-con-patatas-baby-y-berros-576x1024.jpg\" alt=\"\" data-id=\"9665\" data-full-url=\"https:\/\/somosdelprieto.com\/wp-content\/uploads\/2022\/04\/carrilleras-en-salsa-con-patatas-baby-y-berros.jpg\" data-link=\"https:\/\/somosdelprieto.com\/carrilleras-en-salsa-con-patatas-baby-y-berros\/\" class=\"wp-image-9665\" srcset=\"https:\/\/somosdelprieto.com\/wp-content\/uploads\/2022\/04\/carrilleras-en-salsa-con-patatas-baby-y-berros-576x1024.jpg 576w, https:\/\/somosdelprieto.com\/wp-content\/uploads\/2022\/04\/carrilleras-en-salsa-con-patatas-baby-y-berros-169x300.jpg 169w, https:\/\/somosdelprieto.com\/wp-content\/uploads\/2022\/04\/carrilleras-en-salsa-con-patatas-baby-y-berros-768x1366.jpg 768w, https:\/\/somosdelprieto.com\/wp-content\/uploads\/2022\/04\/carrilleras-en-salsa-con-patatas-baby-y-berros-864x1536.jpg 864w, https:\/\/somosdelprieto.com\/wp-content\/uploads\/2022\/04\/carrilleras-en-salsa-con-patatas-baby-y-berros.jpg 899w\" sizes=\"auto, (max-width: 576px) 100vw, 576px\" \/><\/figure><\/li><\/ul><\/figure>\n\n\n\n<p>A continuaci\u00f3n, previo al postre, se ofrece en la sala restaurante una \u201cInfusi\u00f3n fr\u00eda de Hierbabuena, jengibre y melocot\u00f3n y vainilla\u201d, que ayuda a a digerir los exquisitos platos degustados.<\/p>\n\n\n\n<p>Terminamos con varios postres, primero un \u201cCremoso de naranja con albahaca y Jioconde de almendra\u201d, concluyendo con unas \u201cTexturas de chocolate\u201d.<\/p>\n\n\n\n<figure class=\"wp-block-gallery columns-2 is-cropped wp-block-gallery-6 is-layout-flex wp-block-gallery-is-layout-flex\"><ul class=\"blocks-gallery-grid\"><li class=\"blocks-gallery-item\"><figure><img loading=\"lazy\" decoding=\"async\" width=\"1024\" height=\"683\" src=\"https:\/\/somosdelprieto.com\/wp-content\/uploads\/2022\/04\/Infusion-fria-de-Hierbabuena-jengibre-y-melocoton-y-vainilla-1024x683.jpg\" alt=\"\" data-id=\"9651\" data-full-url=\"https:\/\/somosdelprieto.com\/wp-content\/uploads\/2022\/04\/Infusion-fria-de-Hierbabuena-jengibre-y-melocoton-y-vainilla.jpg\" data-link=\"https:\/\/somosdelprieto.com\/infusion-fria-de-hierbabuena-jengibre-y-melocoton-y-vainilla\/\" class=\"wp-image-9651\" srcset=\"https:\/\/somosdelprieto.com\/wp-content\/uploads\/2022\/04\/Infusion-fria-de-Hierbabuena-jengibre-y-melocoton-y-vainilla-1024x683.jpg 1024w, https:\/\/somosdelprieto.com\/wp-content\/uploads\/2022\/04\/Infusion-fria-de-Hierbabuena-jengibre-y-melocoton-y-vainilla-300x200.jpg 300w, https:\/\/somosdelprieto.com\/wp-content\/uploads\/2022\/04\/Infusion-fria-de-Hierbabuena-jengibre-y-melocoton-y-vainilla-768x512.jpg 768w, https:\/\/somosdelprieto.com\/wp-content\/uploads\/2022\/04\/Infusion-fria-de-Hierbabuena-jengibre-y-melocoton-y-vainilla-1536x1024.jpg 1536w, https:\/\/somosdelprieto.com\/wp-content\/uploads\/2022\/04\/Infusion-fria-de-Hierbabuena-jengibre-y-melocoton-y-vainilla.jpg 2048w\" sizes=\"auto, (max-width: 767px) 89vw, (max-width: 1000px) 54vw, (max-width: 1071px) 543px, 580px\" \/><\/figure><\/li><li class=\"blocks-gallery-item\"><figure><img loading=\"lazy\" decoding=\"async\" width=\"1024\" height=\"683\" src=\"https:\/\/somosdelprieto.com\/wp-content\/uploads\/2022\/04\/texturas-de-chocolate-1024x683.jpg\" alt=\"\" data-id=\"9653\" data-full-url=\"https:\/\/somosdelprieto.com\/wp-content\/uploads\/2022\/04\/texturas-de-chocolate.jpg\" data-link=\"https:\/\/somosdelprieto.com\/texturas-de-chocolate\/\" class=\"wp-image-9653\" srcset=\"https:\/\/somosdelprieto.com\/wp-content\/uploads\/2022\/04\/texturas-de-chocolate-1024x683.jpg 1024w, https:\/\/somosdelprieto.com\/wp-content\/uploads\/2022\/04\/texturas-de-chocolate-300x200.jpg 300w, https:\/\/somosdelprieto.com\/wp-content\/uploads\/2022\/04\/texturas-de-chocolate-768x512.jpg 768w, https:\/\/somosdelprieto.com\/wp-content\/uploads\/2022\/04\/texturas-de-chocolate-1536x1024.jpg 1536w, https:\/\/somosdelprieto.com\/wp-content\/uploads\/2022\/04\/texturas-de-chocolate.jpg 2048w\" sizes=\"auto, (max-width: 767px) 89vw, (max-width: 1000px) 54vw, (max-width: 1071px) 543px, 580px\" \/><\/figure><\/li><\/ul><\/figure>\n\n\n\n<figure class=\"wp-block-image size-large\"><img loading=\"lazy\" decoding=\"async\" width=\"1024\" height=\"683\" src=\"https:\/\/somosdelprieto.com\/wp-content\/uploads\/2022\/04\/cremoso-de-naranja-con-albahaca-y-Jioconde-de-almendra-1024x683.jpg\" alt=\"\" class=\"wp-image-9648\" srcset=\"https:\/\/somosdelprieto.com\/wp-content\/uploads\/2022\/04\/cremoso-de-naranja-con-albahaca-y-Jioconde-de-almendra-1024x683.jpg 1024w, https:\/\/somosdelprieto.com\/wp-content\/uploads\/2022\/04\/cremoso-de-naranja-con-albahaca-y-Jioconde-de-almendra-300x200.jpg 300w, https:\/\/somosdelprieto.com\/wp-content\/uploads\/2022\/04\/cremoso-de-naranja-con-albahaca-y-Jioconde-de-almendra-768x512.jpg 768w, https:\/\/somosdelprieto.com\/wp-content\/uploads\/2022\/04\/cremoso-de-naranja-con-albahaca-y-Jioconde-de-almendra-1536x1024.jpg 1536w, https:\/\/somosdelprieto.com\/wp-content\/uploads\/2022\/04\/cremoso-de-naranja-con-albahaca-y-Jioconde-de-almendra.jpg 2048w\" sizes=\"auto, (max-width: 767px) 89vw, (max-width: 1000px) 54vw, (max-width: 1071px) 543px, 580px\" \/><\/figure>\n\n\n\n<p>Al finalizar esta pr\u00e1ctica formativa con los alumnos de hosteler\u00eda el resultado fue el esperado, ya que los alumnos de primeros cursos pudieron tomar partido en las elaboraciones de un servicio de restaurante con este, en el que los alumnos de segundos cursos.<\/p>\n\n\n\n<p>En cuanto a los alumnos y alumnas que colaboraron a este servicio entre 13 h y 14:30 h del jueves 24 marzo estuvieron encantados al finalizar el servicio de comedor, agradeciendo el detalle al finalizar sus estudios en la escuela de hosteler\u00eda de Valdepe\u00f1as a falta de completar las pr\u00e1cticas en empresas del sector.<\/p>\n","protected":false},"excerpt":{"rendered":"<p>Acabamos los servicios de restaurante en el IES Gregorio Prieto el mes de marzo dando un homenaje a nuestros alumnos y alumnas de segundos cursos de los grados de Direcci\u00f3n de cocina, Cocina y Gastronom\u00eda y Servicios en Restauraci\u00f3n que se van a las pr\u00e1cticas de empresa este curso 2021-2022, desde finales del mes de &hellip; <\/p>\n<p class=\"link-more\"><a href=\"https:\/\/somosdelprieto.com\/index.php\/2022\/04\/01\/servicio-restaurante-para-alumnado-hosteleria\/\" class=\"more-link\">Continuar leyendo<span class=\"screen-reader-text\"> \u00abServicio Restaurante para alumnado Hosteler\u00eda\u00bb<\/span><\/a><\/p>\n","protected":false},"author":23,"featured_media":9669,"comment_status":"closed","ping_status":"closed","sticky":false,"template":"","format":"standard","meta":{"footnotes":""},"categories":[22,33,1],"tags":[156,113,110,229],"class_list":["post-9643","post","type-post","status-publish","format-standard","has-post-thumbnail","hentry","category-agraria","category-hosteleria-y-turismo","category-noticias","tag-agraria","tag-cocina","tag-hosteleria","tag-restaurante"],"_links":{"self":[{"href":"https:\/\/somosdelprieto.com\/index.php\/wp-json\/wp\/v2\/posts\/9643","targetHints":{"allow":["GET"]}}],"collection":[{"href":"https:\/\/somosdelprieto.com\/index.php\/wp-json\/wp\/v2\/posts"}],"about":[{"href":"https:\/\/somosdelprieto.com\/index.php\/wp-json\/wp\/v2\/types\/post"}],"author":[{"embeddable":true,"href":"https:\/\/somosdelprieto.com\/index.php\/wp-json\/wp\/v2\/users\/23"}],"replies":[{"embeddable":true,"href":"https:\/\/somosdelprieto.com\/index.php\/wp-json\/wp\/v2\/comments?post=9643"}],"version-history":[{"count":15,"href":"https:\/\/somosdelprieto.com\/index.php\/wp-json\/wp\/v2\/posts\/9643\/revisions"}],"predecessor-version":[{"id":9678,"href":"https:\/\/somosdelprieto.com\/index.php\/wp-json\/wp\/v2\/posts\/9643\/revisions\/9678"}],"wp:featuredmedia":[{"embeddable":true,"href":"https:\/\/somosdelprieto.com\/index.php\/wp-json\/wp\/v2\/media\/9669"}],"wp:attachment":[{"href":"https:\/\/somosdelprieto.com\/index.php\/wp-json\/wp\/v2\/media?parent=9643"}],"wp:term":[{"taxonomy":"category","embeddable":true,"href":"https:\/\/somosdelprieto.com\/index.php\/wp-json\/wp\/v2\/categories?post=9643"},{"taxonomy":"post_tag","embeddable":true,"href":"https:\/\/somosdelprieto.com\/index.php\/wp-json\/wp\/v2\/tags?post=9643"}],"curies":[{"name":"wp","href":"https:\/\/api.w.org\/{rel}","templated":true}]}}