{"id":9300,"date":"2022-03-18T20:58:52","date_gmt":"2022-03-18T19:58:52","guid":{"rendered":"https:\/\/somosdelprieto.com\/?p=9300"},"modified":"2022-03-23T18:47:58","modified_gmt":"2022-03-23T17:47:58","slug":"st-patricks-day","status":"publish","type":"post","link":"https:\/\/somosdelprieto.com\/index.php\/2022\/03\/18\/st-patricks-day\/","title":{"rendered":"St Patrick\u00b4s Day"},"content":{"rendered":"\n<p>El Equipo British del IES Gregorio Prieto celebr\u00f3 ayer  con diversas actividades la festividad de St Patrick\u00b4s Day, desarrollando as\u00ed el curr\u00edculo integrado dentro de sus aulas.<\/p>\n\n\n\n<p>El alumnado de 1\u00baB1, por ejemplo , trabaj\u00f3 una presentaci\u00f3n interesant\u00edsima online sobre St. Patrick\u00b4s Day y luego  realiz\u00f3  diversas actividades pr\u00e1cticas para comprobar los conocimientos adquiridos.<\/p>\n\n\n\n<div class=\"wp-block-columns is-layout-flex wp-container-core-columns-is-layout-9d6595d7 wp-block-columns-is-layout-flex\">\n<div class=\"wp-block-column is-layout-flow wp-block-column-is-layout-flow\">\n<figure class=\"wp-block-image size-large\"><img loading=\"lazy\" decoding=\"async\" width=\"921\" height=\"701\" src=\"https:\/\/somosdelprieto.com\/wp-content\/uploads\/2022\/03\/1b2.png\" alt=\"\" class=\"wp-image-9301\" srcset=\"https:\/\/somosdelprieto.com\/wp-content\/uploads\/2022\/03\/1b2.png 921w, https:\/\/somosdelprieto.com\/wp-content\/uploads\/2022\/03\/1b2-300x228.png 300w, https:\/\/somosdelprieto.com\/wp-content\/uploads\/2022\/03\/1b2-768x585.png 768w\" sizes=\"auto, (max-width: 767px) 89vw, (max-width: 1000px) 54vw, (max-width: 1071px) 543px, 580px\" \/><\/figure>\n<\/div>\n\n\n\n<div class=\"wp-block-column is-layout-flow wp-block-column-is-layout-flow\">\n<figure class=\"wp-block-image size-large\"><img loading=\"lazy\" decoding=\"async\" width=\"965\" height=\"561\" src=\"https:\/\/somosdelprieto.com\/wp-content\/uploads\/2022\/03\/1b22.png\" alt=\"\" class=\"wp-image-9302\" srcset=\"https:\/\/somosdelprieto.com\/wp-content\/uploads\/2022\/03\/1b22.png 965w, https:\/\/somosdelprieto.com\/wp-content\/uploads\/2022\/03\/1b22-300x174.png 300w, https:\/\/somosdelprieto.com\/wp-content\/uploads\/2022\/03\/1b22-768x446.png 768w\" sizes=\"auto, (max-width: 767px) 89vw, (max-width: 1000px) 54vw, (max-width: 1071px) 543px, 580px\" \/><\/figure>\n<\/div>\n<\/div>\n\n\n\n<p>El alumnado de 1\u00ba B2, junto a Ariana, nuestra Auxiliar Ling\u00fc\u00edstica, trabaj\u00f3 distintos aspectos relacionados con Saint Patrick, su historia, la festividad, curiosidades, idioms para luego poder llevar a cabo la  actividad que el Departamento de Educaci\u00f3n F\u00edsica tiene preparada: A Treasure Hunt. Esta actividad se llevar\u00e1 a cabo la semana que viene si las condiciones atmosf\u00e9ricas lo permiten con 1\u00ba de la ESO y  2\u00ba de la ESO y podremos disfrutar de im\u00e1genes de ella aqu\u00ed tambi\u00e9n.<\/p>\n\n\n\n<div class=\"wp-block-columns is-layout-flex wp-container-core-columns-is-layout-9d6595d7 wp-block-columns-is-layout-flex\">\n<div class=\"wp-block-column is-layout-flow wp-block-column-is-layout-flow\">\n<figure class=\"wp-block-image size-large\"><img loading=\"lazy\" decoding=\"async\" width=\"1024\" height=\"768\" src=\"https:\/\/somosdelprieto.com\/wp-content\/uploads\/2022\/03\/IMG-20220318-WA0035-1024x768.jpg\" alt=\"\" class=\"wp-image-9357\" srcset=\"https:\/\/somosdelprieto.com\/wp-content\/uploads\/2022\/03\/IMG-20220318-WA0035-1024x768.jpg 1024w, https:\/\/somosdelprieto.com\/wp-content\/uploads\/2022\/03\/IMG-20220318-WA0035-300x225.jpg 300w, https:\/\/somosdelprieto.com\/wp-content\/uploads\/2022\/03\/IMG-20220318-WA0035-768x576.jpg 768w, https:\/\/somosdelprieto.com\/wp-content\/uploads\/2022\/03\/IMG-20220318-WA0035-1536x1152.jpg 1536w, https:\/\/somosdelprieto.com\/wp-content\/uploads\/2022\/03\/IMG-20220318-WA0035.jpg 2048w\" sizes=\"auto, (max-width: 767px) 89vw, (max-width: 1000px) 54vw, (max-width: 1071px) 543px, 580px\" \/><\/figure>\n<\/div>\n\n\n\n<div class=\"wp-block-column is-layout-flow wp-block-column-is-layout-flow\">\n<figure class=\"wp-block-image size-large\"><img loading=\"lazy\" decoding=\"async\" width=\"1024\" height=\"768\" src=\"https:\/\/somosdelprieto.com\/wp-content\/uploads\/2022\/03\/IMG-20220318-WA0034-1024x768.jpg\" alt=\"\" class=\"wp-image-9358\" srcset=\"https:\/\/somosdelprieto.com\/wp-content\/uploads\/2022\/03\/IMG-20220318-WA0034-1024x768.jpg 1024w, https:\/\/somosdelprieto.com\/wp-content\/uploads\/2022\/03\/IMG-20220318-WA0034-300x225.jpg 300w, https:\/\/somosdelprieto.com\/wp-content\/uploads\/2022\/03\/IMG-20220318-WA0034-768x576.jpg 768w, https:\/\/somosdelprieto.com\/wp-content\/uploads\/2022\/03\/IMG-20220318-WA0034-1536x1152.jpg 1536w, https:\/\/somosdelprieto.com\/wp-content\/uploads\/2022\/03\/IMG-20220318-WA0034.jpg 2048w\" sizes=\"auto, (max-width: 767px) 89vw, (max-width: 1000px) 54vw, (max-width: 1071px) 543px, 580px\" \/><\/figure>\n<\/div>\n<\/div>\n\n\n\n<div class=\"wp-block-columns is-layout-flex wp-container-core-columns-is-layout-9d6595d7 wp-block-columns-is-layout-flex\">\n<div class=\"wp-block-column is-layout-flow wp-block-column-is-layout-flow\">\n<figure class=\"wp-block-image size-large is-resized\"><img loading=\"lazy\" decoding=\"async\" src=\"https:\/\/somosdelprieto.com\/wp-content\/uploads\/2022\/03\/WhatsApp-Image-2022-03-23-at-12.07.57-1024x768.jpeg\" alt=\"\" class=\"wp-image-9492\" width=\"231\" height=\"173\" srcset=\"https:\/\/somosdelprieto.com\/wp-content\/uploads\/2022\/03\/WhatsApp-Image-2022-03-23-at-12.07.57-1024x768.jpeg 1024w, https:\/\/somosdelprieto.com\/wp-content\/uploads\/2022\/03\/WhatsApp-Image-2022-03-23-at-12.07.57-300x225.jpeg 300w, https:\/\/somosdelprieto.com\/wp-content\/uploads\/2022\/03\/WhatsApp-Image-2022-03-23-at-12.07.57-768x576.jpeg 768w, https:\/\/somosdelprieto.com\/wp-content\/uploads\/2022\/03\/WhatsApp-Image-2022-03-23-at-12.07.57-1536x1153.jpeg 1536w, https:\/\/somosdelprieto.com\/wp-content\/uploads\/2022\/03\/WhatsApp-Image-2022-03-23-at-12.07.57.jpeg 1599w\" sizes=\"auto, (max-width: 231px) 100vw, 231px\" \/><\/figure>\n<\/div>\n\n\n\n<div class=\"wp-block-column is-layout-flow wp-block-column-is-layout-flow\">\n<figure class=\"wp-block-image size-large is-resized\"><img loading=\"lazy\" decoding=\"async\" src=\"https:\/\/somosdelprieto.com\/wp-content\/uploads\/2022\/03\/WhatsApp-Image-2022-03-23-at-12.07.58-3-1024x768.jpeg\" alt=\"\" class=\"wp-image-9495\" width=\"231\" height=\"173\" srcset=\"https:\/\/somosdelprieto.com\/wp-content\/uploads\/2022\/03\/WhatsApp-Image-2022-03-23-at-12.07.58-3-1024x768.jpeg 1024w, https:\/\/somosdelprieto.com\/wp-content\/uploads\/2022\/03\/WhatsApp-Image-2022-03-23-at-12.07.58-3-300x225.jpeg 300w, https:\/\/somosdelprieto.com\/wp-content\/uploads\/2022\/03\/WhatsApp-Image-2022-03-23-at-12.07.58-3-768x576.jpeg 768w, https:\/\/somosdelprieto.com\/wp-content\/uploads\/2022\/03\/WhatsApp-Image-2022-03-23-at-12.07.58-3-1536x1153.jpeg 1536w, https:\/\/somosdelprieto.com\/wp-content\/uploads\/2022\/03\/WhatsApp-Image-2022-03-23-at-12.07.58-3.jpeg 1599w\" sizes=\"auto, (max-width: 231px) 100vw, 231px\" \/><\/figure>\n<\/div>\n\n\n\n<div class=\"wp-block-column is-layout-flow wp-block-column-is-layout-flow\">\n<figure class=\"wp-block-image size-large is-resized\"><img loading=\"lazy\" decoding=\"async\" src=\"https:\/\/somosdelprieto.com\/wp-content\/uploads\/2022\/03\/WhatsApp-Image-2022-03-23-at-12.07.58-1-1024x768.jpeg\" alt=\"\" class=\"wp-image-9494\" width=\"236\" height=\"177\" srcset=\"https:\/\/somosdelprieto.com\/wp-content\/uploads\/2022\/03\/WhatsApp-Image-2022-03-23-at-12.07.58-1-1024x768.jpeg 1024w, https:\/\/somosdelprieto.com\/wp-content\/uploads\/2022\/03\/WhatsApp-Image-2022-03-23-at-12.07.58-1-300x225.jpeg 300w, https:\/\/somosdelprieto.com\/wp-content\/uploads\/2022\/03\/WhatsApp-Image-2022-03-23-at-12.07.58-1-768x576.jpeg 768w, https:\/\/somosdelprieto.com\/wp-content\/uploads\/2022\/03\/WhatsApp-Image-2022-03-23-at-12.07.58-1-1536x1153.jpeg 1536w, https:\/\/somosdelprieto.com\/wp-content\/uploads\/2022\/03\/WhatsApp-Image-2022-03-23-at-12.07.58-1.jpeg 1599w\" sizes=\"auto, (max-width: 236px) 100vw, 236px\" \/><\/figure>\n<\/div>\n<\/div>\n\n\n\n<p>El alumnado de 2\u00ba B1 ha trabajado diversos aspectos sobre St Patrick y su festividad con el fin de  pasar  luego a dise\u00f1ar un mural de manera colaborativa utilizando con los iconos m\u00e1s significativos de Irlanda. Esta actividad de 2\u00ba est\u00e1 unida a la dise\u00f1ada  en colaboraci\u00f3n con el Departamento de Educaci\u00f3n Pl\u00e1stica y Visual para 4\u00ba de la ESO sobre reciclado y decoraci\u00f3n . Todo el alumnado involucrado en la realizaci\u00f3n de estos murales,  utilizar\u00e1  por ejemplo tableros y tapones reciclados para decorar el IES y as\u00ed tomar conciencia sobre c\u00f3mo poder reutilizar y embellecer a la vez.<\/p>\n\n\n\n<div class=\"wp-block-columns is-layout-flex wp-container-core-columns-is-layout-9d6595d7 wp-block-columns-is-layout-flex\">\n<div class=\"wp-block-column is-layout-flow wp-block-column-is-layout-flow\">\n<figure class=\"wp-block-image size-large\"><img loading=\"lazy\" decoding=\"async\" width=\"1024\" height=\"768\" src=\"https:\/\/somosdelprieto.com\/wp-content\/uploads\/2022\/03\/IMG_20220316_145647-1024x768.jpg\" alt=\"\" class=\"wp-image-9332\" srcset=\"https:\/\/somosdelprieto.com\/wp-content\/uploads\/2022\/03\/IMG_20220316_145647-1024x768.jpg 1024w, https:\/\/somosdelprieto.com\/wp-content\/uploads\/2022\/03\/IMG_20220316_145647-300x225.jpg 300w, https:\/\/somosdelprieto.com\/wp-content\/uploads\/2022\/03\/IMG_20220316_145647-768x576.jpg 768w, https:\/\/somosdelprieto.com\/wp-content\/uploads\/2022\/03\/IMG_20220316_145647-1536x1152.jpg 1536w, https:\/\/somosdelprieto.com\/wp-content\/uploads\/2022\/03\/IMG_20220316_145647-2048x1536.jpg 2048w\" sizes=\"auto, (max-width: 767px) 89vw, (max-width: 1000px) 54vw, (max-width: 1071px) 543px, 580px\" \/><\/figure>\n<\/div>\n\n\n\n<div class=\"wp-block-column is-layout-flow wp-block-column-is-layout-flow\">\n<figure class=\"wp-block-image size-large\"><img loading=\"lazy\" decoding=\"async\" width=\"1024\" height=\"768\" src=\"https:\/\/somosdelprieto.com\/wp-content\/uploads\/2022\/03\/IMG-20220317-WA0000-1024x768.jpeg\" alt=\"\" class=\"wp-image-9336\" srcset=\"https:\/\/somosdelprieto.com\/wp-content\/uploads\/2022\/03\/IMG-20220317-WA0000-1024x768.jpeg 1024w, https:\/\/somosdelprieto.com\/wp-content\/uploads\/2022\/03\/IMG-20220317-WA0000-300x225.jpeg 300w, https:\/\/somosdelprieto.com\/wp-content\/uploads\/2022\/03\/IMG-20220317-WA0000-768x576.jpeg 768w, https:\/\/somosdelprieto.com\/wp-content\/uploads\/2022\/03\/IMG-20220317-WA0000-1536x1152.jpeg 1536w, https:\/\/somosdelprieto.com\/wp-content\/uploads\/2022\/03\/IMG-20220317-WA0000-2048x1536.jpeg 2048w\" sizes=\"auto, (max-width: 767px) 89vw, (max-width: 1000px) 54vw, (max-width: 1071px) 543px, 580px\" \/><\/figure>\n<\/div>\n\n\n\n<div class=\"wp-block-column is-layout-flow wp-block-column-is-layout-flow\">\n<figure class=\"wp-block-image size-large\"><img loading=\"lazy\" decoding=\"async\" width=\"1024\" height=\"768\" src=\"https:\/\/somosdelprieto.com\/wp-content\/uploads\/2022\/03\/IMG_20220316_143153-1024x768.jpg\" alt=\"\" class=\"wp-image-9335\" srcset=\"https:\/\/somosdelprieto.com\/wp-content\/uploads\/2022\/03\/IMG_20220316_143153-1024x768.jpg 1024w, https:\/\/somosdelprieto.com\/wp-content\/uploads\/2022\/03\/IMG_20220316_143153-300x225.jpg 300w, https:\/\/somosdelprieto.com\/wp-content\/uploads\/2022\/03\/IMG_20220316_143153-768x576.jpg 768w, https:\/\/somosdelprieto.com\/wp-content\/uploads\/2022\/03\/IMG_20220316_143153-1536x1152.jpg 1536w, https:\/\/somosdelprieto.com\/wp-content\/uploads\/2022\/03\/IMG_20220316_143153-2048x1536.jpg 2048w\" sizes=\"auto, (max-width: 767px) 89vw, (max-width: 1000px) 54vw, (max-width: 1071px) 543px, 580px\" \/><\/figure>\n<\/div>\n<\/div>\n\n\n\n<p>El curso de 2\u00ba B2 trabaj\u00f3  con dispositivos m\u00f3viles la actividad a trav\u00e9s de una fabulosa Escape Room su St Patrick\u00b4s Day, como se puede ver en estas fotos que aqu\u00ed compartimos.<\/p>\n\n\n\n<div class=\"wp-block-columns is-layout-flex wp-container-core-columns-is-layout-9d6595d7 wp-block-columns-is-layout-flex\">\n<div class=\"wp-block-column is-layout-flow wp-block-column-is-layout-flow\">\n<figure class=\"wp-block-image size-large is-resized\"><img loading=\"lazy\" decoding=\"async\" src=\"https:\/\/somosdelprieto.com\/wp-content\/uploads\/2022\/03\/IMG-20220318-WA0007-768x1024.jpg\" alt=\"\" class=\"wp-image-9338\" width=\"144\" height=\"191\" srcset=\"https:\/\/somosdelprieto.com\/wp-content\/uploads\/2022\/03\/IMG-20220318-WA0007-768x1024.jpg 768w, https:\/\/somosdelprieto.com\/wp-content\/uploads\/2022\/03\/IMG-20220318-WA0007-225x300.jpg 225w, https:\/\/somosdelprieto.com\/wp-content\/uploads\/2022\/03\/IMG-20220318-WA0007-1152x1536.jpg 1152w, https:\/\/somosdelprieto.com\/wp-content\/uploads\/2022\/03\/IMG-20220318-WA0007.jpg 1500w\" sizes=\"auto, (max-width: 144px) 100vw, 144px\" \/><\/figure>\n<\/div>\n\n\n\n<div class=\"wp-block-column is-layout-flow wp-block-column-is-layout-flow\">\n<figure class=\"wp-block-image size-large\"><img loading=\"lazy\" decoding=\"async\" width=\"1024\" height=\"768\" src=\"https:\/\/somosdelprieto.com\/wp-content\/uploads\/2022\/03\/IMG-20220318-WA0008-1024x768.jpg\" alt=\"\" class=\"wp-image-9337\" srcset=\"https:\/\/somosdelprieto.com\/wp-content\/uploads\/2022\/03\/IMG-20220318-WA0008-1024x768.jpg 1024w, https:\/\/somosdelprieto.com\/wp-content\/uploads\/2022\/03\/IMG-20220318-WA0008-300x225.jpg 300w, https:\/\/somosdelprieto.com\/wp-content\/uploads\/2022\/03\/IMG-20220318-WA0008-768x576.jpg 768w, https:\/\/somosdelprieto.com\/wp-content\/uploads\/2022\/03\/IMG-20220318-WA0008-1536x1152.jpg 1536w, https:\/\/somosdelprieto.com\/wp-content\/uploads\/2022\/03\/IMG-20220318-WA0008.jpg 2000w\" sizes=\"auto, (max-width: 767px) 89vw, (max-width: 1000px) 54vw, (max-width: 1071px) 543px, 580px\" \/><\/figure>\n<\/div>\n\n\n\n<div class=\"wp-block-column is-layout-flow wp-block-column-is-layout-flow\">\n<figure class=\"wp-block-image size-large is-resized\"><img loading=\"lazy\" decoding=\"async\" src=\"https:\/\/somosdelprieto.com\/wp-content\/uploads\/2022\/03\/IMG-20220318-WA0006-768x1024.jpg\" alt=\"\" class=\"wp-image-9339\" width=\"131\" height=\"174\" srcset=\"https:\/\/somosdelprieto.com\/wp-content\/uploads\/2022\/03\/IMG-20220318-WA0006-768x1024.jpg 768w, https:\/\/somosdelprieto.com\/wp-content\/uploads\/2022\/03\/IMG-20220318-WA0006-225x300.jpg 225w, https:\/\/somosdelprieto.com\/wp-content\/uploads\/2022\/03\/IMG-20220318-WA0006-1152x1536.jpg 1152w, https:\/\/somosdelprieto.com\/wp-content\/uploads\/2022\/03\/IMG-20220318-WA0006.jpg 1500w\" sizes=\"auto, (max-width: 131px) 100vw, 131px\" \/><\/figure>\n<\/div>\n<\/div>\n\n\n\n<p>Para finalizar, en la materia M\u00fasica, unido al proyecto STEAM de decoraci\u00f3n y cultura que se est\u00e1 llevando a cabo por parte del Dep. de Ingl\u00e9s ,Educaci\u00f3n Pl\u00e1stica y Visual y M\u00fasica, este departamento comenzado a trabajar las partituras de los distintos grupos musicales irlandeses, que luego servir\u00e1n como base para dicho proyecto STEAM.<\/p>\n\n\n\n<figure class=\"wp-block-image size-large is-style-rounded\"><img loading=\"lazy\" decoding=\"async\" width=\"1024\" height=\"576\" src=\"https:\/\/somosdelprieto.com\/wp-content\/uploads\/2022\/03\/st-patricks-day-gbc5b9f436_1280-1024x576.png\" alt=\"\" class=\"wp-image-9342\" srcset=\"https:\/\/somosdelprieto.com\/wp-content\/uploads\/2022\/03\/st-patricks-day-gbc5b9f436_1280-1024x576.png 1024w, https:\/\/somosdelprieto.com\/wp-content\/uploads\/2022\/03\/st-patricks-day-gbc5b9f436_1280-300x169.png 300w, https:\/\/somosdelprieto.com\/wp-content\/uploads\/2022\/03\/st-patricks-day-gbc5b9f436_1280-768x432.png 768w, https:\/\/somosdelprieto.com\/wp-content\/uploads\/2022\/03\/st-patricks-day-gbc5b9f436_1280.png 1280w\" sizes=\"auto, (max-width: 767px) 89vw, (max-width: 1000px) 54vw, (max-width: 1071px) 543px, 580px\" \/><\/figure>\n","protected":false},"excerpt":{"rendered":"<p>El Equipo British del IES Gregorio Prieto celebr\u00f3 ayer con diversas actividades la festividad de St Patrick\u00b4s Day, desarrollando as\u00ed el curr\u00edculo integrado dentro de sus aulas. El alumnado de 1\u00baB1, por ejemplo , trabaj\u00f3 una presentaci\u00f3n interesant\u00edsima online sobre St. Patrick\u00b4s Day y luego realiz\u00f3 diversas actividades pr\u00e1cticas para comprobar los conocimientos adquiridos. El &hellip; <\/p>\n<p class=\"link-more\"><a href=\"https:\/\/somosdelprieto.com\/index.php\/2022\/03\/18\/st-patricks-day\/\" class=\"more-link\">Continuar leyendo<span class=\"screen-reader-text\"> \u00abSt Patrick\u00b4s Day\u00bb<\/span><\/a><\/p>\n","protected":false},"author":46,"featured_media":1746,"comment_status":"closed","ping_status":"closed","sticky":false,"template":"","format":"standard","meta":{"footnotes":""},"categories":[23,24,6,26,32,36,39,1,101,66,42],"tags":[117,125,120,118,90,93,92,205],"class_list":["post-9300","post","type-post","status-publish","format-standard","has-post-thumbnail","hentry","category-artes-plasticas","category-biologia-y-geologia","category-british","category-educacion-fisica","category-geografia-e-historia","category-ingles","category-musica","category-noticias","category-proyecto-escolar-saludable","category-steam","category-tecnologia","tag-biologia","tag-british","tag-educacion-plastica-y-visual","tag-geografia-e-historia","tag-ingles","tag-musica","tag-steam","tag-tecnologia"],"_links":{"self":[{"href":"https:\/\/somosdelprieto.com\/index.php\/wp-json\/wp\/v2\/posts\/9300","targetHints":{"allow":["GET"]}}],"collection":[{"href":"https:\/\/somosdelprieto.com\/index.php\/wp-json\/wp\/v2\/posts"}],"about":[{"href":"https:\/\/somosdelprieto.com\/index.php\/wp-json\/wp\/v2\/types\/post"}],"author":[{"embeddable":true,"href":"https:\/\/somosdelprieto.com\/index.php\/wp-json\/wp\/v2\/users\/46"}],"replies":[{"embeddable":true,"href":"https:\/\/somosdelprieto.com\/index.php\/wp-json\/wp\/v2\/comments?post=9300"}],"version-history":[{"count":14,"href":"https:\/\/somosdelprieto.com\/index.php\/wp-json\/wp\/v2\/posts\/9300\/revisions"}],"predecessor-version":[{"id":9493,"href":"https:\/\/somosdelprieto.com\/index.php\/wp-json\/wp\/v2\/posts\/9300\/revisions\/9493"}],"wp:featuredmedia":[{"embeddable":true,"href":"https:\/\/somosdelprieto.com\/index.php\/wp-json\/wp\/v2\/media\/1746"}],"wp:attachment":[{"href":"https:\/\/somosdelprieto.com\/index.php\/wp-json\/wp\/v2\/media?parent=9300"}],"wp:term":[{"taxonomy":"category","embeddable":true,"href":"https:\/\/somosdelprieto.com\/index.php\/wp-json\/wp\/v2\/categories?post=9300"},{"taxonomy":"post_tag","embeddable":true,"href":"https:\/\/somosdelprieto.com\/index.php\/wp-json\/wp\/v2\/tags?post=9300"}],"curies":[{"name":"wp","href":"https:\/\/api.w.org\/{rel}","templated":true}]}}