{"id":916,"date":"2020-05-21T08:36:35","date_gmt":"2020-05-21T06:36:35","guid":{"rendered":"https:\/\/somosdelprieto.com\/?p=916"},"modified":"2020-11-28T14:16:51","modified_gmt":"2020-11-28T13:16:51","slug":"convocatoria-admisicion-ciclos-formativos-de-formacion-profesional-basica","status":"publish","type":"post","link":"https:\/\/somosdelprieto.com\/index.php\/2020\/05\/21\/convocatoria-admisicion-ciclos-formativos-de-formacion-profesional-basica\/","title":{"rendered":"CONVOCATORIA ADMISI\u00d3N CICLOS FORMATIVOS DE FORMACI\u00d3N PROFESIONAL B\u00c1SICA"},"content":{"rendered":"\n<div class=\"wp-block-image\"><figure class=\"aligncenter size-large is-resized\"><img loading=\"lazy\" decoding=\"async\" src=\"https:\/\/somosdelprieto.com\/wp-content\/uploads\/2020\/05\/Captura-6-1.png\" alt=\"\" class=\"wp-image-919\" width=\"212\" height=\"208\" srcset=\"https:\/\/somosdelprieto.com\/wp-content\/uploads\/2020\/05\/Captura-6-1.png 643w, https:\/\/somosdelprieto.com\/wp-content\/uploads\/2020\/05\/Captura-6-1-300x293.png 300w\" sizes=\"auto, (max-width: 212px) 100vw, 212px\" \/><figcaption>Admisi\u00f3n ciclos formativos de Formaci\u00f3n Profesional B\u00e1sica<\/figcaption><\/figure><\/div>\n\n\n\n<p>Se ha publicado la <a rel=\"noreferrer noopener\" href=\"https:\/\/docm.castillalamancha.es\/portaldocm\/descargarArchivo.do?ruta=2020\/05\/20\/pdf\/2020_3033.pdf&amp;tipo=rutaDocm\" target=\"_blank\">Resoluci\u00f3n de 14\/05\/2020, de la Direcci\u00f3n General de Formaci\u00f3n Profesional, por la que se publica la convocatoria de admisi\u00f3n de alumnado para el curso 2020\/2021 en los ciclos de Formaci\u00f3n Profesional B\u00e1sica, en centros docentes de Castilla-La Mancha sostenidos con fondos p\u00fablicos, y se especifican los plazos para el procedimiento de admisi\u00f3n a estas ense\u00f1anzas.<\/a><\/p>\n\n\n\n<!--more-->\n\n\n\n<p><br><strong>IMPORTANTE:<\/strong><br><strong>La tramitaci\u00f3n se realizar\u00e1 preferentemente de forma telem\u00e1tica a trav\u00e9s de la Secretar\u00eda Virtual de Papas 2.0, pero si no dispone de los medios necesarios o le surge alguna dificultad que le impida hacerlo por esta v\u00eda, contacte telefonicamente con el centro para solucionar su caso: 926321903 (EXTENSI\u00d3N 2 &#8211; TR\u00c1MITES DE SECRETAR\u00cdA)<a href=\"https:\/\/sites.google.com\/a\/iesgregorioprieto.com\/web\/noticias\/_draft_post-24\/Captura%206.PNG\"><\/a><\/strong><\/p>\n\n\n\n<figure class=\"wp-block-image size-large\"><img loading=\"lazy\" decoding=\"async\" width=\"974\" height=\"618\" src=\"https:\/\/somosdelprieto.com\/wp-content\/uploads\/2020\/05\/Captura-6.png\" alt=\"\" class=\"wp-image-917\" srcset=\"https:\/\/somosdelprieto.com\/wp-content\/uploads\/2020\/05\/Captura-6.png 974w, https:\/\/somosdelprieto.com\/wp-content\/uploads\/2020\/05\/Captura-6-300x190.png 300w, https:\/\/somosdelprieto.com\/wp-content\/uploads\/2020\/05\/Captura-6-768x487.png 768w\" sizes=\"auto, (max-width: 767px) 89vw, (max-width: 1000px) 54vw, (max-width: 1071px) 543px, 580px\" \/><\/figure>\n","protected":false},"excerpt":{"rendered":"<p>Se ha publicado la Resoluci\u00f3n de 14\/05\/2020, de la Direcci\u00f3n General de Formaci\u00f3n Profesional, por la que se publica la convocatoria de admisi\u00f3n de alumnado para el curso 2020\/2021 en los ciclos de Formaci\u00f3n Profesional B\u00e1sica, en centros docentes de Castilla-La Mancha sostenidos con fondos p\u00fablicos, y se especifican los plazos para el procedimiento de &hellip; <\/p>\n<p class=\"link-more\"><a href=\"https:\/\/somosdelprieto.com\/index.php\/2020\/05\/21\/convocatoria-admisicion-ciclos-formativos-de-formacion-profesional-basica\/\" class=\"more-link\">Continuar leyendo<span class=\"screen-reader-text\"> \u00abCONVOCATORIA ADMISI\u00d3N CICLOS FORMATIVOS DE FORMACI\u00d3N PROFESIONAL B\u00c1SICA\u00bb<\/span><\/a><\/p>\n","protected":false},"author":4,"featured_media":0,"comment_status":"closed","ping_status":"closed","sticky":false,"template":"","format":"standard","meta":{"footnotes":""},"categories":[8,27,33,47,43],"tags":[],"class_list":["post-916","post","type-post","status-publish","format-standard","hentry","category-comercio","category-electricidad-y-electronica","category-hosteleria-y-turismo","category-secretaria","category-transporte-y-mantenimiento-de-vehiculos"],"_links":{"self":[{"href":"https:\/\/somosdelprieto.com\/index.php\/wp-json\/wp\/v2\/posts\/916","targetHints":{"allow":["GET"]}}],"collection":[{"href":"https:\/\/somosdelprieto.com\/index.php\/wp-json\/wp\/v2\/posts"}],"about":[{"href":"https:\/\/somosdelprieto.com\/index.php\/wp-json\/wp\/v2\/types\/post"}],"author":[{"embeddable":true,"href":"https:\/\/somosdelprieto.com\/index.php\/wp-json\/wp\/v2\/users\/4"}],"replies":[{"embeddable":true,"href":"https:\/\/somosdelprieto.com\/index.php\/wp-json\/wp\/v2\/comments?post=916"}],"version-history":[{"count":4,"href":"https:\/\/somosdelprieto.com\/index.php\/wp-json\/wp\/v2\/posts\/916\/revisions"}],"predecessor-version":[{"id":1128,"href":"https:\/\/somosdelprieto.com\/index.php\/wp-json\/wp\/v2\/posts\/916\/revisions\/1128"}],"wp:attachment":[{"href":"https:\/\/somosdelprieto.com\/index.php\/wp-json\/wp\/v2\/media?parent=916"}],"wp:term":[{"taxonomy":"category","embeddable":true,"href":"https:\/\/somosdelprieto.com\/index.php\/wp-json\/wp\/v2\/categories?post=916"},{"taxonomy":"post_tag","embeddable":true,"href":"https:\/\/somosdelprieto.com\/index.php\/wp-json\/wp\/v2\/tags?post=916"}],"curies":[{"name":"wp","href":"https:\/\/api.w.org\/{rel}","templated":true}]}}