{"id":9050,"date":"2022-02-26T07:05:04","date_gmt":"2022-02-26T06:05:04","guid":{"rendered":"https:\/\/somosdelprieto.com\/?p=9050"},"modified":"2022-03-28T09:11:45","modified_gmt":"2022-03-28T07:11:45","slug":"analogos-del-sistema-solar-en-la-tierra","status":"publish","type":"post","link":"https:\/\/somosdelprieto.com\/index.php\/2022\/02\/26\/analogos-del-sistema-solar-en-la-tierra\/","title":{"rendered":"AN\u00c1LOGOS DEL SISTEMA SOLAR EN LA TIERRA"},"content":{"rendered":"\n<p>Tras la pandemia, retomamos el ciclo de charlas \u00abEl viernes con la Ciencia\u00bb. En esta ocasi\u00f3n, la charla  fue impartida por D. Jes\u00fas Mart\u00ednez Fr\u00edas del Instituto de Geociencias y se titul\u00f3 \u00abAn\u00e1logos del sistema solar en la Tierra\u00bb. Asisti\u00f3 alumnado de 4\u00ba de ESO de nuestro centro.<\/p>\n\n\n\n<p>Nuestro agradecimiento a la Asociaci\u00f3n \u00abQuixote Innovation\u00bb.<\/p>\n\n\n\n<figure class=\"wp-block-image size-large\"><img loading=\"lazy\" decoding=\"async\" width=\"1024\" height=\"768\" src=\"https:\/\/somosdelprieto.com\/wp-content\/uploads\/2022\/02\/WhatsApp-Image-2022-02-26-at-06.59.10-1024x768.jpeg\" alt=\"\" class=\"wp-image-9051\" srcset=\"https:\/\/somosdelprieto.com\/wp-content\/uploads\/2022\/02\/WhatsApp-Image-2022-02-26-at-06.59.10-1024x768.jpeg 1024w, https:\/\/somosdelprieto.com\/wp-content\/uploads\/2022\/02\/WhatsApp-Image-2022-02-26-at-06.59.10-300x225.jpeg 300w, https:\/\/somosdelprieto.com\/wp-content\/uploads\/2022\/02\/WhatsApp-Image-2022-02-26-at-06.59.10-768x576.jpeg 768w, https:\/\/somosdelprieto.com\/wp-content\/uploads\/2022\/02\/WhatsApp-Image-2022-02-26-at-06.59.10-1536x1152.jpeg 1536w, https:\/\/somosdelprieto.com\/wp-content\/uploads\/2022\/02\/WhatsApp-Image-2022-02-26-at-06.59.10.jpeg 2048w\" sizes=\"auto, (max-width: 767px) 89vw, (max-width: 1000px) 54vw, (max-width: 1071px) 543px, 580px\" \/><\/figure>\n\n\n\n<iframe loading=\"lazy\" width=\"560\" height=\"315\" src=\"https:\/\/www.youtube.com\/embed\/bUd3-JLTqnk\" title=\"YouTube video player\" frameborder=\"0\" allow=\"accelerometer; autoplay; clipboard-write; encrypted-media; gyroscope; picture-in-picture\" allowfullscreen><\/iframe>\n\n\n\n<p><\/p>\n","protected":false},"excerpt":{"rendered":"<p>Tras la pandemia, retomamos el ciclo de charlas \u00abEl viernes con la Ciencia\u00bb. En esta ocasi\u00f3n, la charla fue impartida por D. Jes\u00fas Mart\u00ednez Fr\u00edas del Instituto de Geociencias y se titul\u00f3 \u00abAn\u00e1logos del sistema solar en la Tierra\u00bb. Asisti\u00f3 alumnado de 4\u00ba de ESO de nuestro centro. Nuestro agradecimiento a la Asociaci\u00f3n \u00abQuixote Innovation\u00bb.<\/p>\n","protected":false},"author":4,"featured_media":9052,"comment_status":"closed","ping_status":"closed","sticky":false,"template":"","format":"standard","meta":{"footnotes":""},"categories":[62,1],"tags":[228,108,227],"class_list":["post-9050","post","type-post","status-publish","format-standard","has-post-thumbnail","hentry","category-innovacion","category-noticias","tag-ciencias","tag-innovacion","tag-quixote-innovation"],"_links":{"self":[{"href":"https:\/\/somosdelprieto.com\/index.php\/wp-json\/wp\/v2\/posts\/9050","targetHints":{"allow":["GET"]}}],"collection":[{"href":"https:\/\/somosdelprieto.com\/index.php\/wp-json\/wp\/v2\/posts"}],"about":[{"href":"https:\/\/somosdelprieto.com\/index.php\/wp-json\/wp\/v2\/types\/post"}],"author":[{"embeddable":true,"href":"https:\/\/somosdelprieto.com\/index.php\/wp-json\/wp\/v2\/users\/4"}],"replies":[{"embeddable":true,"href":"https:\/\/somosdelprieto.com\/index.php\/wp-json\/wp\/v2\/comments?post=9050"}],"version-history":[{"count":3,"href":"https:\/\/somosdelprieto.com\/index.php\/wp-json\/wp\/v2\/posts\/9050\/revisions"}],"predecessor-version":[{"id":9581,"href":"https:\/\/somosdelprieto.com\/index.php\/wp-json\/wp\/v2\/posts\/9050\/revisions\/9581"}],"wp:featuredmedia":[{"embeddable":true,"href":"https:\/\/somosdelprieto.com\/index.php\/wp-json\/wp\/v2\/media\/9052"}],"wp:attachment":[{"href":"https:\/\/somosdelprieto.com\/index.php\/wp-json\/wp\/v2\/media?parent=9050"}],"wp:term":[{"taxonomy":"category","embeddable":true,"href":"https:\/\/somosdelprieto.com\/index.php\/wp-json\/wp\/v2\/categories?post=9050"},{"taxonomy":"post_tag","embeddable":true,"href":"https:\/\/somosdelprieto.com\/index.php\/wp-json\/wp\/v2\/tags?post=9050"}],"curies":[{"name":"wp","href":"https:\/\/api.w.org\/{rel}","templated":true}]}}