{"id":8858,"date":"2022-02-03T11:34:24","date_gmt":"2022-02-03T10:34:24","guid":{"rendered":"https:\/\/somosdelprieto.com\/?p=8858"},"modified":"2022-02-14T10:07:19","modified_gmt":"2022-02-14T09:07:19","slug":"comentamos-el-dia-de-puertas-abiertas-en-el-prieto","status":"publish","type":"post","link":"https:\/\/somosdelprieto.com\/index.php\/2022\/02\/03\/comentamos-el-dia-de-puertas-abiertas-en-el-prieto\/","title":{"rendered":"Comentamos el \u00abD\u00eda de puertas abiertas\u00bb en el Prieto."},"content":{"rendered":"\n<p>Presentamos aqu\u00ed las impresiones de nuestro alumnado sobre este d\u00eda:<\/p>\n\n\n\n<p>\u00abPasaron a conocer las aulas cuatro grupos de padres, madres, ni\u00f1os y ni\u00f1as y les explicamos nuestras primeras impresiones sobre el instituto y nuestra participaci\u00f3n en Proyectos como el Proyecto Escolar Saludable. Estuvo muy bien el d\u00eda, pero acab\u00e9 muy cansada.\u00bb <\/p>\n\n\n\n<p>\u00abA m\u00ed me result\u00f3 muy divertido e interesante, ya que pudimos ense\u00f1ar nuestra visi\u00f3n y experiencia en el instituto. Espero que les gustara y que vengan muchos ni\u00f1os y ni\u00f1as a nuestro instituto.\u00bb<\/p>\n\n\n\n<p>\u00abEl d\u00eda de las puertas abiertas hubo mucha gente. Se dividieron en grupos que  se repartieron en varios espacios del instituto. La gente parec\u00eda muy interesada y hac\u00eda muchas preguntas. Me alegro de haber podido participar\u00bb.<\/p>\n","protected":false},"excerpt":{"rendered":"<p>Presentamos aqu\u00ed las impresiones de nuestro alumnado sobre este d\u00eda: \u00abPasaron a conocer las aulas cuatro grupos de padres, madres, ni\u00f1os y ni\u00f1as y les explicamos nuestras primeras impresiones sobre el instituto y nuestra participaci\u00f3n en Proyectos como el Proyecto Escolar Saludable. Estuvo muy bien el d\u00eda, pero acab\u00e9 muy cansada.\u00bb \u00abA m\u00ed me result\u00f3 &hellip; <\/p>\n<p class=\"link-more\"><a href=\"https:\/\/somosdelprieto.com\/index.php\/2022\/02\/03\/comentamos-el-dia-de-puertas-abiertas-en-el-prieto\/\" class=\"more-link\">Continuar leyendo<span class=\"screen-reader-text\"> \u00abComentamos el \u00abD\u00eda de puertas abiertas\u00bb en el Prieto.\u00bb<\/span><\/a><\/p>\n","protected":false},"author":57,"featured_media":8952,"comment_status":"closed","ping_status":"closed","sticky":false,"template":"","format":"standard","meta":{"footnotes":""},"categories":[196,1],"tags":[201],"class_list":["post-8858","post","type-post","status-publish","format-standard","has-post-thumbnail","hentry","category-directo-al-prieto","category-noticias","tag-directo-al-prieto"],"_links":{"self":[{"href":"https:\/\/somosdelprieto.com\/index.php\/wp-json\/wp\/v2\/posts\/8858","targetHints":{"allow":["GET"]}}],"collection":[{"href":"https:\/\/somosdelprieto.com\/index.php\/wp-json\/wp\/v2\/posts"}],"about":[{"href":"https:\/\/somosdelprieto.com\/index.php\/wp-json\/wp\/v2\/types\/post"}],"author":[{"embeddable":true,"href":"https:\/\/somosdelprieto.com\/index.php\/wp-json\/wp\/v2\/users\/57"}],"replies":[{"embeddable":true,"href":"https:\/\/somosdelprieto.com\/index.php\/wp-json\/wp\/v2\/comments?post=8858"}],"version-history":[{"count":2,"href":"https:\/\/somosdelprieto.com\/index.php\/wp-json\/wp\/v2\/posts\/8858\/revisions"}],"predecessor-version":[{"id":8953,"href":"https:\/\/somosdelprieto.com\/index.php\/wp-json\/wp\/v2\/posts\/8858\/revisions\/8953"}],"wp:featuredmedia":[{"embeddable":true,"href":"https:\/\/somosdelprieto.com\/index.php\/wp-json\/wp\/v2\/media\/8952"}],"wp:attachment":[{"href":"https:\/\/somosdelprieto.com\/index.php\/wp-json\/wp\/v2\/media?parent=8858"}],"wp:term":[{"taxonomy":"category","embeddable":true,"href":"https:\/\/somosdelprieto.com\/index.php\/wp-json\/wp\/v2\/categories?post=8858"},{"taxonomy":"post_tag","embeddable":true,"href":"https:\/\/somosdelprieto.com\/index.php\/wp-json\/wp\/v2\/tags?post=8858"}],"curies":[{"name":"wp","href":"https:\/\/api.w.org\/{rel}","templated":true}]}}