{"id":8854,"date":"2022-02-02T13:06:55","date_gmt":"2022-02-02T12:06:55","guid":{"rendered":"https:\/\/somosdelprieto.com\/?p=8854"},"modified":"2022-02-02T13:13:12","modified_gmt":"2022-02-02T12:13:12","slug":"el-aula-de-emprendimiento-organiza-cafe-de-emprendores","status":"publish","type":"post","link":"https:\/\/somosdelprieto.com\/index.php\/2022\/02\/02\/el-aula-de-emprendimiento-organiza-cafe-de-emprendores\/","title":{"rendered":"EL AULA DE EMPRENDIMIENTO ORGANIZA \u00abCAF\u00c9 DE EMPRENDORES\u00bb"},"content":{"rendered":"\n<figure class=\"wp-block-image size-large\"><img loading=\"lazy\" decoding=\"async\" width=\"1024\" height=\"576\" src=\"https:\/\/somosdelprieto.com\/wp-content\/uploads\/2022\/01\/IMG_20220126_220535-2-1024x576.jpg\" alt=\"\" class=\"wp-image-8717\" srcset=\"https:\/\/somosdelprieto.com\/wp-content\/uploads\/2022\/01\/IMG_20220126_220535-2-1024x576.jpg 1024w, https:\/\/somosdelprieto.com\/wp-content\/uploads\/2022\/01\/IMG_20220126_220535-2-300x169.jpg 300w, https:\/\/somosdelprieto.com\/wp-content\/uploads\/2022\/01\/IMG_20220126_220535-2-768x432.jpg 768w, https:\/\/somosdelprieto.com\/wp-content\/uploads\/2022\/01\/IMG_20220126_220535-2.jpg 1416w\" sizes=\"auto, (max-width: 767px) 89vw, (max-width: 1000px) 54vw, (max-width: 1071px) 543px, 580px\" \/><\/figure>\n\n\n\n<p>El AULA DE EMPRENDIMIENTO sigue a tope con sus actividades. Desde el Departamento de FOL se van a llevar a cabo diversas charlas de emprendedores destinadas al alumnado de Segundo curso de Ciclos Formativos.<\/p>\n\n\n\n<p>En esta primera ocasi\u00f3n, los chicos de Automoci\u00f3n ser\u00e1n los destinatarios de lo que nos cuenten Juan Carlos Moreno y Adri\u00e1n Morales, a los que les agradecemos su participaci\u00f3n de antemano.<\/p>\n\n\n\n<p>Pr\u00f3ximamente os informaremos nuestras siguientes actividades.<\/p>\n","protected":false},"excerpt":{"rendered":"<p>El AULA DE EMPRENDIMIENTO sigue a tope con sus actividades. Desde el Departamento de FOL se van a llevar a cabo diversas charlas de emprendedores destinadas al alumnado de Segundo curso de Ciclos Formativos. En esta primera ocasi\u00f3n, los chicos de Automoci\u00f3n ser\u00e1n los destinatarios de lo que nos cuenten Juan Carlos Moreno y Adri\u00e1n &hellip; <\/p>\n<p class=\"link-more\"><a href=\"https:\/\/somosdelprieto.com\/index.php\/2022\/02\/02\/el-aula-de-emprendimiento-organiza-cafe-de-emprendores\/\" class=\"more-link\">Continuar leyendo<span class=\"screen-reader-text\"> \u00abEL AULA DE EMPRENDIMIENTO ORGANIZA \u00abCAF\u00c9 DE EMPRENDORES\u00bb\u00bb<\/span><\/a><\/p>\n","protected":false},"author":30,"featured_media":8717,"comment_status":"closed","ping_status":"closed","sticky":false,"template":"","format":"standard","meta":{"footnotes":""},"categories":[1],"tags":[],"class_list":["post-8854","post","type-post","status-publish","format-standard","has-post-thumbnail","hentry","category-noticias"],"_links":{"self":[{"href":"https:\/\/somosdelprieto.com\/index.php\/wp-json\/wp\/v2\/posts\/8854","targetHints":{"allow":["GET"]}}],"collection":[{"href":"https:\/\/somosdelprieto.com\/index.php\/wp-json\/wp\/v2\/posts"}],"about":[{"href":"https:\/\/somosdelprieto.com\/index.php\/wp-json\/wp\/v2\/types\/post"}],"author":[{"embeddable":true,"href":"https:\/\/somosdelprieto.com\/index.php\/wp-json\/wp\/v2\/users\/30"}],"replies":[{"embeddable":true,"href":"https:\/\/somosdelprieto.com\/index.php\/wp-json\/wp\/v2\/comments?post=8854"}],"version-history":[{"count":3,"href":"https:\/\/somosdelprieto.com\/index.php\/wp-json\/wp\/v2\/posts\/8854\/revisions"}],"predecessor-version":[{"id":8857,"href":"https:\/\/somosdelprieto.com\/index.php\/wp-json\/wp\/v2\/posts\/8854\/revisions\/8857"}],"wp:featuredmedia":[{"embeddable":true,"href":"https:\/\/somosdelprieto.com\/index.php\/wp-json\/wp\/v2\/media\/8717"}],"wp:attachment":[{"href":"https:\/\/somosdelprieto.com\/index.php\/wp-json\/wp\/v2\/media?parent=8854"}],"wp:term":[{"taxonomy":"category","embeddable":true,"href":"https:\/\/somosdelprieto.com\/index.php\/wp-json\/wp\/v2\/categories?post=8854"},{"taxonomy":"post_tag","embeddable":true,"href":"https:\/\/somosdelprieto.com\/index.php\/wp-json\/wp\/v2\/tags?post=8854"}],"curies":[{"name":"wp","href":"https:\/\/api.w.org\/{rel}","templated":true}]}}