{"id":8837,"date":"2022-02-01T19:38:57","date_gmt":"2022-02-01T18:38:57","guid":{"rendered":"https:\/\/somosdelprieto.com\/?p=8837"},"modified":"2022-02-12T11:22:02","modified_gmt":"2022-02-12T10:22:02","slug":"proceso-de-admision-alumnado-e-s-o-y-bachillerato-curso-2022-2023","status":"publish","type":"post","link":"https:\/\/somosdelprieto.com\/index.php\/2022\/02\/01\/proceso-de-admision-alumnado-e-s-o-y-bachillerato-curso-2022-2023\/","title":{"rendered":"PROCESO DE ADMISI\u00d3N ALUMNADO E.S.O. CURSO 2022-2023"},"content":{"rendered":"\n<p>Ya ha sido publicado el proceso de&nbsp;<strong>admisi\u00f3n<\/strong>&nbsp;para el alumnado de&nbsp;<strong>E.S.O.<\/strong>&nbsp;para el curso&nbsp;<strong>2022-2023<\/strong>.<\/p>\n\n\n\n<p>El\u00a0<strong>periodo de solicitudes<\/strong>\u00a0para ambos estudios comienza el\u00a0<strong>7 de febrero y termina el 25 de febrero de 2022 (ambos inclusive)<\/strong>.<\/p>\n\n\n\n<p class=\"has-black-color has-light-green-cyan-background-color has-text-color has-background\"><strong><a href=\"https:\/\/www.educa.jccm.es\/es\/admision\/admision-2-ciclo-infantil-primaria\/guias-proceso-admision-2-ciclo-educacion-infantil-primaria\" target=\"_blank\" rel=\"noreferrer noopener\">GU\u00cdAS DEL PROCESO DE ADMISI\u00d3N<\/a><\/strong><\/p>\n\n\n\n<p>En el siguiente link se puede acceder a la informaci\u00f3n completa de este proceso:<\/p>\n\n\n\n<p><strong>E.S.O.<\/strong><\/p>\n\n\n\n<figure class=\"wp-block-embed is-type-wp-embed is-provider-ies-gregorio-prieto wp-block-embed-ies-gregorio-prieto\"><div class=\"wp-block-embed__wrapper\">\n<blockquote class=\"wp-embedded-content\" data-secret=\"X3MYujBeHp\"><a href=\"https:\/\/somosdelprieto.com\/index.php\/secretaria\/e-s-o\/\">E.S.O.<\/a><\/blockquote><iframe loading=\"lazy\" class=\"wp-embedded-content\" sandbox=\"allow-scripts\" security=\"restricted\" style=\"position: absolute; clip: rect(1px, 1px, 1px, 1px);\" title=\"\u00abE.S.O.\u00bb \u2014 IES Gregorio Prieto\" src=\"https:\/\/somosdelprieto.com\/index.php\/secretaria\/e-s-o\/embed\/#?secret=d5Uo9sfQzB#?secret=X3MYujBeHp\" data-secret=\"X3MYujBeHp\" width=\"525\" height=\"296\" frameborder=\"0\" marginwidth=\"0\" marginheight=\"0\" scrolling=\"no\"><\/iframe>\n<\/div><\/figure>\n","protected":false},"excerpt":{"rendered":"<p>Ya ha sido publicado el proceso de&nbsp;admisi\u00f3n&nbsp;para el alumnado de&nbsp;E.S.O.&nbsp;para el curso&nbsp;2022-2023. El\u00a0periodo de solicitudes\u00a0para ambos estudios comienza el\u00a07 de febrero y termina el 25 de febrero de 2022 (ambos inclusive). GU\u00cdAS DEL PROCESO DE ADMISI\u00d3N En el siguiente link se puede acceder a la informaci\u00f3n completa de este proceso: E.S.O.<\/p>\n","protected":false},"author":4,"featured_media":5792,"comment_status":"closed","ping_status":"closed","sticky":false,"template":"","format":"standard","meta":{"footnotes":""},"categories":[211,1,47],"tags":[212,213],"class_list":["post-8837","post","type-post","status-publish","format-standard","has-post-thumbnail","hentry","category-admision","category-noticias","category-secretaria","tag-admision","tag-eso"],"_links":{"self":[{"href":"https:\/\/somosdelprieto.com\/index.php\/wp-json\/wp\/v2\/posts\/8837","targetHints":{"allow":["GET"]}}],"collection":[{"href":"https:\/\/somosdelprieto.com\/index.php\/wp-json\/wp\/v2\/posts"}],"about":[{"href":"https:\/\/somosdelprieto.com\/index.php\/wp-json\/wp\/v2\/types\/post"}],"author":[{"embeddable":true,"href":"https:\/\/somosdelprieto.com\/index.php\/wp-json\/wp\/v2\/users\/4"}],"replies":[{"embeddable":true,"href":"https:\/\/somosdelprieto.com\/index.php\/wp-json\/wp\/v2\/comments?post=8837"}],"version-history":[{"count":9,"href":"https:\/\/somosdelprieto.com\/index.php\/wp-json\/wp\/v2\/posts\/8837\/revisions"}],"predecessor-version":[{"id":8950,"href":"https:\/\/somosdelprieto.com\/index.php\/wp-json\/wp\/v2\/posts\/8837\/revisions\/8950"}],"wp:featuredmedia":[{"embeddable":true,"href":"https:\/\/somosdelprieto.com\/index.php\/wp-json\/wp\/v2\/media\/5792"}],"wp:attachment":[{"href":"https:\/\/somosdelprieto.com\/index.php\/wp-json\/wp\/v2\/media?parent=8837"}],"wp:term":[{"taxonomy":"category","embeddable":true,"href":"https:\/\/somosdelprieto.com\/index.php\/wp-json\/wp\/v2\/categories?post=8837"},{"taxonomy":"post_tag","embeddable":true,"href":"https:\/\/somosdelprieto.com\/index.php\/wp-json\/wp\/v2\/tags?post=8837"}],"curies":[{"name":"wp","href":"https:\/\/api.w.org\/{rel}","templated":true}]}}