{"id":8799,"date":"2022-01-29T17:24:33","date_gmt":"2022-01-29T16:24:33","guid":{"rendered":"https:\/\/somosdelprieto.com\/?p=8799"},"modified":"2022-01-29T17:24:33","modified_gmt":"2022-01-29T16:24:33","slug":"charla-de-inteligencia-emocional-para-bachillerato","status":"publish","type":"post","link":"https:\/\/somosdelprieto.com\/index.php\/2022\/01\/29\/charla-de-inteligencia-emocional-para-bachillerato\/","title":{"rendered":"CHARLA DE INTELIGENCIA EMOCIONAL PARA BACHILLERATO"},"content":{"rendered":"\n<p>El alumnado de 2\u00ba de Bachillerato asisti\u00f3 el pasado 27 de enero a una charla sobre inteligencia emocional y salud mental impartido por la fundaci\u00f3n CERES de Tomelloso, dirigida por una trabajadora social y una psic\u00f3loga. <\/p>\n\n\n\n<p>Esta charla, organizada por el Departamento de Orientaci\u00f3n, tiene el objetivo de poder ayudar emocional y mentalmente a nuestro alumnado de cara a mejorar su salud mental y la gesti\u00f3n de sus emociones en las distintas situaciones actuales que se le pueden presentar (ansiedad ante los ex\u00e1menes, juicios sociales, presi\u00f3n, la EVAU, estr\u00e9s, situaci\u00f3n COVID&#8230;). <\/p>\n\n\n\n<p>Se espera que el alumnado saque los numerosos beneficios que la charla pretend\u00eda transmitir apostando por la concienciaci\u00f3n de la importancia que la salud mental tiene.<\/p>\n\n\n\n<figure class=\"wp-block-image size-large\"><img loading=\"lazy\" decoding=\"async\" width=\"1024\" height=\"768\" src=\"https:\/\/somosdelprieto.com\/wp-content\/uploads\/2022\/01\/IMG20220127114521-1024x768.jpg\" alt=\"\" class=\"wp-image-8802\" srcset=\"https:\/\/somosdelprieto.com\/wp-content\/uploads\/2022\/01\/IMG20220127114521-1024x768.jpg 1024w, https:\/\/somosdelprieto.com\/wp-content\/uploads\/2022\/01\/IMG20220127114521-300x225.jpg 300w, https:\/\/somosdelprieto.com\/wp-content\/uploads\/2022\/01\/IMG20220127114521-768x576.jpg 768w, https:\/\/somosdelprieto.com\/wp-content\/uploads\/2022\/01\/IMG20220127114521-1536x1152.jpg 1536w, https:\/\/somosdelprieto.com\/wp-content\/uploads\/2022\/01\/IMG20220127114521-2048x1536.jpg 2048w\" sizes=\"auto, (max-width: 767px) 89vw, (max-width: 1000px) 54vw, (max-width: 1071px) 543px, 580px\" \/><\/figure>\n","protected":false},"excerpt":{"rendered":"<p>El alumnado de 2\u00ba de Bachillerato asisti\u00f3 el pasado 27 de enero a una charla sobre inteligencia emocional y salud mental impartido por la fundaci\u00f3n CERES de Tomelloso, dirigida por una trabajadora social y una psic\u00f3loga. Esta charla, organizada por el Departamento de Orientaci\u00f3n, tiene el objetivo de poder ayudar emocional y mentalmente a nuestro &hellip; <\/p>\n<p class=\"link-more\"><a href=\"https:\/\/somosdelprieto.com\/index.php\/2022\/01\/29\/charla-de-inteligencia-emocional-para-bachillerato\/\" class=\"more-link\">Continuar leyendo<span class=\"screen-reader-text\"> \u00abCHARLA DE INTELIGENCIA EMOCIONAL PARA BACHILLERATO\u00bb<\/span><\/a><\/p>\n","protected":false},"author":33,"featured_media":8801,"comment_status":"closed","ping_status":"closed","sticky":false,"template":"","format":"standard","meta":{"footnotes":""},"categories":[172,1,40],"tags":[],"class_list":["post-8799","post","type-post","status-publish","format-standard","has-post-thumbnail","hentry","category-bachillerato","category-noticias","category-orientacion"],"_links":{"self":[{"href":"https:\/\/somosdelprieto.com\/index.php\/wp-json\/wp\/v2\/posts\/8799","targetHints":{"allow":["GET"]}}],"collection":[{"href":"https:\/\/somosdelprieto.com\/index.php\/wp-json\/wp\/v2\/posts"}],"about":[{"href":"https:\/\/somosdelprieto.com\/index.php\/wp-json\/wp\/v2\/types\/post"}],"author":[{"embeddable":true,"href":"https:\/\/somosdelprieto.com\/index.php\/wp-json\/wp\/v2\/users\/33"}],"replies":[{"embeddable":true,"href":"https:\/\/somosdelprieto.com\/index.php\/wp-json\/wp\/v2\/comments?post=8799"}],"version-history":[{"count":1,"href":"https:\/\/somosdelprieto.com\/index.php\/wp-json\/wp\/v2\/posts\/8799\/revisions"}],"predecessor-version":[{"id":8803,"href":"https:\/\/somosdelprieto.com\/index.php\/wp-json\/wp\/v2\/posts\/8799\/revisions\/8803"}],"wp:featuredmedia":[{"embeddable":true,"href":"https:\/\/somosdelprieto.com\/index.php\/wp-json\/wp\/v2\/media\/8801"}],"wp:attachment":[{"href":"https:\/\/somosdelprieto.com\/index.php\/wp-json\/wp\/v2\/media?parent=8799"}],"wp:term":[{"taxonomy":"category","embeddable":true,"href":"https:\/\/somosdelprieto.com\/index.php\/wp-json\/wp\/v2\/categories?post=8799"},{"taxonomy":"post_tag","embeddable":true,"href":"https:\/\/somosdelprieto.com\/index.php\/wp-json\/wp\/v2\/tags?post=8799"}],"curies":[{"name":"wp","href":"https:\/\/api.w.org\/{rel}","templated":true}]}}