{"id":8384,"date":"2021-12-03T18:02:26","date_gmt":"2021-12-03T17:02:26","guid":{"rendered":"https:\/\/somosdelprieto.com\/?p=8384"},"modified":"2021-12-03T19:06:50","modified_gmt":"2021-12-03T18:06:50","slug":"nuestro-alumnado-del-pe-fp-de-actividades-auxiliares-en-viveros-jardines-y-centros-de-jardineria-en-la-celebracion-del-dia-internacional-de-las-personas-con-discapacidad","status":"publish","type":"post","link":"https:\/\/somosdelprieto.com\/index.php\/2021\/12\/03\/nuestro-alumnado-del-pe-fp-de-actividades-auxiliares-en-viveros-jardines-y-centros-de-jardineria-en-la-celebracion-del-dia-internacional-de-las-personas-con-discapacidad\/","title":{"rendered":"NUESTRO ALUMNADO DEL PE FP DE ACTIVIDADES AUXILIARES EN VIVEROS, JARDINES Y CENTROS DE JARDINER\u00cdA EN LA CELEBRACI\u00d3N DEL D\u00cdA INTERNACIONAL DE LAS PERSONAS CON DISCAPACIDAD"},"content":{"rendered":"\n<p>Hoy d\u00eda 3 de diciembre se ha celebrado el d\u00eda mundial de las personas con discapacidad.<\/p>\n\n\n\n<p>Ha sido un acto organizado por el ayuntamiento de Valdepe\u00f1as, en el que han participado todas las asociaciones de discapacitados de la localidad y una representaci\u00f3n de alumnos\/as de todos los centros escolares de primaria y secundaria.<\/p>\n\n\n\n<p> Todos han puesto su granito de arena, ha sido un acto muy emotivo. Nuestros alumnos\/as del Programa Especifico de Jardiner\u00eda han sido los encargados de presentar el acto. <\/p>\n\n\n\n<p>Hemos finalizado con una reflexi\u00f3n, recordando a toda la sociedad que hay que continuar trabajando en la creaci\u00f3n de consciencias colectivas, para respetar las diferencias individuales de cada ser humano, aprendiendo a nutrirnos de ellas, desde las potencialidades de cada cual y no desde las dificultades.<\/p>\n\n\n\n<figure class=\"wp-block-gallery columns-3 is-cropped wp-block-gallery-1 is-layout-flex wp-block-gallery-is-layout-flex\"><ul class=\"blocks-gallery-grid\"><li class=\"blocks-gallery-item\"><figure><img loading=\"lazy\" decoding=\"async\" width=\"1024\" height=\"576\" src=\"https:\/\/somosdelprieto.com\/wp-content\/uploads\/2021\/12\/WhatsApp-Image-2021-12-03-at-17.32.08-3-1024x576.jpeg\" alt=\"\" data-id=\"8385\" data-full-url=\"https:\/\/somosdelprieto.com\/wp-content\/uploads\/2021\/12\/WhatsApp-Image-2021-12-03-at-17.32.08-3.jpeg\" data-link=\"https:\/\/somosdelprieto.com\/?attachment_id=8385\" class=\"wp-image-8385\" srcset=\"https:\/\/somosdelprieto.com\/wp-content\/uploads\/2021\/12\/WhatsApp-Image-2021-12-03-at-17.32.08-3-1024x576.jpeg 1024w, https:\/\/somosdelprieto.com\/wp-content\/uploads\/2021\/12\/WhatsApp-Image-2021-12-03-at-17.32.08-3-300x169.jpeg 300w, https:\/\/somosdelprieto.com\/wp-content\/uploads\/2021\/12\/WhatsApp-Image-2021-12-03-at-17.32.08-3-768x432.jpeg 768w, https:\/\/somosdelprieto.com\/wp-content\/uploads\/2021\/12\/WhatsApp-Image-2021-12-03-at-17.32.08-3.jpeg 1328w\" sizes=\"auto, (max-width: 767px) 89vw, (max-width: 1000px) 54vw, (max-width: 1071px) 543px, 580px\" \/><\/figure><\/li><li class=\"blocks-gallery-item\"><figure><img loading=\"lazy\" decoding=\"async\" width=\"576\" height=\"1024\" src=\"https:\/\/somosdelprieto.com\/wp-content\/uploads\/2021\/12\/WhatsApp-Image-2021-12-03-at-17.32.08-2-576x1024.jpeg\" alt=\"\" data-id=\"8386\" data-full-url=\"https:\/\/somosdelprieto.com\/wp-content\/uploads\/2021\/12\/WhatsApp-Image-2021-12-03-at-17.32.08-2.jpeg\" data-link=\"https:\/\/somosdelprieto.com\/?attachment_id=8386\" class=\"wp-image-8386\" srcset=\"https:\/\/somosdelprieto.com\/wp-content\/uploads\/2021\/12\/WhatsApp-Image-2021-12-03-at-17.32.08-2-576x1024.jpeg 576w, https:\/\/somosdelprieto.com\/wp-content\/uploads\/2021\/12\/WhatsApp-Image-2021-12-03-at-17.32.08-2-169x300.jpeg 169w, https:\/\/somosdelprieto.com\/wp-content\/uploads\/2021\/12\/WhatsApp-Image-2021-12-03-at-17.32.08-2-768x1365.jpeg 768w, https:\/\/somosdelprieto.com\/wp-content\/uploads\/2021\/12\/WhatsApp-Image-2021-12-03-at-17.32.08-2-864x1536.jpeg 864w, https:\/\/somosdelprieto.com\/wp-content\/uploads\/2021\/12\/WhatsApp-Image-2021-12-03-at-17.32.08-2.jpeg 1080w\" sizes=\"auto, (max-width: 576px) 100vw, 576px\" \/><\/figure><\/li><li class=\"blocks-gallery-item\"><figure><img loading=\"lazy\" decoding=\"async\" width=\"1024\" height=\"576\" src=\"https:\/\/somosdelprieto.com\/wp-content\/uploads\/2021\/12\/WhatsApp-Image-2021-12-03-at-17.32.08-1-1024x576.jpeg\" alt=\"\" data-id=\"8387\" data-full-url=\"https:\/\/somosdelprieto.com\/wp-content\/uploads\/2021\/12\/WhatsApp-Image-2021-12-03-at-17.32.08-1.jpeg\" data-link=\"https:\/\/somosdelprieto.com\/?attachment_id=8387\" class=\"wp-image-8387\" srcset=\"https:\/\/somosdelprieto.com\/wp-content\/uploads\/2021\/12\/WhatsApp-Image-2021-12-03-at-17.32.08-1-1024x576.jpeg 1024w, https:\/\/somosdelprieto.com\/wp-content\/uploads\/2021\/12\/WhatsApp-Image-2021-12-03-at-17.32.08-1-300x169.jpeg 300w, https:\/\/somosdelprieto.com\/wp-content\/uploads\/2021\/12\/WhatsApp-Image-2021-12-03-at-17.32.08-1-768x432.jpeg 768w, https:\/\/somosdelprieto.com\/wp-content\/uploads\/2021\/12\/WhatsApp-Image-2021-12-03-at-17.32.08-1-1536x864.jpeg 1536w, https:\/\/somosdelprieto.com\/wp-content\/uploads\/2021\/12\/WhatsApp-Image-2021-12-03-at-17.32.08-1.jpeg 1920w\" sizes=\"auto, (max-width: 767px) 89vw, (max-width: 1000px) 54vw, (max-width: 1071px) 543px, 580px\" \/><\/figure><\/li><li class=\"blocks-gallery-item\"><figure><img loading=\"lazy\" decoding=\"async\" width=\"1024\" height=\"576\" src=\"https:\/\/somosdelprieto.com\/wp-content\/uploads\/2021\/12\/WhatsApp-Image-2021-12-03-at-17.32.08-1024x576.jpeg\" alt=\"\" data-id=\"8388\" data-full-url=\"https:\/\/somosdelprieto.com\/wp-content\/uploads\/2021\/12\/WhatsApp-Image-2021-12-03-at-17.32.08.jpeg\" data-link=\"https:\/\/somosdelprieto.com\/?attachment_id=8388\" class=\"wp-image-8388\" srcset=\"https:\/\/somosdelprieto.com\/wp-content\/uploads\/2021\/12\/WhatsApp-Image-2021-12-03-at-17.32.08-1024x576.jpeg 1024w, https:\/\/somosdelprieto.com\/wp-content\/uploads\/2021\/12\/WhatsApp-Image-2021-12-03-at-17.32.08-300x169.jpeg 300w, https:\/\/somosdelprieto.com\/wp-content\/uploads\/2021\/12\/WhatsApp-Image-2021-12-03-at-17.32.08-768x432.jpeg 768w, https:\/\/somosdelprieto.com\/wp-content\/uploads\/2021\/12\/WhatsApp-Image-2021-12-03-at-17.32.08-1536x864.jpeg 1536w, https:\/\/somosdelprieto.com\/wp-content\/uploads\/2021\/12\/WhatsApp-Image-2021-12-03-at-17.32.08.jpeg 1920w\" sizes=\"auto, (max-width: 767px) 89vw, (max-width: 1000px) 54vw, (max-width: 1071px) 543px, 580px\" \/><\/figure><\/li><\/ul><\/figure>\n\n\n\n<figure class=\"wp-block-embed is-type-video is-provider-youtube wp-block-embed-youtube wp-embed-aspect-16-9 wp-has-aspect-ratio\"><div class=\"wp-block-embed__wrapper\">\n<iframe loading=\"lazy\" title=\"Jes\u00fas Mart\u00edn: \u201cHoy es el d\u00eda de poner en valor las capacidades individuales de cada ser humano\u201d\" width=\"525\" height=\"295\" src=\"https:\/\/www.youtube.com\/embed\/buld_Y0hflQ?feature=oembed\" frameborder=\"0\" allow=\"accelerometer; autoplay; clipboard-write; encrypted-media; gyroscope; picture-in-picture; web-share\" referrerpolicy=\"strict-origin-when-cross-origin\" allowfullscreen><\/iframe>\n<\/div><\/figure>\n\n\n\n<figure class=\"wp-block-image size-large\"><img loading=\"lazy\" decoding=\"async\" width=\"1024\" height=\"576\" src=\"https:\/\/somosdelprieto.com\/wp-content\/uploads\/2021\/12\/WhatsApp-Image-2021-12-03-at-17.32.12-1024x576.jpeg\" alt=\"\" class=\"wp-image-8391\" srcset=\"https:\/\/somosdelprieto.com\/wp-content\/uploads\/2021\/12\/WhatsApp-Image-2021-12-03-at-17.32.12-1024x576.jpeg 1024w, https:\/\/somosdelprieto.com\/wp-content\/uploads\/2021\/12\/WhatsApp-Image-2021-12-03-at-17.32.12-300x169.jpeg 300w, https:\/\/somosdelprieto.com\/wp-content\/uploads\/2021\/12\/WhatsApp-Image-2021-12-03-at-17.32.12-768x432.jpeg 768w, https:\/\/somosdelprieto.com\/wp-content\/uploads\/2021\/12\/WhatsApp-Image-2021-12-03-at-17.32.12.jpeg 1328w\" sizes=\"auto, (max-width: 767px) 89vw, (max-width: 1000px) 54vw, (max-width: 1071px) 543px, 580px\" \/><\/figure>\n","protected":false},"excerpt":{"rendered":"<p>Hoy d\u00eda 3 de diciembre se ha celebrado el d\u00eda mundial de las personas con discapacidad. Ha sido un acto organizado por el ayuntamiento de Valdepe\u00f1as, en el que han participado todas las asociaciones de discapacitados de la localidad y una representaci\u00f3n de alumnos\/as de todos los centros escolares de primaria y secundaria. Todos han &hellip; <\/p>\n<p class=\"link-more\"><a href=\"https:\/\/somosdelprieto.com\/index.php\/2021\/12\/03\/nuestro-alumnado-del-pe-fp-de-actividades-auxiliares-en-viveros-jardines-y-centros-de-jardineria-en-la-celebracion-del-dia-internacional-de-las-personas-con-discapacidad\/\" class=\"more-link\">Continuar leyendo<span class=\"screen-reader-text\"> \u00abNUESTRO ALUMNADO DEL PE FP DE ACTIVIDADES AUXILIARES EN VIVEROS, JARDINES Y CENTROS DE JARDINER\u00cdA EN LA CELEBRACI\u00d3N DEL D\u00cdA INTERNACIONAL DE LAS PERSONAS CON DISCAPACIDAD\u00bb<\/span><\/a><\/p>\n","protected":false},"author":4,"featured_media":8389,"comment_status":"closed","ping_status":"closed","sticky":false,"template":"","format":"standard","meta":{"footnotes":""},"categories":[22,1],"tags":[],"class_list":["post-8384","post","type-post","status-publish","format-standard","has-post-thumbnail","hentry","category-agraria","category-noticias"],"_links":{"self":[{"href":"https:\/\/somosdelprieto.com\/index.php\/wp-json\/wp\/v2\/posts\/8384","targetHints":{"allow":["GET"]}}],"collection":[{"href":"https:\/\/somosdelprieto.com\/index.php\/wp-json\/wp\/v2\/posts"}],"about":[{"href":"https:\/\/somosdelprieto.com\/index.php\/wp-json\/wp\/v2\/types\/post"}],"author":[{"embeddable":true,"href":"https:\/\/somosdelprieto.com\/index.php\/wp-json\/wp\/v2\/users\/4"}],"replies":[{"embeddable":true,"href":"https:\/\/somosdelprieto.com\/index.php\/wp-json\/wp\/v2\/comments?post=8384"}],"version-history":[{"count":3,"href":"https:\/\/somosdelprieto.com\/index.php\/wp-json\/wp\/v2\/posts\/8384\/revisions"}],"predecessor-version":[{"id":8394,"href":"https:\/\/somosdelprieto.com\/index.php\/wp-json\/wp\/v2\/posts\/8384\/revisions\/8394"}],"wp:featuredmedia":[{"embeddable":true,"href":"https:\/\/somosdelprieto.com\/index.php\/wp-json\/wp\/v2\/media\/8389"}],"wp:attachment":[{"href":"https:\/\/somosdelprieto.com\/index.php\/wp-json\/wp\/v2\/media?parent=8384"}],"wp:term":[{"taxonomy":"category","embeddable":true,"href":"https:\/\/somosdelprieto.com\/index.php\/wp-json\/wp\/v2\/categories?post=8384"},{"taxonomy":"post_tag","embeddable":true,"href":"https:\/\/somosdelprieto.com\/index.php\/wp-json\/wp\/v2\/tags?post=8384"}],"curies":[{"name":"wp","href":"https:\/\/api.w.org\/{rel}","templated":true}]}}