{"id":8258,"date":"2021-11-25T12:21:29","date_gmt":"2021-11-25T11:21:29","guid":{"rendered":"https:\/\/somosdelprieto.com\/?p=8258"},"modified":"2021-12-16T23:09:23","modified_gmt":"2021-12-16T22:09:23","slug":"puesta-en-marcha-del-brazo-robotico-nyiro","status":"publish","type":"post","link":"https:\/\/somosdelprieto.com\/index.php\/2021\/11\/25\/puesta-en-marcha-del-brazo-robotico-nyiro\/","title":{"rendered":"Puesta en marcha del brazo rob\u00f3tico NIRYO"},"content":{"rendered":"\n<p>La tarde del mi\u00e9rcoles 24 nos visit\u00f3 Rafael L\u00f3pez, de la empresa SIDILAB, para la puesta en marcha del brazo rob\u00f3tico <a rel=\"noreferrer noopener\" href=\"https:\/\/niryo.com\" target=\"_blank\">NIRYO<\/a> adquirido dentro de la dotaci\u00f3n del aula ATECA. Tambi\u00e9n asistieron varios profesores del centro interesados en la implantaci\u00f3n did\u00e1ctica de esta tecnolog\u00eda. La pr\u00e1ctica se realiz\u00f3 en el aula ATECA y para la presentaci\u00f3n se conect\u00f3 el nuevo monitor t\u00e1ctil al ordenador donde se instal\u00f3 el software del equipo. Rafael hizo una descripci\u00f3n del equipo y del software y despu\u00e9s el resto de asistentes participaron en la programaci\u00f3n del equipo haciendo aportaciones al diagrama de funcionamiento del brazo rob\u00f3tico.<\/p>\n\n\n\n<figure class=\"wp-block-image size-large\"><img loading=\"lazy\" decoding=\"async\" width=\"1024\" height=\"765\" src=\"https:\/\/somosdelprieto.com\/wp-content\/uploads\/2021\/11\/WhatsApp-Image-2021-11-24-at-19.51.59-1024x765.jpeg\" alt=\"\" class=\"wp-image-8260\" srcset=\"https:\/\/somosdelprieto.com\/wp-content\/uploads\/2021\/11\/WhatsApp-Image-2021-11-24-at-19.51.59-1024x765.jpeg 1024w, https:\/\/somosdelprieto.com\/wp-content\/uploads\/2021\/11\/WhatsApp-Image-2021-11-24-at-19.51.59-300x224.jpeg 300w, https:\/\/somosdelprieto.com\/wp-content\/uploads\/2021\/11\/WhatsApp-Image-2021-11-24-at-19.51.59-768x574.jpeg 768w, https:\/\/somosdelprieto.com\/wp-content\/uploads\/2021\/11\/WhatsApp-Image-2021-11-24-at-19.51.59-1536x1148.jpeg 1536w, https:\/\/somosdelprieto.com\/wp-content\/uploads\/2021\/11\/WhatsApp-Image-2021-11-24-at-19.51.59.jpeg 1600w\" sizes=\"auto, (max-width: 767px) 89vw, (max-width: 1000px) 54vw, (max-width: 1071px) 543px, 580px\" \/><figcaption>Rafael L\u00f3pez cambiando accesorios del brazo rob\u00f3tico .<\/figcaption><\/figure>\n\n\n\n<figure class=\"wp-block-image size-large\"><img loading=\"lazy\" decoding=\"async\" width=\"1024\" height=\"765\" src=\"https:\/\/somosdelprieto.com\/wp-content\/uploads\/2021\/11\/WhatsApp-Image-2021-11-24-at-19.50.39-1024x765.jpeg\" alt=\"\" class=\"wp-image-8264\" srcset=\"https:\/\/somosdelprieto.com\/wp-content\/uploads\/2021\/11\/WhatsApp-Image-2021-11-24-at-19.50.39-1024x765.jpeg 1024w, https:\/\/somosdelprieto.com\/wp-content\/uploads\/2021\/11\/WhatsApp-Image-2021-11-24-at-19.50.39-300x224.jpeg 300w, https:\/\/somosdelprieto.com\/wp-content\/uploads\/2021\/11\/WhatsApp-Image-2021-11-24-at-19.50.39-768x574.jpeg 768w, https:\/\/somosdelprieto.com\/wp-content\/uploads\/2021\/11\/WhatsApp-Image-2021-11-24-at-19.50.39-1536x1148.jpeg 1536w, https:\/\/somosdelprieto.com\/wp-content\/uploads\/2021\/11\/WhatsApp-Image-2021-11-24-at-19.50.39.jpeg 1600w\" sizes=\"auto, (max-width: 767px) 89vw, (max-width: 1000px) 54vw, (max-width: 1071px) 543px, 580px\" \/><figcaption>Asistentes a la demostraci\u00f3n.<\/figcaption><\/figure>\n\n\n\n<p><\/p>\n\n\n\n<figure class=\"wp-block-embed is-type-video is-provider-youtube wp-block-embed-youtube wp-embed-aspect-16-9 wp-has-aspect-ratio\"><div class=\"wp-block-embed__wrapper\">\n<iframe loading=\"lazy\" title=\"Presentaci\u00f3n del brazo rob\u00f3tico Niryo\" width=\"525\" height=\"295\" src=\"https:\/\/www.youtube.com\/embed\/SOvy1k_TnTo?feature=oembed\" frameborder=\"0\" allow=\"accelerometer; autoplay; clipboard-write; encrypted-media; gyroscope; picture-in-picture; web-share\" referrerpolicy=\"strict-origin-when-cross-origin\" allowfullscreen><\/iframe>\n<\/div><\/figure>\n","protected":false},"excerpt":{"rendered":"<p>La tarde del mi\u00e9rcoles 24 nos visit\u00f3 Rafael L\u00f3pez, de la empresa SIDILAB, para la puesta en marcha del brazo rob\u00f3tico NIRYO adquirido dentro de la dotaci\u00f3n del aula ATECA. Tambi\u00e9n asistieron varios profesores del centro interesados en la implantaci\u00f3n did\u00e1ctica de esta tecnolog\u00eda. La pr\u00e1ctica se realiz\u00f3 en el aula ATECA y para la &hellip; <\/p>\n<p class=\"link-more\"><a href=\"https:\/\/somosdelprieto.com\/index.php\/2021\/11\/25\/puesta-en-marcha-del-brazo-robotico-nyiro\/\" class=\"more-link\">Continuar leyendo<span class=\"screen-reader-text\"> \u00abPuesta en marcha del brazo rob\u00f3tico NIRYO\u00bb<\/span><\/a><\/p>\n","protected":false},"author":59,"featured_media":8269,"comment_status":"closed","ping_status":"closed","sticky":false,"template":"","format":"standard","meta":{"footnotes":""},"categories":[203,1],"tags":[199],"class_list":["post-8258","post","type-post","status-publish","format-standard","has-post-thumbnail","hentry","category-ateca","category-noticias","tag-ateca"],"_links":{"self":[{"href":"https:\/\/somosdelprieto.com\/index.php\/wp-json\/wp\/v2\/posts\/8258","targetHints":{"allow":["GET"]}}],"collection":[{"href":"https:\/\/somosdelprieto.com\/index.php\/wp-json\/wp\/v2\/posts"}],"about":[{"href":"https:\/\/somosdelprieto.com\/index.php\/wp-json\/wp\/v2\/types\/post"}],"author":[{"embeddable":true,"href":"https:\/\/somosdelprieto.com\/index.php\/wp-json\/wp\/v2\/users\/59"}],"replies":[{"embeddable":true,"href":"https:\/\/somosdelprieto.com\/index.php\/wp-json\/wp\/v2\/comments?post=8258"}],"version-history":[{"count":8,"href":"https:\/\/somosdelprieto.com\/index.php\/wp-json\/wp\/v2\/posts\/8258\/revisions"}],"predecessor-version":[{"id":8490,"href":"https:\/\/somosdelprieto.com\/index.php\/wp-json\/wp\/v2\/posts\/8258\/revisions\/8490"}],"wp:featuredmedia":[{"embeddable":true,"href":"https:\/\/somosdelprieto.com\/index.php\/wp-json\/wp\/v2\/media\/8269"}],"wp:attachment":[{"href":"https:\/\/somosdelprieto.com\/index.php\/wp-json\/wp\/v2\/media?parent=8258"}],"wp:term":[{"taxonomy":"category","embeddable":true,"href":"https:\/\/somosdelprieto.com\/index.php\/wp-json\/wp\/v2\/categories?post=8258"},{"taxonomy":"post_tag","embeddable":true,"href":"https:\/\/somosdelprieto.com\/index.php\/wp-json\/wp\/v2\/tags?post=8258"}],"curies":[{"name":"wp","href":"https:\/\/api.w.org\/{rel}","templated":true}]}}