{"id":780,"date":"2020-05-16T12:07:03","date_gmt":"2020-05-16T10:07:03","guid":{"rendered":"https:\/\/somosdelprieto.com\/?p=780"},"modified":"2020-12-09T10:00:04","modified_gmt":"2020-12-09T09:00:04","slug":"exito-de-las-webinars-sobre-formacion-profesional-ofrecidas-en-el-ies-gregorio-prieto","status":"publish","type":"post","link":"https:\/\/somosdelprieto.com\/index.php\/2020\/05\/16\/exito-de-las-webinars-sobre-formacion-profesional-ofrecidas-en-el-ies-gregorio-prieto\/","title":{"rendered":"\u00c9XITO DE LAS WEBINARS SOBRE FORMACI\u00d3N PROFESIONAL OFRECIDAS EN EL IES GREGORIO PRIETO"},"content":{"rendered":"\n<div class=\"wp-block-image\"><figure class=\"aligncenter size-large\"><img loading=\"lazy\" decoding=\"async\" width=\"640\" height=\"239\" src=\"https:\/\/somosdelprieto.com\/wp-content\/uploads\/2020\/05\/webinar-2636738_640.jpg\" alt=\"\" class=\"wp-image-752\" srcset=\"https:\/\/somosdelprieto.com\/wp-content\/uploads\/2020\/05\/webinar-2636738_640.jpg 640w, https:\/\/somosdelprieto.com\/wp-content\/uploads\/2020\/05\/webinar-2636738_640-300x112.jpg 300w\" sizes=\"auto, (max-width: 640px) 100vw, 640px\" \/><figcaption>Pixaby license<\/figcaption><\/figure><\/div>\n\n\n\n<p>En aras a difundir la rica oferta de Formaci\u00f3n Profesional de nuestro centro, los pasados jueves 14 de mayo y viernes 15 de mayo, ofrecimos dos webinars dedicadas respectivamente a explicar:<\/p>\n\n\n\n<ul class=\"wp-block-list\"><li>Los ciclos formativos de grado medio y de Formaci\u00f3n Profesional B\u00e1sica y el Programa Espec\u00edfico de Formaci\u00f3n Profesional de actividades auxiliares en viveros, jardines y centros de jardiner\u00eda.<\/li><li>Los ciclos formativos de grado superior.<\/li><\/ul>\n\n\n\n<!--more-->\n\n\n\n<p>A estas webinars accedieron muchos\/as interesados\/as en conocer, de primera mano, las caracter\u00edsticas de los diferentes ciclos formativos ofertados en el IES Gregorio Prieto.<\/p>\n\n\n\n<p>Los profesores hicieron presentaciones y respondieron en directo a todas las dudas que se plantearon.<\/p>\n\n\n\n<p>Esta experiencia piloto ha demostrado ser de una gran utilidad como medio de difusi\u00f3n de nuestra oferta formativa y creemos haber abierto un camino que debemos seguir explorando.<\/p>\n\n\n\n<p>Nuestro agradecimiento a los departamentos profesionales que han intervenido en ellas y especialmente, a Jos\u00e9 Mar\u00eda D\u00edaz-Cano, Jefe de Estudios del centro, art\u00edfice de estas webinars y responsable del \u00e9xito de las mismas<\/p>\n\n\n\n<p>Ahora, todos y todas pod\u00e9is ver estos v\u00eddeos en diferido. No dej\u00e9is pasar esta oportunidad:<\/p>\n\n\n\n<div class=\"wp-block-image\"><figure class=\"aligncenter is-resized\"><a href=\"https:\/\/www.youtube.com\/watch?v=q60h0XAyEPc&amp;feature=youtu.be\" target=\"_blank\" rel=\"noopener noreferrer\"><img loading=\"lazy\" decoding=\"async\" src=\"https:\/\/1.bp.blogspot.com\/-J6BrC2nolVE\/Xr_DajF3_5I\/AAAAAAAADtk\/KO-gitDQu_c6bVwixFnfqzor3vt3v3u8wCLcBGAsYHQ\/s400\/Captura%2B3.PNG\" alt=\"https:\/\/www.youtube.com\/watch?v=q60h0XAyEPc&amp;feature=youtu.be\" width=\"676\" height=\"380\"\/><\/a><\/figure><\/div>\n\n\n\n<figure class=\"wp-block-image is-resized\"><a href=\"https:\/\/www.youtube.com\/watch?v=4o1ukm-KA4Y&amp;feature=youtu.be\" target=\"_blank\" rel=\"noopener noreferrer\"><img loading=\"lazy\" decoding=\"async\" src=\"https:\/\/1.bp.blogspot.com\/-_kguR9LLQv0\/Xr_Df7iZ7TI\/AAAAAAAADto\/SX14SvdLz6MwdQ1VMUHwYuWfcZnYFHqvACLcBGAsYHQ\/s400\/Captura%2B4.PNG\" alt=\"https:\/\/www.youtube.com\/watch?v=4o1ukm-KA4Y&amp;feature=youtu.be\" width=\"679\" height=\"382\"\/><\/a><\/figure>\n","protected":false},"excerpt":{"rendered":"<p>En aras a difundir la rica oferta de Formaci\u00f3n Profesional de nuestro centro, los pasados jueves 14 de mayo y viernes 15 de mayo, ofrecimos dos webinars dedicadas respectivamente a explicar: Los ciclos formativos de grado medio y de Formaci\u00f3n Profesional B\u00e1sica y el Programa Espec\u00edfico de Formaci\u00f3n Profesional de actividades auxiliares en viveros, jardines &hellip; <\/p>\n<p class=\"link-more\"><a href=\"https:\/\/somosdelprieto.com\/index.php\/2020\/05\/16\/exito-de-las-webinars-sobre-formacion-profesional-ofrecidas-en-el-ies-gregorio-prieto\/\" class=\"more-link\">Continuar leyendo<span class=\"screen-reader-text\"> \u00ab\u00c9XITO DE LAS WEBINARS SOBRE FORMACI\u00d3N PROFESIONAL OFRECIDAS EN EL IES GREGORIO PRIETO\u00bb<\/span><\/a><\/p>\n","protected":false},"author":4,"featured_media":0,"comment_status":"closed","ping_status":"closed","sticky":false,"template":"","format":"standard","meta":{"footnotes":""},"categories":[7,22,8,27,33,34,35,1,43],"tags":[46,45],"class_list":["post-780","post","type-post","status-publish","format-standard","hentry","category-administracion","category-agraria","category-comercio","category-electricidad-y-electronica","category-hosteleria-y-turismo","category-industrias-alimentarias","category-informatica","category-noticias","category-transporte-y-mantenimiento-de-vehiculos","tag-orientacion","tag-webinars"],"_links":{"self":[{"href":"https:\/\/somosdelprieto.com\/index.php\/wp-json\/wp\/v2\/posts\/780","targetHints":{"allow":["GET"]}}],"collection":[{"href":"https:\/\/somosdelprieto.com\/index.php\/wp-json\/wp\/v2\/posts"}],"about":[{"href":"https:\/\/somosdelprieto.com\/index.php\/wp-json\/wp\/v2\/types\/post"}],"author":[{"embeddable":true,"href":"https:\/\/somosdelprieto.com\/index.php\/wp-json\/wp\/v2\/users\/4"}],"replies":[{"embeddable":true,"href":"https:\/\/somosdelprieto.com\/index.php\/wp-json\/wp\/v2\/comments?post=780"}],"version-history":[{"count":5,"href":"https:\/\/somosdelprieto.com\/index.php\/wp-json\/wp\/v2\/posts\/780\/revisions"}],"predecessor-version":[{"id":1090,"href":"https:\/\/somosdelprieto.com\/index.php\/wp-json\/wp\/v2\/posts\/780\/revisions\/1090"}],"wp:attachment":[{"href":"https:\/\/somosdelprieto.com\/index.php\/wp-json\/wp\/v2\/media?parent=780"}],"wp:term":[{"taxonomy":"category","embeddable":true,"href":"https:\/\/somosdelprieto.com\/index.php\/wp-json\/wp\/v2\/categories?post=780"},{"taxonomy":"post_tag","embeddable":true,"href":"https:\/\/somosdelprieto.com\/index.php\/wp-json\/wp\/v2\/tags?post=780"}],"curies":[{"name":"wp","href":"https:\/\/api.w.org\/{rel}","templated":true}]}}