{"id":7681,"date":"2021-08-10T19:28:13","date_gmt":"2021-08-10T17:28:13","guid":{"rendered":"https:\/\/somosdelprieto.com\/?p=7681"},"modified":"2021-08-10T19:32:16","modified_gmt":"2021-08-10T17:32:16","slug":"propuesta-de-resolucion-provisional-de-solicitudes-concedidas-y-denegadas-de-la-convocatoria-de-ayudas-para-comedores-escolares-y-libros-de-texto-curso-2021-2022","status":"publish","type":"post","link":"https:\/\/somosdelprieto.com\/index.php\/2021\/08\/10\/propuesta-de-resolucion-provisional-de-solicitudes-concedidas-y-denegadas-de-la-convocatoria-de-ayudas-para-comedores-escolares-y-libros-de-texto-curso-2021-2022\/","title":{"rendered":"PROPUESTA DE RESOLUCI\u00d3N PROVISIONAL DE SOLICITUDES CONCEDIDAS Y DENEGADAS DE LA CONVOCATORIA DE AYUDAS PARA COMEDORES ESCOLARES Y LIBROS DE TEXTO. CURSO 2021\/2022"},"content":{"rendered":"\n<p>Podr\u00e1 consultar el resultado de su solicitud desde la secretaria virtual de la&nbsp;<a href=\"https:\/\/educamosclm.castillalamancha.es\/\" target=\"_blank\" rel=\"noreferrer noopener\">plataforma EducamosCLM<\/a>&nbsp;&gt; Como van mis tr\u00e1mites &gt; hacer clic en el nombre del solicitante (del tr\u00e1mite Solicitud de Ayuda para Libros y Comedores Escolares. Curso 2021\/2022) y seleccionar la opci\u00f3n \u201c<strong>Datos de la solicitud<\/strong>\u201d. A partir del d\u00eda 11 de agosto, podr\u00e1 presentar una reclamaci\u00f3n pulsando en la opci\u00f3n \u00abPresentar reclamaci\u00f3n\u00bb en ese mismo men\u00fa.<\/p>\n\n\n\n<p>Contra esta propuesta de resoluci\u00f3n provisional podr\u00e1n presentar reclamaci\u00f3n en el plazo de 10 d\u00edas h\u00e1biles a contar desde el d\u00eda siguiente al de su publicaci\u00f3n.<\/p>\n\n\n\n<ul class=\"wp-block-list\"><li><strong>Plazo de reclamaci\u00f3n del 11 al 24 de agosto ambos incluidos.<\/strong><\/li><\/ul>\n\n\n\n<p>Reclamaciones: Podr\u00e1 adjuntar los documentos si selecciona la opci\u00f3n \u201cPresentar Reclamaci\u00f3n\u201d, y cumplimentar y presentar el formulario que se le ofrecer\u00e1<\/p>\n\n\n\n<p>Para m\u00e1s informaci\u00f3n, pinche <a href=\"https:\/\/www.educa.jccm.es\/recursos\/es\/materiales-curriculares\/convocatoria-ayudas-materiales-curriculares\/convocatoria-ayudas-comedores-escolares-libros-texto-curso-1\/propuesta-resolucion-provisional-solicitudes-concedidas-den\" target=\"_blank\" rel=\"noreferrer noopener\">aqu\u00ed<\/a><\/p>\n","protected":false},"excerpt":{"rendered":"<p>Podr\u00e1 consultar el resultado de su solicitud desde la secretaria virtual de la&nbsp;plataforma EducamosCLM&nbsp;&gt; Como van mis tr\u00e1mites &gt; hacer clic en el nombre del solicitante (del tr\u00e1mite Solicitud de Ayuda para Libros y Comedores Escolares. Curso 2021\/2022) y seleccionar la opci\u00f3n \u201cDatos de la solicitud\u201d. A partir del d\u00eda 11 de agosto, podr\u00e1 presentar &hellip; <\/p>\n<p class=\"link-more\"><a href=\"https:\/\/somosdelprieto.com\/index.php\/2021\/08\/10\/propuesta-de-resolucion-provisional-de-solicitudes-concedidas-y-denegadas-de-la-convocatoria-de-ayudas-para-comedores-escolares-y-libros-de-texto-curso-2021-2022\/\" class=\"more-link\">Continuar leyendo<span class=\"screen-reader-text\"> \u00abPROPUESTA DE RESOLUCI\u00d3N PROVISIONAL DE SOLICITUDES CONCEDIDAS Y DENEGADAS DE LA CONVOCATORIA DE AYUDAS PARA COMEDORES ESCOLARES Y LIBROS DE TEXTO. CURSO 2021\/2022\u00bb<\/span><\/a><\/p>\n","protected":false},"author":4,"featured_media":7682,"comment_status":"closed","ping_status":"closed","sticky":false,"template":"","format":"standard","meta":{"footnotes":""},"categories":[182,1,47],"tags":[180,181],"class_list":["post-7681","post","type-post","status-publish","format-standard","has-post-thumbnail","hentry","category-ayudas-becas","category-noticias","category-secretaria","tag-gratuidad","tag-materiales-curriculares"],"_links":{"self":[{"href":"https:\/\/somosdelprieto.com\/index.php\/wp-json\/wp\/v2\/posts\/7681","targetHints":{"allow":["GET"]}}],"collection":[{"href":"https:\/\/somosdelprieto.com\/index.php\/wp-json\/wp\/v2\/posts"}],"about":[{"href":"https:\/\/somosdelprieto.com\/index.php\/wp-json\/wp\/v2\/types\/post"}],"author":[{"embeddable":true,"href":"https:\/\/somosdelprieto.com\/index.php\/wp-json\/wp\/v2\/users\/4"}],"replies":[{"embeddable":true,"href":"https:\/\/somosdelprieto.com\/index.php\/wp-json\/wp\/v2\/comments?post=7681"}],"version-history":[{"count":1,"href":"https:\/\/somosdelprieto.com\/index.php\/wp-json\/wp\/v2\/posts\/7681\/revisions"}],"predecessor-version":[{"id":7683,"href":"https:\/\/somosdelprieto.com\/index.php\/wp-json\/wp\/v2\/posts\/7681\/revisions\/7683"}],"wp:featuredmedia":[{"embeddable":true,"href":"https:\/\/somosdelprieto.com\/index.php\/wp-json\/wp\/v2\/media\/7682"}],"wp:attachment":[{"href":"https:\/\/somosdelprieto.com\/index.php\/wp-json\/wp\/v2\/media?parent=7681"}],"wp:term":[{"taxonomy":"category","embeddable":true,"href":"https:\/\/somosdelprieto.com\/index.php\/wp-json\/wp\/v2\/categories?post=7681"},{"taxonomy":"post_tag","embeddable":true,"href":"https:\/\/somosdelprieto.com\/index.php\/wp-json\/wp\/v2\/tags?post=7681"}],"curies":[{"name":"wp","href":"https:\/\/api.w.org\/{rel}","templated":true}]}}