{"id":7609,"date":"2021-07-27T18:54:18","date_gmt":"2021-07-27T16:54:18","guid":{"rendered":"https:\/\/somosdelprieto.com\/?p=7609"},"modified":"2021-08-04T18:06:34","modified_gmt":"2021-08-04T16:06:34","slug":"el-alumnado-de-pefp-de-actividades-auxiliares-en-viveros-jardines-y-centros-de-jardineria-recibe-un-diploma-simbolico-por-su-labor-realizada-en-el-proyecto-invernadero-2-0","status":"publish","type":"post","link":"https:\/\/somosdelprieto.com\/index.php\/2021\/07\/27\/el-alumnado-de-pefp-de-actividades-auxiliares-en-viveros-jardines-y-centros-de-jardineria-recibe-un-diploma-simbolico-por-su-labor-realizada-en-el-proyecto-invernadero-2-0\/","title":{"rendered":"El alumnado de PEFP de Actividades Auxiliares en Viveros, Jardines y Centros de Jardiner\u00eda recibe un diploma simb\u00f3lico por su labor realizada en el proyecto \u201cInvernadero 2.0\u201d"},"content":{"rendered":"\n<p>El pasado d\u00eda 16 de junio de 2021 nuestro centro IES Gregorio Prieto recibi\u00f3 la visita de la consejera de Educaci\u00f3n, Cultura y Deportes, Rosa Ana Rodr\u00edguez; junto a la directora gerente del SESCAM, Regina Leal; el alcalde de Valdepe\u00f1as, Jes\u00fas Mart\u00edn; las directoras generales de FP y de Inclusi\u00f3n Educativa y Programas, Maite Company y Marian Marchante, junto con el delegado de Educaci\u00f3n en esta provincia, Jos\u00e9 Caro. Tras la inauguraci\u00f3n de la escultura \u201cEl Balc\u00f3n de la Esperanza\u201d, la consejera visit\u00f3 el \u201cInvernadero 2.0\u201d una instalaci\u00f3n que ha sido fruto del trabajo realizado en el proyecto concedido en la convocatoria del curso escolar 2020\/2021 por Bankia Dualiza-FP empresa.<\/p>\n\n\n\n<figure class=\"wp-block-image size-large\"><img loading=\"lazy\" decoding=\"async\" width=\"1024\" height=\"683\" src=\"https:\/\/somosdelprieto.com\/wp-content\/uploads\/2021\/07\/IMG_1283-1024x683.jpg\" alt=\"\" class=\"wp-image-7616\" srcset=\"https:\/\/somosdelprieto.com\/wp-content\/uploads\/2021\/07\/IMG_1283-1024x683.jpg 1024w, https:\/\/somosdelprieto.com\/wp-content\/uploads\/2021\/07\/IMG_1283-300x200.jpg 300w, https:\/\/somosdelprieto.com\/wp-content\/uploads\/2021\/07\/IMG_1283-768x512.jpg 768w, https:\/\/somosdelprieto.com\/wp-content\/uploads\/2021\/07\/IMG_1283-1536x1024.jpg 1536w, https:\/\/somosdelprieto.com\/wp-content\/uploads\/2021\/07\/IMG_1283-2048x1365.jpg 2048w\" sizes=\"auto, (max-width: 767px) 89vw, (max-width: 1000px) 54vw, (max-width: 1071px) 543px, 580px\" \/><\/figure>\n\n\n\n<p>La consejera Rosa Ana Rodr\u00edguez mostr\u00f3 su inter\u00e9s y realiz\u00f3 algunas preguntas curiosas relacionadas con el montaje, construcci\u00f3n y posterior uso del invernadero 2.0 al alumnado incluido en dicho proyecto.<\/p>\n\n\n\n<figure class=\"wp-block-image size-large\"><img loading=\"lazy\" decoding=\"async\" width=\"1024\" height=\"683\" src=\"https:\/\/somosdelprieto.com\/wp-content\/uploads\/2021\/07\/IMG_1320-1024x683.jpg\" alt=\"\" class=\"wp-image-7612\" srcset=\"https:\/\/somosdelprieto.com\/wp-content\/uploads\/2021\/07\/IMG_1320-1024x683.jpg 1024w, https:\/\/somosdelprieto.com\/wp-content\/uploads\/2021\/07\/IMG_1320-300x200.jpg 300w, https:\/\/somosdelprieto.com\/wp-content\/uploads\/2021\/07\/IMG_1320-768x512.jpg 768w, https:\/\/somosdelprieto.com\/wp-content\/uploads\/2021\/07\/IMG_1320-1536x1024.jpg 1536w, https:\/\/somosdelprieto.com\/wp-content\/uploads\/2021\/07\/IMG_1320-2048x1365.jpg 2048w\" sizes=\"auto, (max-width: 767px) 89vw, (max-width: 1000px) 54vw, (max-width: 1071px) 543px, 580px\" \/><\/figure>\n\n\n\n<p>Fue en este momento cuando la consejera, junto al director de este centro, David Espinosa; realizaron la entrega de unos diplomas conmemorativos al alumnado del Programa Espec\u00edfico y al alumnado colaborador del proyecto como algunos alumnos y alumnas de PMAR &nbsp;y FPB de Electricidad y Electr\u00f3nica, reconociendo de este modo su trabajo, esfuerzo e inter\u00e9s que han dedicado durante la realizaci\u00f3n del \u201cInvernadero 2.0\u201d.<\/p>\n\n\n\n<figure class=\"wp-block-gallery columns-2 is-cropped wp-block-gallery-1 is-layout-flex wp-block-gallery-is-layout-flex\"><ul class=\"blocks-gallery-grid\"><li class=\"blocks-gallery-item\"><figure><img loading=\"lazy\" decoding=\"async\" width=\"1024\" height=\"683\" src=\"https:\/\/somosdelprieto.com\/wp-content\/uploads\/2021\/07\/IMG_1422-1024x683.jpg\" alt=\"\" data-id=\"7613\" data-full-url=\"https:\/\/somosdelprieto.com\/wp-content\/uploads\/2021\/07\/IMG_1422-scaled.jpg\" data-link=\"https:\/\/somosdelprieto.com\/?attachment_id=7613\" class=\"wp-image-7613\" srcset=\"https:\/\/somosdelprieto.com\/wp-content\/uploads\/2021\/07\/IMG_1422-1024x683.jpg 1024w, https:\/\/somosdelprieto.com\/wp-content\/uploads\/2021\/07\/IMG_1422-300x200.jpg 300w, https:\/\/somosdelprieto.com\/wp-content\/uploads\/2021\/07\/IMG_1422-768x512.jpg 768w, https:\/\/somosdelprieto.com\/wp-content\/uploads\/2021\/07\/IMG_1422-1536x1024.jpg 1536w, https:\/\/somosdelprieto.com\/wp-content\/uploads\/2021\/07\/IMG_1422-2048x1365.jpg 2048w\" sizes=\"auto, (max-width: 767px) 89vw, (max-width: 1000px) 54vw, (max-width: 1071px) 543px, 580px\" \/><\/figure><\/li><li class=\"blocks-gallery-item\"><figure><img loading=\"lazy\" decoding=\"async\" width=\"1024\" height=\"683\" src=\"https:\/\/somosdelprieto.com\/wp-content\/uploads\/2021\/07\/IMG_1511-1024x683.jpg\" alt=\"\" data-id=\"7614\" data-full-url=\"https:\/\/somosdelprieto.com\/wp-content\/uploads\/2021\/07\/IMG_1511-scaled.jpg\" data-link=\"https:\/\/somosdelprieto.com\/?attachment_id=7614\" class=\"wp-image-7614\" srcset=\"https:\/\/somosdelprieto.com\/wp-content\/uploads\/2021\/07\/IMG_1511-1024x683.jpg 1024w, https:\/\/somosdelprieto.com\/wp-content\/uploads\/2021\/07\/IMG_1511-300x200.jpg 300w, https:\/\/somosdelprieto.com\/wp-content\/uploads\/2021\/07\/IMG_1511-768x512.jpg 768w, https:\/\/somosdelprieto.com\/wp-content\/uploads\/2021\/07\/IMG_1511-1536x1024.jpg 1536w, https:\/\/somosdelprieto.com\/wp-content\/uploads\/2021\/07\/IMG_1511-2048x1365.jpg 2048w\" sizes=\"auto, (max-width: 767px) 89vw, (max-width: 1000px) 54vw, (max-width: 1071px) 543px, 580px\" \/><\/figure><\/li><\/ul><\/figure>\n\n\n\n<p><\/p>\n","protected":false},"excerpt":{"rendered":"<p>El pasado d\u00eda 16 de junio de 2021 nuestro centro IES Gregorio Prieto recibi\u00f3 la visita de la consejera de Educaci\u00f3n, Cultura y Deportes, Rosa Ana Rodr\u00edguez; junto a la directora gerente del SESCAM, Regina Leal; el alcalde de Valdepe\u00f1as, Jes\u00fas Mart\u00edn; las directoras generales de FP y de Inclusi\u00f3n Educativa y Programas, Maite Company &hellip; <\/p>\n<p class=\"link-more\"><a href=\"https:\/\/somosdelprieto.com\/index.php\/2021\/07\/27\/el-alumnado-de-pefp-de-actividades-auxiliares-en-viveros-jardines-y-centros-de-jardineria-recibe-un-diploma-simbolico-por-su-labor-realizada-en-el-proyecto-invernadero-2-0\/\" class=\"more-link\">Continuar leyendo<span class=\"screen-reader-text\"> \u00abEl alumnado de PEFP de Actividades Auxiliares en Viveros, Jardines y Centros de Jardiner\u00eda recibe un diploma simb\u00f3lico por su labor realizada en el proyecto \u201cInvernadero 2.0\u201d\u00bb<\/span><\/a><\/p>\n","protected":false},"author":17,"featured_media":7613,"comment_status":"closed","ping_status":"closed","sticky":false,"template":"","format":"image","meta":{"footnotes":""},"categories":[22,131,99,62,1,84],"tags":[178,148],"class_list":["post-7609","post","type-post","status-publish","format-image","has-post-thumbnail","hentry","category-agraria","category-fp-dual","category-igualdad","category-innovacion","category-noticias","category-proyecto-dualiza","tag-bankia-dualiza","tag-fp-empresa","post_format-post-format-image"],"_links":{"self":[{"href":"https:\/\/somosdelprieto.com\/index.php\/wp-json\/wp\/v2\/posts\/7609","targetHints":{"allow":["GET"]}}],"collection":[{"href":"https:\/\/somosdelprieto.com\/index.php\/wp-json\/wp\/v2\/posts"}],"about":[{"href":"https:\/\/somosdelprieto.com\/index.php\/wp-json\/wp\/v2\/types\/post"}],"author":[{"embeddable":true,"href":"https:\/\/somosdelprieto.com\/index.php\/wp-json\/wp\/v2\/users\/17"}],"replies":[{"embeddable":true,"href":"https:\/\/somosdelprieto.com\/index.php\/wp-json\/wp\/v2\/comments?post=7609"}],"version-history":[{"count":4,"href":"https:\/\/somosdelprieto.com\/index.php\/wp-json\/wp\/v2\/posts\/7609\/revisions"}],"predecessor-version":[{"id":7676,"href":"https:\/\/somosdelprieto.com\/index.php\/wp-json\/wp\/v2\/posts\/7609\/revisions\/7676"}],"wp:featuredmedia":[{"embeddable":true,"href":"https:\/\/somosdelprieto.com\/index.php\/wp-json\/wp\/v2\/media\/7613"}],"wp:attachment":[{"href":"https:\/\/somosdelprieto.com\/index.php\/wp-json\/wp\/v2\/media?parent=7609"}],"wp:term":[{"taxonomy":"category","embeddable":true,"href":"https:\/\/somosdelprieto.com\/index.php\/wp-json\/wp\/v2\/categories?post=7609"},{"taxonomy":"post_tag","embeddable":true,"href":"https:\/\/somosdelprieto.com\/index.php\/wp-json\/wp\/v2\/tags?post=7609"}],"curies":[{"name":"wp","href":"https:\/\/api.w.org\/{rel}","templated":true}]}}