{"id":7565,"date":"2021-07-19T12:22:25","date_gmt":"2021-07-19T10:22:25","guid":{"rendered":"https:\/\/somosdelprieto.com\/?p=7565"},"modified":"2021-07-19T12:22:25","modified_gmt":"2021-07-19T10:22:25","slug":"el-ies-gregorio-prieto-acoge-la-reunion-de-coordinacion-regional-del-aula-del-futuro-de-castilla-la-mancha","status":"publish","type":"post","link":"https:\/\/somosdelprieto.com\/index.php\/2021\/07\/19\/el-ies-gregorio-prieto-acoge-la-reunion-de-coordinacion-regional-del-aula-del-futuro-de-castilla-la-mancha\/","title":{"rendered":"El IES Gregorio Prieto acoge la reuni\u00f3n de coordinaci\u00f3n Regional del Aula del Futuro de Castilla la Mancha"},"content":{"rendered":"\n<p>El director del Centro Regional de Formaci\u00f3n del Profesorado (CRFP), Jos\u00e9 Antonio Bravo, ha participado en un encuentro con los ocho embajadores del \u2018Aula del Futuro de Castilla-La Mancha\u2019, un proyecto formativo convenido con el Ministerio de Educaci\u00f3n y Formaci\u00f3n Profesional, que se pondr\u00e1 en marcha a partir del curso 2021-2022.<\/p>\n\n\n\n<p>En el seno del encuentro, celebrado en el <strong>IES Gregorio Prieto de Valdepe\u00f1as<\/strong>, los presentes\u00a0&#8230;<a rel=\"noreferrer noopener\" href=\"https:\/\/www.latribunadeciudadreal.es\/noticia\/Z9CDB398B-C6F5-8B19-A614CB5C1B670E7B\/202106\/reunion-para-definir-los-pormenores-de-aula-del-futuro\" data-type=\"URL\" data-id=\"https:\/\/www.latribunadeciudadreal.es\/noticia\/Z9CDB398B-C6F5-8B19-A614CB5C1B670E7B\/202106\/reunion-para-definir-los-pormenores-de-aula-del-futuro\" target=\"_blank\">(seguir leyendo : Fuente original en la Tribuna de Ciudad Real, 30\/06\/2021)<\/a><\/p>\n\n\n\n<figure class=\"wp-block-embed is-type-video is-provider-youtube wp-block-embed-youtube wp-embed-aspect-16-9 wp-has-aspect-ratio\"><div class=\"wp-block-embed__wrapper\">\n<iframe loading=\"lazy\" title=\"Aula del Futuro IES Gregorio Prieto Noticia Informativos 30\/06\/2021\" width=\"525\" height=\"295\" src=\"https:\/\/www.youtube.com\/embed\/1x2P9_suAV4?feature=oembed\" frameborder=\"0\" allow=\"accelerometer; autoplay; clipboard-write; encrypted-media; gyroscope; picture-in-picture; web-share\" referrerpolicy=\"strict-origin-when-cross-origin\" allowfullscreen><\/iframe>\n<\/div><figcaption>Aula del Futuro IES Gregorio Prieto. Noticia Informativos TELEVAL 30\/06\/2021<\/figcaption><\/figure>\n","protected":false},"excerpt":{"rendered":"<p>El director del Centro Regional de Formaci\u00f3n del Profesorado (CRFP), Jos\u00e9 Antonio Bravo, ha participado en un encuentro con los ocho embajadores del \u2018Aula del Futuro de Castilla-La Mancha\u2019, un proyecto formativo convenido con el Ministerio de Educaci\u00f3n y Formaci\u00f3n Profesional, que se pondr\u00e1 en marcha a partir del curso 2021-2022. En el seno del &hellip; <\/p>\n<p class=\"link-more\"><a href=\"https:\/\/somosdelprieto.com\/index.php\/2021\/07\/19\/el-ies-gregorio-prieto-acoge-la-reunion-de-coordinacion-regional-del-aula-del-futuro-de-castilla-la-mancha\/\" class=\"more-link\">Continuar leyendo<span class=\"screen-reader-text\"> \u00abEl IES Gregorio Prieto acoge la reuni\u00f3n de coordinaci\u00f3n Regional del Aula del Futuro de Castilla la Mancha\u00bb<\/span><\/a><\/p>\n","protected":false},"author":46,"featured_media":6677,"comment_status":"closed","ping_status":"closed","sticky":false,"template":"","format":"standard","meta":{"footnotes":""},"categories":[109,1],"tags":[177],"class_list":["post-7565","post","type-post","status-publish","format-standard","has-post-thumbnail","hentry","category-aula-siglo-xxi","category-noticias","tag-aula-siglo-xxi"],"_links":{"self":[{"href":"https:\/\/somosdelprieto.com\/index.php\/wp-json\/wp\/v2\/posts\/7565","targetHints":{"allow":["GET"]}}],"collection":[{"href":"https:\/\/somosdelprieto.com\/index.php\/wp-json\/wp\/v2\/posts"}],"about":[{"href":"https:\/\/somosdelprieto.com\/index.php\/wp-json\/wp\/v2\/types\/post"}],"author":[{"embeddable":true,"href":"https:\/\/somosdelprieto.com\/index.php\/wp-json\/wp\/v2\/users\/46"}],"replies":[{"embeddable":true,"href":"https:\/\/somosdelprieto.com\/index.php\/wp-json\/wp\/v2\/comments?post=7565"}],"version-history":[{"count":3,"href":"https:\/\/somosdelprieto.com\/index.php\/wp-json\/wp\/v2\/posts\/7565\/revisions"}],"predecessor-version":[{"id":7569,"href":"https:\/\/somosdelprieto.com\/index.php\/wp-json\/wp\/v2\/posts\/7565\/revisions\/7569"}],"wp:featuredmedia":[{"embeddable":true,"href":"https:\/\/somosdelprieto.com\/index.php\/wp-json\/wp\/v2\/media\/6677"}],"wp:attachment":[{"href":"https:\/\/somosdelprieto.com\/index.php\/wp-json\/wp\/v2\/media?parent=7565"}],"wp:term":[{"taxonomy":"category","embeddable":true,"href":"https:\/\/somosdelprieto.com\/index.php\/wp-json\/wp\/v2\/categories?post=7565"},{"taxonomy":"post_tag","embeddable":true,"href":"https:\/\/somosdelprieto.com\/index.php\/wp-json\/wp\/v2\/tags?post=7565"}],"curies":[{"name":"wp","href":"https:\/\/api.w.org\/{rel}","templated":true}]}}