{"id":7120,"date":"2021-06-10T17:57:41","date_gmt":"2021-06-10T15:57:41","guid":{"rendered":"https:\/\/somosdelprieto.com\/?p=7120"},"modified":"2021-06-11T06:54:35","modified_gmt":"2021-06-11T04:54:35","slug":"homenajeados-de-nuestro-centro-en-el-xii-dia-de-la-educacion-de-valdepenas","status":"publish","type":"post","link":"https:\/\/somosdelprieto.com\/index.php\/2021\/06\/10\/homenajeados-de-nuestro-centro-en-el-xii-dia-de-la-educacion-de-valdepenas\/","title":{"rendered":"HOMENAJEADOS DE NUESTRO CENTRO EN EL XII D\u00cdA DE LA EDUCACI\u00d3N DE VALDEPE\u00d1AS"},"content":{"rendered":"\n<p>Ayer, en el Teatro Auditorio \u00abFrancisco Nieva\u00bb, pudimos asistir al acto celebrado con motivo del XII D\u00eda de la Educaci\u00f3n de Valdepe\u00f1as &#8211; Distinciones y Reconocimientos educativos \u00abLorenzo Luzuriaga\u00bb.<\/p>\n\n\n\n<p>Por parte de nuestro centro, recibieron este reconocimiento:<\/p>\n\n\n\n<ul class=\"wp-block-list\"><li>Don Jos\u00e9 Serrano Laguna (del sector de personal de Administraci\u00f3n y Servicios)<\/li><li>Don Francisco Jos\u00e9 Ar\u00e9valo Garc\u00eda (del sector de personal docente, en representaci\u00f3n de todos\/as las jubilados\/a de este curso y del anterior).<\/li><li>Don Joaqu\u00edn Gonz\u00e1lez del Pino (del sector de las familias y Presidente de nuestro AMPA).<\/li><\/ul>\n\n\n\n<p>\u00a1Enhorabuena a todos los homenajeados de nuestro centro educativo y del resto de centros!.<\/p>\n\n\n\n<figure class=\"wp-block-image size-large\"><img loading=\"lazy\" decoding=\"async\" width=\"1024\" height=\"498\" src=\"https:\/\/somosdelprieto.com\/wp-content\/uploads\/2021\/06\/20210609_192706-1-1024x498.jpg\" alt=\"\" class=\"wp-image-7124\" srcset=\"https:\/\/somosdelprieto.com\/wp-content\/uploads\/2021\/06\/20210609_192706-1-1024x498.jpg 1024w, https:\/\/somosdelprieto.com\/wp-content\/uploads\/2021\/06\/20210609_192706-1-300x146.jpg 300w, https:\/\/somosdelprieto.com\/wp-content\/uploads\/2021\/06\/20210609_192706-1-768x373.jpg 768w, https:\/\/somosdelprieto.com\/wp-content\/uploads\/2021\/06\/20210609_192706-1-1536x747.jpg 1536w, https:\/\/somosdelprieto.com\/wp-content\/uploads\/2021\/06\/20210609_192706-1-2048x996.jpg 2048w\" sizes=\"auto, (max-width: 767px) 89vw, (max-width: 1000px) 54vw, (max-width: 1071px) 543px, 580px\" \/><\/figure>\n\n\n\n<figure class=\"wp-block-image size-large\"><img loading=\"lazy\" decoding=\"async\" width=\"1024\" height=\"498\" src=\"https:\/\/somosdelprieto.com\/wp-content\/uploads\/2021\/06\/20210609_195035-1-1024x498.jpg\" alt=\"\" class=\"wp-image-7125\" srcset=\"https:\/\/somosdelprieto.com\/wp-content\/uploads\/2021\/06\/20210609_195035-1-1024x498.jpg 1024w, https:\/\/somosdelprieto.com\/wp-content\/uploads\/2021\/06\/20210609_195035-1-300x146.jpg 300w, https:\/\/somosdelprieto.com\/wp-content\/uploads\/2021\/06\/20210609_195035-1-768x373.jpg 768w, https:\/\/somosdelprieto.com\/wp-content\/uploads\/2021\/06\/20210609_195035-1-1536x747.jpg 1536w, https:\/\/somosdelprieto.com\/wp-content\/uploads\/2021\/06\/20210609_195035-1-2048x996.jpg 2048w\" sizes=\"auto, (max-width: 767px) 89vw, (max-width: 1000px) 54vw, (max-width: 1071px) 543px, 580px\" \/><\/figure>\n\n\n\n<figure class=\"wp-block-image size-large\"><img loading=\"lazy\" decoding=\"async\" width=\"1024\" height=\"498\" src=\"https:\/\/somosdelprieto.com\/wp-content\/uploads\/2021\/06\/20210609_191931-1-1024x498.jpg\" alt=\"\" class=\"wp-image-7126\" srcset=\"https:\/\/somosdelprieto.com\/wp-content\/uploads\/2021\/06\/20210609_191931-1-1024x498.jpg 1024w, https:\/\/somosdelprieto.com\/wp-content\/uploads\/2021\/06\/20210609_191931-1-300x146.jpg 300w, https:\/\/somosdelprieto.com\/wp-content\/uploads\/2021\/06\/20210609_191931-1-768x373.jpg 768w, https:\/\/somosdelprieto.com\/wp-content\/uploads\/2021\/06\/20210609_191931-1-1536x747.jpg 1536w, https:\/\/somosdelprieto.com\/wp-content\/uploads\/2021\/06\/20210609_191931-1-2048x996.jpg 2048w\" sizes=\"auto, (max-width: 767px) 89vw, (max-width: 1000px) 54vw, (max-width: 1071px) 543px, 580px\" \/><\/figure>\n","protected":false},"excerpt":{"rendered":"<p>Ayer, en el Teatro Auditorio \u00abFrancisco Nieva\u00bb, pudimos asistir al acto celebrado con motivo del XII D\u00eda de la Educaci\u00f3n de Valdepe\u00f1as &#8211; Distinciones y Reconocimientos educativos \u00abLorenzo Luzuriaga\u00bb. Por parte de nuestro centro, recibieron este reconocimiento: Don Jos\u00e9 Serrano Laguna (del sector de personal de Administraci\u00f3n y Servicios) Don Francisco Jos\u00e9 Ar\u00e9valo Garc\u00eda (del &hellip; <\/p>\n<p class=\"link-more\"><a href=\"https:\/\/somosdelprieto.com\/index.php\/2021\/06\/10\/homenajeados-de-nuestro-centro-en-el-xii-dia-de-la-educacion-de-valdepenas\/\" class=\"more-link\">Continuar leyendo<span class=\"screen-reader-text\"> \u00abHOMENAJEADOS DE NUESTRO CENTRO EN EL XII D\u00cdA DE LA EDUCACI\u00d3N DE VALDEPE\u00d1AS\u00bb<\/span><\/a><\/p>\n","protected":false},"author":4,"featured_media":7127,"comment_status":"closed","ping_status":"closed","sticky":false,"template":"","format":"standard","meta":{"footnotes":""},"categories":[1,14],"tags":[163,164,162],"class_list":["post-7120","post","type-post","status-publish","format-standard","has-post-thumbnail","hentry","category-noticias","category-premios","tag-homenaje","tag-lorenzo-luzuriaga","tag-reconocimiento"],"_links":{"self":[{"href":"https:\/\/somosdelprieto.com\/index.php\/wp-json\/wp\/v2\/posts\/7120","targetHints":{"allow":["GET"]}}],"collection":[{"href":"https:\/\/somosdelprieto.com\/index.php\/wp-json\/wp\/v2\/posts"}],"about":[{"href":"https:\/\/somosdelprieto.com\/index.php\/wp-json\/wp\/v2\/types\/post"}],"author":[{"embeddable":true,"href":"https:\/\/somosdelprieto.com\/index.php\/wp-json\/wp\/v2\/users\/4"}],"replies":[{"embeddable":true,"href":"https:\/\/somosdelprieto.com\/index.php\/wp-json\/wp\/v2\/comments?post=7120"}],"version-history":[{"count":3,"href":"https:\/\/somosdelprieto.com\/index.php\/wp-json\/wp\/v2\/posts\/7120\/revisions"}],"predecessor-version":[{"id":7130,"href":"https:\/\/somosdelprieto.com\/index.php\/wp-json\/wp\/v2\/posts\/7120\/revisions\/7130"}],"wp:featuredmedia":[{"embeddable":true,"href":"https:\/\/somosdelprieto.com\/index.php\/wp-json\/wp\/v2\/media\/7127"}],"wp:attachment":[{"href":"https:\/\/somosdelprieto.com\/index.php\/wp-json\/wp\/v2\/media?parent=7120"}],"wp:term":[{"taxonomy":"category","embeddable":true,"href":"https:\/\/somosdelprieto.com\/index.php\/wp-json\/wp\/v2\/categories?post=7120"},{"taxonomy":"post_tag","embeddable":true,"href":"https:\/\/somosdelprieto.com\/index.php\/wp-json\/wp\/v2\/tags?post=7120"}],"curies":[{"name":"wp","href":"https:\/\/api.w.org\/{rel}","templated":true}]}}