{"id":6047,"date":"2021-04-29T13:30:01","date_gmt":"2021-04-29T11:30:01","guid":{"rendered":"https:\/\/somosdelprieto.com\/?p=6047"},"modified":"2021-04-30T07:08:07","modified_gmt":"2021-04-30T05:08:07","slug":"fallo-del-jurado-del-tercer-concurso-de-relato-corto-departamento-de-lengua-castellana-y-literatura","status":"publish","type":"post","link":"https:\/\/somosdelprieto.com\/index.php\/2021\/04\/29\/fallo-del-jurado-del-tercer-concurso-de-relato-corto-departamento-de-lengua-castellana-y-literatura\/","title":{"rendered":"Fallo del Jurado del tercer concurso de Relato corto. Departamento de Lengua castellana y Literatura"},"content":{"rendered":"\n<p>Los ganadores del concurso son los siguientes:<\/p>\n\n\n\n<p>1\u00aa Categor\u00eda: In\u00e9s S\u00e1nchez Garrido de 1\u00ba ESO B-1. Acc\u00e9sit: Carla Villarrasa Rufi\u00e1n. 2\u00aa B-2<\/p>\n\n\n\n<p>2\u00aa Categor\u00eda: Julia Torres Torres de 4\u00ba B-2. Acc\u00e9sit: Mateo Fern\u00e1ndez Antequera: 3\u00baESO B-2<\/p>\n\n\n\n<p>3\u00aa Categor\u00eda: Elena Valverde Fern\u00e1ndez de 1\u00ba de Bachillerato de Ciencias.<\/p>\n\n\n\n<p><\/p>\n","protected":false},"excerpt":{"rendered":"<p>Los ganadores del concurso son los siguientes: 1\u00aa Categor\u00eda: In\u00e9s S\u00e1nchez Garrido de 1\u00ba ESO B-1. Acc\u00e9sit: Carla Villarrasa Rufi\u00e1n. 2\u00aa B-2 2\u00aa Categor\u00eda: Julia Torres Torres de 4\u00ba B-2. Acc\u00e9sit: Mateo Fern\u00e1ndez Antequera: 3\u00baESO B-2 3\u00aa Categor\u00eda: Elena Valverde Fern\u00e1ndez de 1\u00ba de Bachillerato de Ciencias.<\/p>\n","protected":false},"author":34,"featured_media":6217,"comment_status":"closed","ping_status":"closed","sticky":false,"template":"","format":"standard","meta":{"footnotes":""},"categories":[37,1,14],"tags":[],"class_list":["post-6047","post","type-post","status-publish","format-standard","has-post-thumbnail","hentry","category-lengua-y-literatura","category-noticias","category-premios"],"_links":{"self":[{"href":"https:\/\/somosdelprieto.com\/index.php\/wp-json\/wp\/v2\/posts\/6047","targetHints":{"allow":["GET"]}}],"collection":[{"href":"https:\/\/somosdelprieto.com\/index.php\/wp-json\/wp\/v2\/posts"}],"about":[{"href":"https:\/\/somosdelprieto.com\/index.php\/wp-json\/wp\/v2\/types\/post"}],"author":[{"embeddable":true,"href":"https:\/\/somosdelprieto.com\/index.php\/wp-json\/wp\/v2\/users\/34"}],"replies":[{"embeddable":true,"href":"https:\/\/somosdelprieto.com\/index.php\/wp-json\/wp\/v2\/comments?post=6047"}],"version-history":[{"count":7,"href":"https:\/\/somosdelprieto.com\/index.php\/wp-json\/wp\/v2\/posts\/6047\/revisions"}],"predecessor-version":[{"id":6225,"href":"https:\/\/somosdelprieto.com\/index.php\/wp-json\/wp\/v2\/posts\/6047\/revisions\/6225"}],"wp:featuredmedia":[{"embeddable":true,"href":"https:\/\/somosdelprieto.com\/index.php\/wp-json\/wp\/v2\/media\/6217"}],"wp:attachment":[{"href":"https:\/\/somosdelprieto.com\/index.php\/wp-json\/wp\/v2\/media?parent=6047"}],"wp:term":[{"taxonomy":"category","embeddable":true,"href":"https:\/\/somosdelprieto.com\/index.php\/wp-json\/wp\/v2\/categories?post=6047"},{"taxonomy":"post_tag","embeddable":true,"href":"https:\/\/somosdelprieto.com\/index.php\/wp-json\/wp\/v2\/tags?post=6047"}],"curies":[{"name":"wp","href":"https:\/\/api.w.org\/{rel}","templated":true}]}}