{"id":5681,"date":"2021-04-21T00:08:33","date_gmt":"2021-04-20T22:08:33","guid":{"rendered":"https:\/\/somosdelprieto.com\/?p=5681"},"modified":"2021-04-25T13:01:09","modified_gmt":"2021-04-25T11:01:09","slug":"jornada-virtual-de-puertas-abiertas-para-formacion-profesional-abril-de-2021","status":"publish","type":"post","link":"https:\/\/somosdelprieto.com\/index.php\/2021\/04\/21\/jornada-virtual-de-puertas-abiertas-para-formacion-profesional-abril-de-2021\/","title":{"rendered":"JORNADA VIRTUAL DE PUERTAS ABIERTAS PARA FORMACI\u00d3N PROFESIONAL &#8211; ABRIL DE 2021"},"content":{"rendered":"\n<p>El pr\u00f3ximo viernes 23 de abril de 2021, a las 12:30 horas, emitiremos en directo a trav\u00e9s de YOUTUBE nuestra jornada virtual de puertas abiertas para FP.<\/p>\n\n\n\n<p>Tras un reportaje de aproximadamente una hora de duraci\u00f3n, donde hablaremos de todos los ciclos formativos que impartimos en el centro,  los interesados\/as podr\u00e1n realizar cualquier consulta a trav\u00e9s del chat de Youtube. El equipo directivo y los jefes\/as de los departamentos de las familias profesionales responder\u00e1n a todas las cuestiones y dudas que se planteen.<\/p>\n\n\n\n<p>El v\u00eddeo estar\u00e1 disponible de forma permanente en el enlace indicado, para las personas que no puedan visualizarlo en directo.<\/p>\n\n\n\n<figure class=\"wp-block-embed is-type-video is-provider-youtube wp-block-embed-youtube wp-embed-aspect-16-9 wp-has-aspect-ratio\"><div class=\"wp-block-embed__wrapper\">\n<iframe loading=\"lazy\" title=\"Directo al Prieto FP\" width=\"525\" height=\"295\" src=\"https:\/\/www.youtube.com\/embed\/oJqYGEeBjl8?feature=oembed\" frameborder=\"0\" allow=\"accelerometer; autoplay; clipboard-write; encrypted-media; gyroscope; picture-in-picture; web-share\" referrerpolicy=\"strict-origin-when-cross-origin\" allowfullscreen><\/iframe>\n<\/div><\/figure>\n\n\n\n<p><\/p>\n\n\n\n<p>Nuestro agradecimiento a la familia profesional de Comercio y Marketing, y en especial a Roc\u00edo Mart\u00ednez y a Jos\u00e9 Luis del Coso, por su enorme esfuerzo y dedicaci\u00f3n en la preparaci\u00f3n de esta webinar.<\/p>\n\n\n\n<p>Os mostramos uno de los v\u00eddeos de promoci\u00f3n que se van a difundir a trav\u00e9s de las redes sociales:<\/p>\n\n\n\n<figure class=\"wp-block-embed is-type-video is-provider-youtube wp-block-embed-youtube wp-embed-aspect-16-9 wp-has-aspect-ratio\"><div class=\"wp-block-embed__wrapper\">\n<iframe loading=\"lazy\" title=\"Pr\u00f3ximas Jornadas Formativas Virtuales IES Gregorio Prieto Noticia Informativos 22\/04\/2021\" width=\"525\" height=\"295\" src=\"https:\/\/www.youtube.com\/embed\/GCtuFGJat0g?feature=oembed\" frameborder=\"0\" allow=\"accelerometer; autoplay; clipboard-write; encrypted-media; gyroscope; picture-in-picture; web-share\" referrerpolicy=\"strict-origin-when-cross-origin\" allowfullscreen><\/iframe>\n<\/div><\/figure>\n\n\n\n<p><strong>INFORMACI\u00d3N SOBRE LA COFINANCIACI\u00d3N DEL FONDO SOCIAL EUROPEO<\/strong>:<\/p>\n\n\n\n<div style=\"width: 100%;\"><div style=\"position: relative; padding-bottom: 56.25%; padding-top: 0; height: 0;\"><iframe loading=\"lazy\" frameborder=\"0\" width=\"1200\" height=\"675\" style=\"position: absolute; top: 0; left: 0; width: 100%; height: 100%;\" src=\"https:\/\/view.genial.ly\/608102ab4298ce0d07466a46\" type=\"text\/html\" allowscriptaccess=\"always\" allowfullscreen=\"true\" scrolling=\"yes\" allownetworking=\"all\"><\/iframe> <\/div> <\/div>\n","protected":false},"excerpt":{"rendered":"<p>El pr\u00f3ximo viernes 23 de abril de 2021, a las 12:30 horas, emitiremos en directo a trav\u00e9s de YOUTUBE nuestra jornada virtual de puertas abiertas para FP. Tras un reportaje de aproximadamente una hora de duraci\u00f3n, donde hablaremos de todos los ciclos formativos que impartimos en el centro, los interesados\/as podr\u00e1n realizar cualquier consulta a &hellip; <\/p>\n<p class=\"link-more\"><a href=\"https:\/\/somosdelprieto.com\/index.php\/2021\/04\/21\/jornada-virtual-de-puertas-abiertas-para-formacion-profesional-abril-de-2021\/\" class=\"more-link\">Continuar leyendo<span class=\"screen-reader-text\"> \u00abJORNADA VIRTUAL DE PUERTAS ABIERTAS PARA FORMACI\u00d3N PROFESIONAL &#8211; ABRIL DE 2021\u00bb<\/span><\/a><\/p>\n","protected":false},"author":4,"featured_media":1575,"comment_status":"closed","ping_status":"closed","sticky":false,"template":"","format":"standard","meta":{"footnotes":""},"categories":[7,22,8,27,129,30,33,34,130,1,43],"tags":[100],"class_list":["post-5681","post","type-post","status-publish","format-standard","has-post-thumbnail","hentry","category-administracion","category-agraria","category-comercio","category-electricidad-y-electronica","category-fondo-social-europeo","category-formacion-y-orientacion-laboral","category-hosteleria-y-turismo","category-industrias-alimentarias","category-jornadas-de-puertas-abiertas","category-noticias","category-transporte-y-mantenimiento-de-vehiculos","tag-jornada-de-puertas-abiertas"],"_links":{"self":[{"href":"https:\/\/somosdelprieto.com\/index.php\/wp-json\/wp\/v2\/posts\/5681","targetHints":{"allow":["GET"]}}],"collection":[{"href":"https:\/\/somosdelprieto.com\/index.php\/wp-json\/wp\/v2\/posts"}],"about":[{"href":"https:\/\/somosdelprieto.com\/index.php\/wp-json\/wp\/v2\/types\/post"}],"author":[{"embeddable":true,"href":"https:\/\/somosdelprieto.com\/index.php\/wp-json\/wp\/v2\/users\/4"}],"replies":[{"embeddable":true,"href":"https:\/\/somosdelprieto.com\/index.php\/wp-json\/wp\/v2\/comments?post=5681"}],"version-history":[{"count":12,"href":"https:\/\/somosdelprieto.com\/index.php\/wp-json\/wp\/v2\/posts\/5681\/revisions"}],"predecessor-version":[{"id":6075,"href":"https:\/\/somosdelprieto.com\/index.php\/wp-json\/wp\/v2\/posts\/5681\/revisions\/6075"}],"wp:featuredmedia":[{"embeddable":true,"href":"https:\/\/somosdelprieto.com\/index.php\/wp-json\/wp\/v2\/media\/1575"}],"wp:attachment":[{"href":"https:\/\/somosdelprieto.com\/index.php\/wp-json\/wp\/v2\/media?parent=5681"}],"wp:term":[{"taxonomy":"category","embeddable":true,"href":"https:\/\/somosdelprieto.com\/index.php\/wp-json\/wp\/v2\/categories?post=5681"},{"taxonomy":"post_tag","embeddable":true,"href":"https:\/\/somosdelprieto.com\/index.php\/wp-json\/wp\/v2\/tags?post=5681"}],"curies":[{"name":"wp","href":"https:\/\/api.w.org\/{rel}","templated":true}]}}