{"id":5303,"date":"2021-04-15T17:48:45","date_gmt":"2021-04-15T15:48:45","guid":{"rendered":"https:\/\/somosdelprieto.com\/?p=5303"},"modified":"2021-04-15T18:59:50","modified_gmt":"2021-04-15T16:59:50","slug":"5303","status":"publish","type":"post","link":"https:\/\/somosdelprieto.com\/index.php\/2021\/04\/15\/5303\/","title":{"rendered":"CONVOCADAS LAS PRUEBAS DE ACCESO A CICLOS FORMATIVOS DE GRADO MEDIO Y SUPERIOR PARA EL A\u00d1O ACAD\u00c9MICO 2020\/2021"},"content":{"rendered":"\n<p>Publicada la Resoluci\u00f3n por la que se convocan las&nbsp;<strong>Pruebas de Acceso a Ciclos Formativos<\/strong>&nbsp;de Formaci\u00f3n Profesional para el a\u00f1o acad\u00e9mico&nbsp;<strong>2020\/2021<\/strong>.<\/p>\n\n\n\n<p><\/p>\n\n\n\n<p><a href=\"https:\/\/somosdelprieto.com\/index.php\/secretaria\/pruebas-de-acceso-a-ciclos-formativos-de-formacion-profesional-a-grado-medio-y-grado-superior\/\">M\u00e1s informaci\u00f3n en nuestra secci\u00f3n Secretar\u00eda &#8211; Admisi\u00f3n de alumnado &#8211; Pruebas de Acceso a Formaci\u00f3n Profesional (a Grado Medio y Grado Superior)<\/a><\/p>\n","protected":false},"excerpt":{"rendered":"<p>Publicada la Resoluci\u00f3n por la que se convocan las&nbsp;Pruebas de Acceso a Ciclos Formativos&nbsp;de Formaci\u00f3n Profesional para el a\u00f1o acad\u00e9mico&nbsp;2020\/2021. M\u00e1s informaci\u00f3n en nuestra secci\u00f3n Secretar\u00eda &#8211; Admisi\u00f3n de alumnado &#8211; Pruebas de Acceso a Formaci\u00f3n Profesional (a Grado Medio y Grado Superior)<\/p>\n","protected":false},"author":4,"featured_media":3354,"comment_status":"closed","ping_status":"closed","sticky":false,"template":"","format":"standard","meta":{"footnotes":""},"categories":[1,126,47],"tags":[50],"class_list":["post-5303","post","type-post","status-publish","format-standard","has-post-thumbnail","hentry","category-noticias","category-pruebas-de-acceso-a-ciclos-formativos","category-secretaria","tag-curso-preparatorio-para-las-pruebas-de-acceso-a-ciclos-formativos-de-grado-superior"],"_links":{"self":[{"href":"https:\/\/somosdelprieto.com\/index.php\/wp-json\/wp\/v2\/posts\/5303","targetHints":{"allow":["GET"]}}],"collection":[{"href":"https:\/\/somosdelprieto.com\/index.php\/wp-json\/wp\/v2\/posts"}],"about":[{"href":"https:\/\/somosdelprieto.com\/index.php\/wp-json\/wp\/v2\/types\/post"}],"author":[{"embeddable":true,"href":"https:\/\/somosdelprieto.com\/index.php\/wp-json\/wp\/v2\/users\/4"}],"replies":[{"embeddable":true,"href":"https:\/\/somosdelprieto.com\/index.php\/wp-json\/wp\/v2\/comments?post=5303"}],"version-history":[{"count":4,"href":"https:\/\/somosdelprieto.com\/index.php\/wp-json\/wp\/v2\/posts\/5303\/revisions"}],"predecessor-version":[{"id":5308,"href":"https:\/\/somosdelprieto.com\/index.php\/wp-json\/wp\/v2\/posts\/5303\/revisions\/5308"}],"wp:featuredmedia":[{"embeddable":true,"href":"https:\/\/somosdelprieto.com\/index.php\/wp-json\/wp\/v2\/media\/3354"}],"wp:attachment":[{"href":"https:\/\/somosdelprieto.com\/index.php\/wp-json\/wp\/v2\/media?parent=5303"}],"wp:term":[{"taxonomy":"category","embeddable":true,"href":"https:\/\/somosdelprieto.com\/index.php\/wp-json\/wp\/v2\/categories?post=5303"},{"taxonomy":"post_tag","embeddable":true,"href":"https:\/\/somosdelprieto.com\/index.php\/wp-json\/wp\/v2\/tags?post=5303"}],"curies":[{"name":"wp","href":"https:\/\/api.w.org\/{rel}","templated":true}]}}