{"id":4590,"date":"2021-03-08T21:09:26","date_gmt":"2021-03-08T20:09:26","guid":{"rendered":"https:\/\/somosdelprieto.com\/?p=4590"},"modified":"2021-03-09T10:12:00","modified_gmt":"2021-03-09T09:12:00","slug":"8m-dia-internacional-de-la-mujer","status":"publish","type":"post","link":"https:\/\/somosdelprieto.com\/index.php\/2021\/03\/08\/8m-dia-internacional-de-la-mujer\/","title":{"rendered":"8M DIA INTERNACIONAL DE LA MUJER"},"content":{"rendered":"\n<p>El 8 de marzo de 2021 volvemos a conmemorar este d\u00eda&#8230;<\/p>\n\n\n\n<ul class=\"wp-block-list\"><li><span class=\"has-inline-color has-vivid-purple-color\">Decorando el instituto con globos morados.<\/span><\/li><li><span class=\"has-inline-color has-vivid-red-color\">Disfrutando de la exposici\u00f3n titulada \u00abLa mujer en la Prehistoria moderna\u00bb, a cargo de nuestro compa\u00f1ero de Historia Inocente Blanco de la Rubia.<\/span><\/li><li><span class=\"has-inline-color has-vivid-cyan-blue-color\">Ambientando el centro con m\u00fasica.<\/span><\/li><li><span style=\"color:#1200a3\" class=\"has-inline-color\">Exponiendo el v\u00eddeo \u00abTodas somos importantes\u00bb, elaborado por nuestro alumnado de 2\u00ba Asistencia a la Direcci\u00f3n.<\/span><\/li><li><span class=\"has-inline-color has-vivid-purple-color\">Inaugurando nuestra pared con nuestro \u00e1rbol de mujeres, bajo el lema \u00abTodas somos importantes\u00bb, tambi\u00e9n a cargo del grupo de 2\u00ba AAD. Este espacio se ir\u00e1 completando con frases y peque\u00f1os homenajes a mujeres importantes en las vidas de nuestros alumnos y alumnas.<\/span><\/li><li><span class=\"has-inline-color has-vivid-red-color\">Leyendo el <a href=\"https:\/\/drive.google.com\/file\/d\/1wIDA-17TgfZyEGNudA3qWej0YMYdQgKP\/view?usp=sharing\" target=\"_blank\" rel=\"noreferrer noopener\">relato escrito<\/a> por nuestro compa\u00f1ero de Lengua castellana y literatura, Andr\u00e9s Castellanos.<\/span><\/li><\/ul>\n\n\n\n<figure class=\"wp-block-image size-large\"><img loading=\"lazy\" decoding=\"async\" width=\"1024\" height=\"1024\" src=\"https:\/\/somosdelprieto.com\/wp-content\/uploads\/2021\/03\/1615232685475-1024x1024.jpg\" alt=\"\" class=\"wp-image-4603\" srcset=\"https:\/\/somosdelprieto.com\/wp-content\/uploads\/2021\/03\/1615232685475-1024x1024.jpg 1024w, https:\/\/somosdelprieto.com\/wp-content\/uploads\/2021\/03\/1615232685475-300x300.jpg 300w, https:\/\/somosdelprieto.com\/wp-content\/uploads\/2021\/03\/1615232685475-150x150.jpg 150w, https:\/\/somosdelprieto.com\/wp-content\/uploads\/2021\/03\/1615232685475-768x768.jpg 768w, https:\/\/somosdelprieto.com\/wp-content\/uploads\/2021\/03\/1615232685475-100x100.jpg 100w, https:\/\/somosdelprieto.com\/wp-content\/uploads\/2021\/03\/1615232685475.jpg 1080w\" sizes=\"auto, (max-width: 767px) 89vw, (max-width: 1000px) 54vw, (max-width: 1071px) 543px, 580px\" \/><\/figure>\n\n\n\n<figure class=\"wp-block-image size-large is-resized\"><img loading=\"lazy\" decoding=\"async\" src=\"https:\/\/somosdelprieto.com\/wp-content\/uploads\/2021\/03\/1615232085447-1-576x1024.jpeg\" alt=\"\" class=\"wp-image-4605\" width=\"678\" height=\"1205\" srcset=\"https:\/\/somosdelprieto.com\/wp-content\/uploads\/2021\/03\/1615232085447-1-576x1024.jpeg 576w, https:\/\/somosdelprieto.com\/wp-content\/uploads\/2021\/03\/1615232085447-1-169x300.jpeg 169w, https:\/\/somosdelprieto.com\/wp-content\/uploads\/2021\/03\/1615232085447-1-768x1365.jpeg 768w, https:\/\/somosdelprieto.com\/wp-content\/uploads\/2021\/03\/1615232085447-1-864x1536.jpeg 864w, https:\/\/somosdelprieto.com\/wp-content\/uploads\/2021\/03\/1615232085447-1-1152x2048.jpeg 1152w, https:\/\/somosdelprieto.com\/wp-content\/uploads\/2021\/03\/1615232085447-1-scaled.jpeg 1440w\" sizes=\"auto, (max-width: 678px) 100vw, 678px\" \/><\/figure>\n\n\n\n<figure class=\"wp-block-image size-large is-resized\"><img loading=\"lazy\" decoding=\"async\" src=\"https:\/\/somosdelprieto.com\/wp-content\/uploads\/2021\/03\/1615232085437-576x1024.jpeg\" alt=\"\" class=\"wp-image-4604\" width=\"678\" height=\"1205\" srcset=\"https:\/\/somosdelprieto.com\/wp-content\/uploads\/2021\/03\/1615232085437-576x1024.jpeg 576w, https:\/\/somosdelprieto.com\/wp-content\/uploads\/2021\/03\/1615232085437-169x300.jpeg 169w, https:\/\/somosdelprieto.com\/wp-content\/uploads\/2021\/03\/1615232085437-768x1365.jpeg 768w, https:\/\/somosdelprieto.com\/wp-content\/uploads\/2021\/03\/1615232085437-864x1536.jpeg 864w, https:\/\/somosdelprieto.com\/wp-content\/uploads\/2021\/03\/1615232085437-1152x2048.jpeg 1152w, https:\/\/somosdelprieto.com\/wp-content\/uploads\/2021\/03\/1615232085437-scaled.jpeg 1440w\" sizes=\"auto, (max-width: 678px) 100vw, 678px\" \/><\/figure>\n","protected":false},"excerpt":{"rendered":"<p>El 8 de marzo de 2021 volvemos a conmemorar este d\u00eda&#8230; Decorando el instituto con globos morados. Disfrutando de la exposici\u00f3n titulada \u00abLa mujer en la Prehistoria moderna\u00bb, a cargo de nuestro compa\u00f1ero de Historia Inocente Blanco de la Rubia. Ambientando el centro con m\u00fasica. Exponiendo el v\u00eddeo \u00abTodas somos importantes\u00bb, elaborado por nuestro alumnado &hellip; <\/p>\n<p class=\"link-more\"><a href=\"https:\/\/somosdelprieto.com\/index.php\/2021\/03\/08\/8m-dia-internacional-de-la-mujer\/\" class=\"more-link\">Continuar leyendo<span class=\"screen-reader-text\"> \u00ab8M DIA INTERNACIONAL DE LA MUJER\u00bb<\/span><\/a><\/p>\n","protected":false},"author":52,"featured_media":4596,"comment_status":"closed","ping_status":"closed","sticky":false,"template":"","format":"standard","meta":{"footnotes":""},"categories":[99,1],"tags":[],"class_list":["post-4590","post","type-post","status-publish","format-standard","has-post-thumbnail","hentry","category-igualdad","category-noticias"],"_links":{"self":[{"href":"https:\/\/somosdelprieto.com\/index.php\/wp-json\/wp\/v2\/posts\/4590","targetHints":{"allow":["GET"]}}],"collection":[{"href":"https:\/\/somosdelprieto.com\/index.php\/wp-json\/wp\/v2\/posts"}],"about":[{"href":"https:\/\/somosdelprieto.com\/index.php\/wp-json\/wp\/v2\/types\/post"}],"author":[{"embeddable":true,"href":"https:\/\/somosdelprieto.com\/index.php\/wp-json\/wp\/v2\/users\/52"}],"replies":[{"embeddable":true,"href":"https:\/\/somosdelprieto.com\/index.php\/wp-json\/wp\/v2\/comments?post=4590"}],"version-history":[{"count":5,"href":"https:\/\/somosdelprieto.com\/index.php\/wp-json\/wp\/v2\/posts\/4590\/revisions"}],"predecessor-version":[{"id":4637,"href":"https:\/\/somosdelprieto.com\/index.php\/wp-json\/wp\/v2\/posts\/4590\/revisions\/4637"}],"wp:featuredmedia":[{"embeddable":true,"href":"https:\/\/somosdelprieto.com\/index.php\/wp-json\/wp\/v2\/media\/4596"}],"wp:attachment":[{"href":"https:\/\/somosdelprieto.com\/index.php\/wp-json\/wp\/v2\/media?parent=4590"}],"wp:term":[{"taxonomy":"category","embeddable":true,"href":"https:\/\/somosdelprieto.com\/index.php\/wp-json\/wp\/v2\/categories?post=4590"},{"taxonomy":"post_tag","embeddable":true,"href":"https:\/\/somosdelprieto.com\/index.php\/wp-json\/wp\/v2\/tags?post=4590"}],"curies":[{"name":"wp","href":"https:\/\/api.w.org\/{rel}","templated":true}]}}