{"id":24921,"date":"2026-09-02T18:45:27","date_gmt":"2026-09-02T16:45:27","guid":{"rendered":"https:\/\/somosdelprieto.com\/?p=24921"},"modified":"2026-09-02T18:46:17","modified_gmt":"2026-09-02T16:46:17","slug":"abierto-el-periodo-extraordinario-para-fp","status":"publish","type":"post","link":"https:\/\/somosdelprieto.com\/index.php\/2026\/09\/02\/abierto-el-periodo-extraordinario-para-fp\/","title":{"rendered":"Abierto el periodo extraordinario para FP"},"content":{"rendered":"\n<p class=\"wp-block-paragraph\">Hoy se ha abierto el periodo extraordinario para nuevas solicitudes de admisi\u00f3n a ciclos formativos donde hayan quedado vacantes disponibles sin lista de espera y todav\u00eda nos quedan las \u00faltimas plazas en algunos de nuestros ciclos, no dejes pasar la oportunidad<em>.&nbsp;<\/em><\/p>\n\n\n\n<p class=\"wp-block-paragraph\">Plazo entre el 2 y el 7 de septiembre de 2026.<\/p>\n\n\n\n<p class=\"wp-block-paragraph\">Aqu\u00ed tienes toda la informaci\u00f3n:<\/p>\n\n\n\n<p class=\"wp-block-paragraph\"><a href=\"https:\/\/educacion.castillalamancha.es\/admision-de-alumnado\/fp-presencial#fechas-y-plazos\">https:\/\/educacion.castillalamancha.es\/admision-de-alumnado\/fp-presencial#fechas-y-plazos<\/a><\/p>\n","protected":false},"excerpt":{"rendered":"<p>Hoy se ha abierto el periodo extraordinario para nuevas solicitudes de admisi\u00f3n a ciclos formativos donde hayan quedado vacantes disponibles sin lista de espera y todav\u00eda nos quedan las \u00faltimas plazas en algunos de nuestros ciclos, no dejes pasar la oportunidad.&nbsp; Plazo entre el 2 y el 7 de septiembre de 2026. Aqu\u00ed tienes toda &hellip; <\/p>\n<p class=\"link-more\"><a href=\"https:\/\/somosdelprieto.com\/index.php\/2026\/09\/02\/abierto-el-periodo-extraordinario-para-fp\/\" class=\"more-link\">Continuar leyendo<span class=\"screen-reader-text\"> \u00abAbierto el periodo extraordinario para FP\u00bb<\/span><\/a><\/p>\n","protected":false},"author":1,"featured_media":24923,"comment_status":"closed","ping_status":"","sticky":false,"template":"","format":"standard","meta":{"footnotes":""},"categories":[1],"tags":[],"class_list":["post-24921","post","type-post","status-publish","format-standard","has-post-thumbnail","hentry","category-noticias"],"_links":{"self":[{"href":"https:\/\/somosdelprieto.com\/index.php\/wp-json\/wp\/v2\/posts\/24921","targetHints":{"allow":["GET"]}}],"collection":[{"href":"https:\/\/somosdelprieto.com\/index.php\/wp-json\/wp\/v2\/posts"}],"about":[{"href":"https:\/\/somosdelprieto.com\/index.php\/wp-json\/wp\/v2\/types\/post"}],"author":[{"embeddable":true,"href":"https:\/\/somosdelprieto.com\/index.php\/wp-json\/wp\/v2\/users\/1"}],"replies":[{"embeddable":true,"href":"https:\/\/somosdelprieto.com\/index.php\/wp-json\/wp\/v2\/comments?post=24921"}],"version-history":[{"count":2,"href":"https:\/\/somosdelprieto.com\/index.php\/wp-json\/wp\/v2\/posts\/24921\/revisions"}],"predecessor-version":[{"id":24924,"href":"https:\/\/somosdelprieto.com\/index.php\/wp-json\/wp\/v2\/posts\/24921\/revisions\/24924"}],"wp:featuredmedia":[{"embeddable":true,"href":"https:\/\/somosdelprieto.com\/index.php\/wp-json\/wp\/v2\/media\/24923"}],"wp:attachment":[{"href":"https:\/\/somosdelprieto.com\/index.php\/wp-json\/wp\/v2\/media?parent=24921"}],"wp:term":[{"taxonomy":"category","embeddable":true,"href":"https:\/\/somosdelprieto.com\/index.php\/wp-json\/wp\/v2\/categories?post=24921"},{"taxonomy":"post_tag","embeddable":true,"href":"https:\/\/somosdelprieto.com\/index.php\/wp-json\/wp\/v2\/tags?post=24921"}],"curies":[{"name":"wp","href":"https:\/\/api.w.org\/{rel}","templated":true}]}}