{"id":24887,"date":"2026-09-01T12:01:00","date_gmt":"2026-09-01T10:01:00","guid":{"rendered":"https:\/\/somosdelprieto.com\/?p=24887"},"modified":"2026-08-25T20:03:26","modified_gmt":"2026-08-25T18:03:26","slug":"plan-de-acogida-inicio-de-curso-26-27","status":"publish","type":"post","link":"https:\/\/somosdelprieto.com\/index.php\/2026\/09\/01\/plan-de-acogida-inicio-de-curso-26-27\/","title":{"rendered":"Plan de Acogida Inicio de Curso 26\/27"},"content":{"rendered":"\n<p class=\"wp-block-paragraph\">Les damos la m\u00e1s cordial bienvenida al curso escolar 2026\/2027. Afrontamos este nuevo a\u00f1o acad\u00e9mico con la ilusi\u00f3n de acompa\u00f1ar a nuestro alumnado en cada paso de su crecimiento personal y educativo. Para asegurar una incorporaci\u00f3n gradual, organizada y positiva desde el primer momento, hemos preparado el <strong>Plan de Acogida para el pr\u00f3ximo 9 de septiembre<\/strong>, donde encontrar\u00e1n detallados los horarios de recepci\u00f3n, los espacios asignados por niveles y el inicio de la jornada con las tutor\u00edas. Les invitamos a consultar la presentaci\u00f3n interactiva a continuaci\u00f3n para conocer todos los detalles de este primer d\u00eda. \u00a1Contamos con su colaboraci\u00f3n para que sea un excelente inicio de curso!<\/p>\n\n\n<div id=\"presentation-container\" style=\"position: relative; width: 100%; height: 0; padding-bottom: calc(56.25% + 29px); overflow: hidden; cursor: pointer;\">\n  <iframe \n    id=\"slides-iframe\"\n    src=\"https:\/\/docs.google.com\/presentation\/d\/e\/2PACX-1vQzQjsUSkl170pmMzJM20AZtZ7Cv1oYphmPsoDLixBbcr4aJYWHXZ3zmTGdZ_HZ1w\/pubembed?start=false&#038;loop=false&#038;delayms=3000\" \n    style=\"position: absolute; top: 0; left: 0; width: 100%; height: 100%; border: 0;\" \n    allowfullscreen=\"true\" \n    mozallowfullscreen=\"true\" \n    webkitallowfullscreen=\"true\"><br \/>\n  <\/iframe><\/p>\n<p>  <!-- Capa invisible que detecta el clic para abrir pantalla completa --><\/p>\n<div \n    onclick=\"openFullscreen()\" \n    title=\"Haz clic para ver a pantalla completa\"\n    style=\"position: absolute; top: 0; left: 0; width: 100%; height: calc(100% - 30px); z-index: 10;\">\n  <\/div>\n<\/div>\n<p><script><br \/>\n  function openFullscreen() {<br \/>\n    const iframe = document.getElementById('slides-iframe');<br \/>\n    if (iframe.requestFullscreen) {<br \/>\n      iframe.requestFullscreen();<br \/>\n    } else if (iframe.webkitRequestFullscreen) { \/* Safari *\/<br \/>\n      iframe.webkitRequestFullscreen();<br \/>\n    } else if (iframe.msRequestFullscreen) { \/* IE11 *\/<br \/>\n      iframe.msRequestFullscreen();<br \/>\n    }<br \/>\n  }<br \/>\n<\/script><\/p>","protected":false},"excerpt":{"rendered":"<p>Les damos la m\u00e1s cordial bienvenida al curso escolar 2026\/2027. Afrontamos este nuevo a\u00f1o acad\u00e9mico con la ilusi\u00f3n de acompa\u00f1ar a nuestro alumnado en cada paso de su crecimiento personal y educativo. Para asegurar una incorporaci\u00f3n gradual, organizada y positiva desde el primer momento, hemos preparado el Plan de Acogida para el pr\u00f3ximo 9 de &hellip; <\/p>\n<p class=\"link-more\"><a href=\"https:\/\/somosdelprieto.com\/index.php\/2026\/09\/01\/plan-de-acogida-inicio-de-curso-26-27\/\" class=\"more-link\">Continuar leyendo<span class=\"screen-reader-text\"> \u00abPlan de Acogida Inicio de Curso 26\/27\u00bb<\/span><\/a><\/p>\n","protected":false},"author":1,"featured_media":24902,"comment_status":"closed","ping_status":"","sticky":false,"template":"","format":"standard","meta":{"footnotes":""},"categories":[1],"tags":[],"class_list":["post-24887","post","type-post","status-publish","format-standard","has-post-thumbnail","hentry","category-noticias"],"_links":{"self":[{"href":"https:\/\/somosdelprieto.com\/index.php\/wp-json\/wp\/v2\/posts\/24887","targetHints":{"allow":["GET"]}}],"collection":[{"href":"https:\/\/somosdelprieto.com\/index.php\/wp-json\/wp\/v2\/posts"}],"about":[{"href":"https:\/\/somosdelprieto.com\/index.php\/wp-json\/wp\/v2\/types\/post"}],"author":[{"embeddable":true,"href":"https:\/\/somosdelprieto.com\/index.php\/wp-json\/wp\/v2\/users\/1"}],"replies":[{"embeddable":true,"href":"https:\/\/somosdelprieto.com\/index.php\/wp-json\/wp\/v2\/comments?post=24887"}],"version-history":[{"count":13,"href":"https:\/\/somosdelprieto.com\/index.php\/wp-json\/wp\/v2\/posts\/24887\/revisions"}],"predecessor-version":[{"id":24901,"href":"https:\/\/somosdelprieto.com\/index.php\/wp-json\/wp\/v2\/posts\/24887\/revisions\/24901"}],"wp:featuredmedia":[{"embeddable":true,"href":"https:\/\/somosdelprieto.com\/index.php\/wp-json\/wp\/v2\/media\/24902"}],"wp:attachment":[{"href":"https:\/\/somosdelprieto.com\/index.php\/wp-json\/wp\/v2\/media?parent=24887"}],"wp:term":[{"taxonomy":"category","embeddable":true,"href":"https:\/\/somosdelprieto.com\/index.php\/wp-json\/wp\/v2\/categories?post=24887"},{"taxonomy":"post_tag","embeddable":true,"href":"https:\/\/somosdelprieto.com\/index.php\/wp-json\/wp\/v2\/tags?post=24887"}],"curies":[{"name":"wp","href":"https:\/\/api.w.org\/{rel}","templated":true}]}}