{"id":23852,"date":"2026-05-03T13:16:18","date_gmt":"2026-05-03T11:16:18","guid":{"rendered":"https:\/\/somosdelprieto.com\/?p=23852"},"modified":"2026-05-03T13:16:18","modified_gmt":"2026-05-03T11:16:18","slug":"iv-carrera-solidaria-intercentros","status":"publish","type":"post","link":"https:\/\/somosdelprieto.com\/index.php\/2026\/05\/03\/iv-carrera-solidaria-intercentros\/","title":{"rendered":"IV CARRERA SOLIDARIA INTERCENTROS"},"content":{"rendered":"\n<p>El pasado mi\u00e9rcoles 29 de abril tuvo lugar en el Parque Cervantes la <strong>IV edici\u00f3n de la Carrera Solidaria intercentros, <\/strong>organizada por los tres centros de secundaria locales<strong>: Gregorio Prieto, Francisco Nieva y Bernardo de Balbuena,  <\/strong>cuya recaudaci\u00f3n se dedicar\u00e1 a apoyar <strong>a\u00a0AFANION, CRUZ ROJA<\/strong> Y <strong>ASETITINA <\/strong>(Asociaci\u00f3n Espa\u00f1ola de Miopat\u00eda Cong\u00e9nita de Titina).<\/p>\n\n\n\n<p>Afortunadamente, la climatolog\u00eda respet\u00f3 el horario de carrera y la jornada fue inmejorable, con una estimaci\u00f3n de 1200 escolares participantes, sumando al alumnado de secundaria gran parte de estudiantes de 6\u00ba de EP de los colegios locales, adem\u00e1s de AFAD.<\/p>\n\n\n\n<figure class=\"wp-block-gallery has-nested-images columns-default is-cropped wp-block-gallery-1 is-layout-flex wp-block-gallery-is-layout-flex\">\n<figure class=\"wp-block-image size-large\"><img loading=\"lazy\" decoding=\"async\" width=\"768\" height=\"1024\" data-id=\"23885\" src=\"https:\/\/somosdelprieto.com\/wp-content\/uploads\/2026\/05\/WhatsApp-Image-2026-05-02-at-10.07.19-768x1024.jpeg\" alt=\"\" class=\"wp-image-23885\" srcset=\"https:\/\/somosdelprieto.com\/wp-content\/uploads\/2026\/05\/WhatsApp-Image-2026-05-02-at-10.07.19-768x1024.jpeg 768w, https:\/\/somosdelprieto.com\/wp-content\/uploads\/2026\/05\/WhatsApp-Image-2026-05-02-at-10.07.19-225x300.jpeg 225w, https:\/\/somosdelprieto.com\/wp-content\/uploads\/2026\/05\/WhatsApp-Image-2026-05-02-at-10.07.19-1152x1536.jpeg 1152w, https:\/\/somosdelprieto.com\/wp-content\/uploads\/2026\/05\/WhatsApp-Image-2026-05-02-at-10.07.19.jpeg 1200w\" sizes=\"auto, (max-width: 767px) 89vw, (max-width: 1000px) 54vw, (max-width: 1071px) 543px, 580px\" \/><\/figure>\n\n\n\n<figure class=\"wp-block-image size-large\"><img loading=\"lazy\" decoding=\"async\" width=\"576\" height=\"1024\" data-id=\"23874\" src=\"https:\/\/somosdelprieto.com\/wp-content\/uploads\/2026\/05\/WhatsApp-Image-2026-05-02-at-19.50.34-30-576x1024.jpeg\" alt=\"\" class=\"wp-image-23874\" srcset=\"https:\/\/somosdelprieto.com\/wp-content\/uploads\/2026\/05\/WhatsApp-Image-2026-05-02-at-19.50.34-30-576x1024.jpeg 576w, https:\/\/somosdelprieto.com\/wp-content\/uploads\/2026\/05\/WhatsApp-Image-2026-05-02-at-19.50.34-30-169x300.jpeg 169w, https:\/\/somosdelprieto.com\/wp-content\/uploads\/2026\/05\/WhatsApp-Image-2026-05-02-at-19.50.34-30-768x1365.jpeg 768w, https:\/\/somosdelprieto.com\/wp-content\/uploads\/2026\/05\/WhatsApp-Image-2026-05-02-at-19.50.34-30-864x1536.jpeg 864w, https:\/\/somosdelprieto.com\/wp-content\/uploads\/2026\/05\/WhatsApp-Image-2026-05-02-at-19.50.34-30.jpeg 1148w\" sizes=\"auto, (max-width: 576px) 100vw, 576px\" \/><\/figure>\n\n\n\n<figure class=\"wp-block-image size-large\"><img loading=\"lazy\" decoding=\"async\" width=\"1024\" height=\"768\" data-id=\"23886\" src=\"https:\/\/somosdelprieto.com\/wp-content\/uploads\/2026\/05\/WhatsApp-Image-2026-05-02-at-10.08.49-1024x768.jpeg\" alt=\"\" class=\"wp-image-23886\" srcset=\"https:\/\/somosdelprieto.com\/wp-content\/uploads\/2026\/05\/WhatsApp-Image-2026-05-02-at-10.08.49-1024x768.jpeg 1024w, https:\/\/somosdelprieto.com\/wp-content\/uploads\/2026\/05\/WhatsApp-Image-2026-05-02-at-10.08.49-300x225.jpeg 300w, https:\/\/somosdelprieto.com\/wp-content\/uploads\/2026\/05\/WhatsApp-Image-2026-05-02-at-10.08.49-768x576.jpeg 768w, https:\/\/somosdelprieto.com\/wp-content\/uploads\/2026\/05\/WhatsApp-Image-2026-05-02-at-10.08.49-1536x1152.jpeg 1536w, https:\/\/somosdelprieto.com\/wp-content\/uploads\/2026\/05\/WhatsApp-Image-2026-05-02-at-10.08.49.jpeg 1600w\" sizes=\"auto, (max-width: 767px) 89vw, (max-width: 1000px) 54vw, (max-width: 1071px) 543px, 580px\" \/><\/figure>\n\n\n\n<figure class=\"wp-block-image size-large\"><img loading=\"lazy\" decoding=\"async\" width=\"576\" height=\"1024\" data-id=\"23890\" src=\"https:\/\/somosdelprieto.com\/wp-content\/uploads\/2026\/05\/WhatsApp-Image-2026-05-02-at-19.50.34-26-576x1024.jpeg\" alt=\"\" class=\"wp-image-23890\" srcset=\"https:\/\/somosdelprieto.com\/wp-content\/uploads\/2026\/05\/WhatsApp-Image-2026-05-02-at-19.50.34-26-576x1024.jpeg 576w, https:\/\/somosdelprieto.com\/wp-content\/uploads\/2026\/05\/WhatsApp-Image-2026-05-02-at-19.50.34-26-169x300.jpeg 169w, https:\/\/somosdelprieto.com\/wp-content\/uploads\/2026\/05\/WhatsApp-Image-2026-05-02-at-19.50.34-26-768x1365.jpeg 768w, https:\/\/somosdelprieto.com\/wp-content\/uploads\/2026\/05\/WhatsApp-Image-2026-05-02-at-19.50.34-26-864x1536.jpeg 864w, https:\/\/somosdelprieto.com\/wp-content\/uploads\/2026\/05\/WhatsApp-Image-2026-05-02-at-19.50.34-26.jpeg 1148w\" sizes=\"auto, (max-width: 576px) 100vw, 576px\" \/><\/figure>\n\n\n\n<figure class=\"wp-block-image size-large\"><img loading=\"lazy\" decoding=\"async\" width=\"576\" height=\"1024\" data-id=\"23889\" src=\"https:\/\/somosdelprieto.com\/wp-content\/uploads\/2026\/05\/WhatsApp-Image-2026-05-02-at-19.50.34-29-576x1024.jpeg\" alt=\"\" class=\"wp-image-23889\" srcset=\"https:\/\/somosdelprieto.com\/wp-content\/uploads\/2026\/05\/WhatsApp-Image-2026-05-02-at-19.50.34-29-576x1024.jpeg 576w, https:\/\/somosdelprieto.com\/wp-content\/uploads\/2026\/05\/WhatsApp-Image-2026-05-02-at-19.50.34-29-169x300.jpeg 169w, https:\/\/somosdelprieto.com\/wp-content\/uploads\/2026\/05\/WhatsApp-Image-2026-05-02-at-19.50.34-29-768x1365.jpeg 768w, https:\/\/somosdelprieto.com\/wp-content\/uploads\/2026\/05\/WhatsApp-Image-2026-05-02-at-19.50.34-29-864x1536.jpeg 864w, https:\/\/somosdelprieto.com\/wp-content\/uploads\/2026\/05\/WhatsApp-Image-2026-05-02-at-19.50.34-29.jpeg 1148w\" sizes=\"auto, (max-width: 576px) 100vw, 576px\" \/><\/figure>\n\n\n\n<figure class=\"wp-block-image size-large\"><img loading=\"lazy\" decoding=\"async\" width=\"768\" height=\"1024\" data-id=\"23883\" src=\"https:\/\/somosdelprieto.com\/wp-content\/uploads\/2026\/05\/WhatsApp-Image-2026-05-02-at-10.08.59-768x1024.jpeg\" alt=\"\" class=\"wp-image-23883\" srcset=\"https:\/\/somosdelprieto.com\/wp-content\/uploads\/2026\/05\/WhatsApp-Image-2026-05-02-at-10.08.59-768x1024.jpeg 768w, https:\/\/somosdelprieto.com\/wp-content\/uploads\/2026\/05\/WhatsApp-Image-2026-05-02-at-10.08.59-225x300.jpeg 225w, https:\/\/somosdelprieto.com\/wp-content\/uploads\/2026\/05\/WhatsApp-Image-2026-05-02-at-10.08.59-1152x1536.jpeg 1152w, https:\/\/somosdelprieto.com\/wp-content\/uploads\/2026\/05\/WhatsApp-Image-2026-05-02-at-10.08.59.jpeg 1200w\" sizes=\"auto, (max-width: 767px) 89vw, (max-width: 1000px) 54vw, (max-width: 1071px) 543px, 580px\" \/><\/figure>\n\n\n\n<figure class=\"wp-block-image size-large\"><img loading=\"lazy\" decoding=\"async\" width=\"576\" height=\"1024\" data-id=\"23875\" src=\"https:\/\/somosdelprieto.com\/wp-content\/uploads\/2026\/05\/WhatsApp-Image-2026-05-02-at-19.50.34-31-576x1024.jpeg\" alt=\"\" class=\"wp-image-23875\" srcset=\"https:\/\/somosdelprieto.com\/wp-content\/uploads\/2026\/05\/WhatsApp-Image-2026-05-02-at-19.50.34-31-576x1024.jpeg 576w, https:\/\/somosdelprieto.com\/wp-content\/uploads\/2026\/05\/WhatsApp-Image-2026-05-02-at-19.50.34-31-169x300.jpeg 169w, https:\/\/somosdelprieto.com\/wp-content\/uploads\/2026\/05\/WhatsApp-Image-2026-05-02-at-19.50.34-31-768x1365.jpeg 768w, https:\/\/somosdelprieto.com\/wp-content\/uploads\/2026\/05\/WhatsApp-Image-2026-05-02-at-19.50.34-31-864x1536.jpeg 864w, https:\/\/somosdelprieto.com\/wp-content\/uploads\/2026\/05\/WhatsApp-Image-2026-05-02-at-19.50.34-31.jpeg 1148w\" sizes=\"auto, (max-width: 576px) 100vw, 576px\" \/><\/figure>\n\n\n\n<figure class=\"wp-block-image size-large\"><img loading=\"lazy\" decoding=\"async\" width=\"768\" height=\"1024\" data-id=\"23884\" src=\"https:\/\/somosdelprieto.com\/wp-content\/uploads\/2026\/05\/WhatsApp-Image-2026-05-02-at-10.09.19-768x1024.jpeg\" alt=\"\" class=\"wp-image-23884\" srcset=\"https:\/\/somosdelprieto.com\/wp-content\/uploads\/2026\/05\/WhatsApp-Image-2026-05-02-at-10.09.19-768x1024.jpeg 768w, https:\/\/somosdelprieto.com\/wp-content\/uploads\/2026\/05\/WhatsApp-Image-2026-05-02-at-10.09.19-225x300.jpeg 225w, https:\/\/somosdelprieto.com\/wp-content\/uploads\/2026\/05\/WhatsApp-Image-2026-05-02-at-10.09.19-1152x1536.jpeg 1152w, https:\/\/somosdelprieto.com\/wp-content\/uploads\/2026\/05\/WhatsApp-Image-2026-05-02-at-10.09.19.jpeg 1200w\" sizes=\"auto, (max-width: 767px) 89vw, (max-width: 1000px) 54vw, (max-width: 1071px) 543px, 580px\" \/><\/figure>\n\n\n\n<figure class=\"wp-block-image size-large\"><img loading=\"lazy\" decoding=\"async\" width=\"768\" height=\"1024\" data-id=\"23880\" src=\"https:\/\/somosdelprieto.com\/wp-content\/uploads\/2026\/05\/WhatsApp-Image-2026-05-02-at-10.09.23-768x1024.jpeg\" alt=\"\" class=\"wp-image-23880\" srcset=\"https:\/\/somosdelprieto.com\/wp-content\/uploads\/2026\/05\/WhatsApp-Image-2026-05-02-at-10.09.23-768x1024.jpeg 768w, https:\/\/somosdelprieto.com\/wp-content\/uploads\/2026\/05\/WhatsApp-Image-2026-05-02-at-10.09.23-225x300.jpeg 225w, https:\/\/somosdelprieto.com\/wp-content\/uploads\/2026\/05\/WhatsApp-Image-2026-05-02-at-10.09.23-1152x1536.jpeg 1152w, https:\/\/somosdelprieto.com\/wp-content\/uploads\/2026\/05\/WhatsApp-Image-2026-05-02-at-10.09.23.jpeg 1200w\" sizes=\"auto, (max-width: 767px) 89vw, (max-width: 1000px) 54vw, (max-width: 1071px) 543px, 580px\" \/><\/figure>\n\n\n\n<figure class=\"wp-block-image size-large\"><img loading=\"lazy\" decoding=\"async\" width=\"1024\" height=\"576\" data-id=\"23891\" src=\"https:\/\/somosdelprieto.com\/wp-content\/uploads\/2026\/05\/WhatsApp-Image-2026-05-02-at-19.50.34-12-1-1024x576.jpeg\" alt=\"\" class=\"wp-image-23891\" srcset=\"https:\/\/somosdelprieto.com\/wp-content\/uploads\/2026\/05\/WhatsApp-Image-2026-05-02-at-19.50.34-12-1-1024x576.jpeg 1024w, https:\/\/somosdelprieto.com\/wp-content\/uploads\/2026\/05\/WhatsApp-Image-2026-05-02-at-19.50.34-12-1-300x169.jpeg 300w, https:\/\/somosdelprieto.com\/wp-content\/uploads\/2026\/05\/WhatsApp-Image-2026-05-02-at-19.50.34-12-1-768x432.jpeg 768w, https:\/\/somosdelprieto.com\/wp-content\/uploads\/2026\/05\/WhatsApp-Image-2026-05-02-at-19.50.34-12-1-1536x864.jpeg 1536w, https:\/\/somosdelprieto.com\/wp-content\/uploads\/2026\/05\/WhatsApp-Image-2026-05-02-at-19.50.34-12-1.jpeg 2040w\" sizes=\"auto, (max-width: 767px) 89vw, (max-width: 1000px) 54vw, (max-width: 1071px) 543px, 580px\" \/><\/figure>\n\n\n\n<figure class=\"wp-block-image size-large\"><img loading=\"lazy\" decoding=\"async\" width=\"1024\" height=\"576\" data-id=\"23893\" src=\"https:\/\/somosdelprieto.com\/wp-content\/uploads\/2026\/05\/WhatsApp-Image-2026-05-02-at-19.50.34-10-1-1024x576.jpeg\" alt=\"\" class=\"wp-image-23893\" srcset=\"https:\/\/somosdelprieto.com\/wp-content\/uploads\/2026\/05\/WhatsApp-Image-2026-05-02-at-19.50.34-10-1-1024x576.jpeg 1024w, https:\/\/somosdelprieto.com\/wp-content\/uploads\/2026\/05\/WhatsApp-Image-2026-05-02-at-19.50.34-10-1-300x169.jpeg 300w, https:\/\/somosdelprieto.com\/wp-content\/uploads\/2026\/05\/WhatsApp-Image-2026-05-02-at-19.50.34-10-1-768x432.jpeg 768w, https:\/\/somosdelprieto.com\/wp-content\/uploads\/2026\/05\/WhatsApp-Image-2026-05-02-at-19.50.34-10-1-1536x864.jpeg 1536w, https:\/\/somosdelprieto.com\/wp-content\/uploads\/2026\/05\/WhatsApp-Image-2026-05-02-at-19.50.34-10-1.jpeg 2040w\" sizes=\"auto, (max-width: 767px) 89vw, (max-width: 1000px) 54vw, (max-width: 1071px) 543px, 580px\" \/><\/figure>\n\n\n\n<figure class=\"wp-block-image size-large\"><img loading=\"lazy\" decoding=\"async\" width=\"1024\" height=\"576\" data-id=\"23892\" src=\"https:\/\/somosdelprieto.com\/wp-content\/uploads\/2026\/05\/WhatsApp-Image-2026-05-02-at-19.50.34-11-1-1024x576.jpeg\" alt=\"\" class=\"wp-image-23892\" srcset=\"https:\/\/somosdelprieto.com\/wp-content\/uploads\/2026\/05\/WhatsApp-Image-2026-05-02-at-19.50.34-11-1-1024x576.jpeg 1024w, https:\/\/somosdelprieto.com\/wp-content\/uploads\/2026\/05\/WhatsApp-Image-2026-05-02-at-19.50.34-11-1-300x169.jpeg 300w, https:\/\/somosdelprieto.com\/wp-content\/uploads\/2026\/05\/WhatsApp-Image-2026-05-02-at-19.50.34-11-1-768x432.jpeg 768w, https:\/\/somosdelprieto.com\/wp-content\/uploads\/2026\/05\/WhatsApp-Image-2026-05-02-at-19.50.34-11-1-1536x864.jpeg 1536w, https:\/\/somosdelprieto.com\/wp-content\/uploads\/2026\/05\/WhatsApp-Image-2026-05-02-at-19.50.34-11-1.jpeg 2040w\" sizes=\"auto, (max-width: 767px) 89vw, (max-width: 1000px) 54vw, (max-width: 1071px) 543px, 580px\" \/><\/figure>\n\n\n\n<figure class=\"wp-block-image size-large\"><img loading=\"lazy\" decoding=\"async\" width=\"768\" height=\"1024\" data-id=\"23887\" src=\"https:\/\/somosdelprieto.com\/wp-content\/uploads\/2026\/05\/WhatsApp-Image-2026-05-02-at-19.50.34-2-768x1024.jpeg\" alt=\"\" class=\"wp-image-23887\" srcset=\"https:\/\/somosdelprieto.com\/wp-content\/uploads\/2026\/05\/WhatsApp-Image-2026-05-02-at-19.50.34-2-768x1024.jpeg 768w, https:\/\/somosdelprieto.com\/wp-content\/uploads\/2026\/05\/WhatsApp-Image-2026-05-02-at-19.50.34-2-225x300.jpeg 225w, https:\/\/somosdelprieto.com\/wp-content\/uploads\/2026\/05\/WhatsApp-Image-2026-05-02-at-19.50.34-2-1152x1536.jpeg 1152w, https:\/\/somosdelprieto.com\/wp-content\/uploads\/2026\/05\/WhatsApp-Image-2026-05-02-at-19.50.34-2.jpeg 1536w\" sizes=\"auto, (max-width: 767px) 89vw, (max-width: 1000px) 54vw, (max-width: 1071px) 543px, 580px\" \/><\/figure>\n\n\n\n<figure class=\"wp-block-image size-large\"><img loading=\"lazy\" decoding=\"async\" width=\"768\" height=\"1024\" data-id=\"23894\" src=\"https:\/\/somosdelprieto.com\/wp-content\/uploads\/2026\/05\/WhatsApp-Image-2026-05-02-at-10.09.24-1-768x1024.jpeg\" alt=\"\" class=\"wp-image-23894\" srcset=\"https:\/\/somosdelprieto.com\/wp-content\/uploads\/2026\/05\/WhatsApp-Image-2026-05-02-at-10.09.24-1-768x1024.jpeg 768w, https:\/\/somosdelprieto.com\/wp-content\/uploads\/2026\/05\/WhatsApp-Image-2026-05-02-at-10.09.24-1-225x300.jpeg 225w, https:\/\/somosdelprieto.com\/wp-content\/uploads\/2026\/05\/WhatsApp-Image-2026-05-02-at-10.09.24-1-1152x1536.jpeg 1152w, https:\/\/somosdelprieto.com\/wp-content\/uploads\/2026\/05\/WhatsApp-Image-2026-05-02-at-10.09.24-1.jpeg 1200w\" sizes=\"auto, (max-width: 767px) 89vw, (max-width: 1000px) 54vw, (max-width: 1071px) 543px, 580px\" \/><\/figure>\n\n\n\n<figure class=\"wp-block-image size-large\"><img loading=\"lazy\" decoding=\"async\" width=\"768\" height=\"1024\" data-id=\"23896\" src=\"https:\/\/somosdelprieto.com\/wp-content\/uploads\/2026\/05\/WhatsApp-Image-2026-05-02-at-10.07.26-1-768x1024.jpeg\" alt=\"\" class=\"wp-image-23896\" srcset=\"https:\/\/somosdelprieto.com\/wp-content\/uploads\/2026\/05\/WhatsApp-Image-2026-05-02-at-10.07.26-1-768x1024.jpeg 768w, https:\/\/somosdelprieto.com\/wp-content\/uploads\/2026\/05\/WhatsApp-Image-2026-05-02-at-10.07.26-1-225x300.jpeg 225w, https:\/\/somosdelprieto.com\/wp-content\/uploads\/2026\/05\/WhatsApp-Image-2026-05-02-at-10.07.26-1-1152x1536.jpeg 1152w, https:\/\/somosdelprieto.com\/wp-content\/uploads\/2026\/05\/WhatsApp-Image-2026-05-02-at-10.07.26-1.jpeg 1200w\" sizes=\"auto, (max-width: 767px) 89vw, (max-width: 1000px) 54vw, (max-width: 1071px) 543px, 580px\" \/><\/figure>\n<\/figure>\n\n\n\n<figure class=\"wp-block-gallery has-nested-images columns-default is-cropped wp-block-gallery-2 is-layout-flex wp-block-gallery-is-layout-flex\">\n<figure class=\"wp-block-image size-large\"><img loading=\"lazy\" decoding=\"async\" width=\"1024\" height=\"768\" data-id=\"23868\" src=\"https:\/\/somosdelprieto.com\/wp-content\/uploads\/2026\/05\/WhatsApp-Image-2026-05-02-at-10.09.22-1024x768.jpeg\" alt=\"\" class=\"wp-image-23868\" srcset=\"https:\/\/somosdelprieto.com\/wp-content\/uploads\/2026\/05\/WhatsApp-Image-2026-05-02-at-10.09.22-1024x768.jpeg 1024w, https:\/\/somosdelprieto.com\/wp-content\/uploads\/2026\/05\/WhatsApp-Image-2026-05-02-at-10.09.22-300x225.jpeg 300w, https:\/\/somosdelprieto.com\/wp-content\/uploads\/2026\/05\/WhatsApp-Image-2026-05-02-at-10.09.22-768x576.jpeg 768w, https:\/\/somosdelprieto.com\/wp-content\/uploads\/2026\/05\/WhatsApp-Image-2026-05-02-at-10.09.22-1536x1152.jpeg 1536w, https:\/\/somosdelprieto.com\/wp-content\/uploads\/2026\/05\/WhatsApp-Image-2026-05-02-at-10.09.22.jpeg 1600w\" sizes=\"auto, (max-width: 767px) 89vw, (max-width: 1000px) 54vw, (max-width: 1071px) 543px, 580px\" \/><figcaption class=\"wp-element-caption\">Actuaci\u00f3n del grupo musical del Prieto \u00abHalf an Hour\u00bb<\/figcaption><\/figure>\n\n\n\n<figure class=\"wp-block-image size-large\"><img loading=\"lazy\" decoding=\"async\" width=\"1024\" height=\"576\" data-id=\"23869\" src=\"https:\/\/somosdelprieto.com\/wp-content\/uploads\/2026\/05\/WhatsApp-Image-2026-05-02-at-19.50.34-13-1024x576.jpeg\" alt=\"\" class=\"wp-image-23869\" srcset=\"https:\/\/somosdelprieto.com\/wp-content\/uploads\/2026\/05\/WhatsApp-Image-2026-05-02-at-19.50.34-13-1024x576.jpeg 1024w, https:\/\/somosdelprieto.com\/wp-content\/uploads\/2026\/05\/WhatsApp-Image-2026-05-02-at-19.50.34-13-300x169.jpeg 300w, https:\/\/somosdelprieto.com\/wp-content\/uploads\/2026\/05\/WhatsApp-Image-2026-05-02-at-19.50.34-13-768x432.jpeg 768w, https:\/\/somosdelprieto.com\/wp-content\/uploads\/2026\/05\/WhatsApp-Image-2026-05-02-at-19.50.34-13-1536x864.jpeg 1536w, https:\/\/somosdelprieto.com\/wp-content\/uploads\/2026\/05\/WhatsApp-Image-2026-05-02-at-19.50.34-13.jpeg 2040w\" sizes=\"auto, (max-width: 767px) 89vw, (max-width: 1000px) 54vw, (max-width: 1071px) 543px, 580px\" \/><\/figure>\n<\/figure>\n\n\n\n<p>La venta de dorsales se ha realizado en los recreos al precio de <strong>2 \u20ac<\/strong>. Este a\u00f1o, adem\u00e1s de las <strong>diferentes carreras por tramos de edad<\/strong>, se ha incluido una <strong>MARCHA INCLUSIVA<\/strong> para todos los dorsales \u201c0\u201d, de forma que todo aquel miembro de la comunidad que quisiera colaborar y participar de una forma no competitiva pudiera hacerlo.<\/p>\n\n\n\n<p>El <strong>alumnado de 1\u00ba de Bachillerato<\/strong> ha participado en la organizaci\u00f3n del evento realizando labores de promoci\u00f3n, venta de dorsales, preparaci\u00f3n del circuito, control y acompa\u00f1amiento en carrera, montaje y desmontaje de obst\u00e1culos, recepci\u00f3n de colegios\u2026<\/p>\n\n\n\n<figure class=\"wp-block-gallery has-nested-images columns-default is-cropped wp-block-gallery-3 is-layout-flex wp-block-gallery-is-layout-flex\">\n<figure class=\"wp-block-image size-large\"><img loading=\"lazy\" decoding=\"async\" width=\"768\" height=\"1024\" data-id=\"23857\" src=\"https:\/\/somosdelprieto.com\/wp-content\/uploads\/2026\/05\/WhatsApp-Image-2026-04-23-at-20.52.27-6-1-768x1024.jpeg\" alt=\"\" class=\"wp-image-23857\" srcset=\"https:\/\/somosdelprieto.com\/wp-content\/uploads\/2026\/05\/WhatsApp-Image-2026-04-23-at-20.52.27-6-1-768x1024.jpeg 768w, https:\/\/somosdelprieto.com\/wp-content\/uploads\/2026\/05\/WhatsApp-Image-2026-04-23-at-20.52.27-6-1-225x300.jpeg 225w, https:\/\/somosdelprieto.com\/wp-content\/uploads\/2026\/05\/WhatsApp-Image-2026-04-23-at-20.52.27-6-1-1152x1536.jpeg 1152w, https:\/\/somosdelprieto.com\/wp-content\/uploads\/2026\/05\/WhatsApp-Image-2026-04-23-at-20.52.27-6-1.jpeg 1200w\" sizes=\"auto, (max-width: 767px) 89vw, (max-width: 1000px) 54vw, (max-width: 1071px) 543px, 580px\" \/><\/figure>\n\n\n\n<figure class=\"wp-block-image size-large\"><img loading=\"lazy\" decoding=\"async\" width=\"768\" height=\"1024\" data-id=\"23860\" src=\"https:\/\/somosdelprieto.com\/wp-content\/uploads\/2026\/05\/WhatsApp-Image-2026-04-23-at-20.52.27-10-1-768x1024.jpeg\" alt=\"\" class=\"wp-image-23860\" srcset=\"https:\/\/somosdelprieto.com\/wp-content\/uploads\/2026\/05\/WhatsApp-Image-2026-04-23-at-20.52.27-10-1-768x1024.jpeg 768w, https:\/\/somosdelprieto.com\/wp-content\/uploads\/2026\/05\/WhatsApp-Image-2026-04-23-at-20.52.27-10-1-225x300.jpeg 225w, https:\/\/somosdelprieto.com\/wp-content\/uploads\/2026\/05\/WhatsApp-Image-2026-04-23-at-20.52.27-10-1-1152x1536.jpeg 1152w, https:\/\/somosdelprieto.com\/wp-content\/uploads\/2026\/05\/WhatsApp-Image-2026-04-23-at-20.52.27-10-1.jpeg 1200w\" sizes=\"auto, (max-width: 767px) 89vw, (max-width: 1000px) 54vw, (max-width: 1071px) 543px, 580px\" \/><\/figure>\n\n\n\n<figure class=\"wp-block-image size-large\"><img loading=\"lazy\" decoding=\"async\" width=\"768\" height=\"1024\" data-id=\"23859\" src=\"https:\/\/somosdelprieto.com\/wp-content\/uploads\/2026\/05\/WhatsApp-Image-2026-04-25-at-18.13.06-1-768x1024.jpeg\" alt=\"\" class=\"wp-image-23859\" srcset=\"https:\/\/somosdelprieto.com\/wp-content\/uploads\/2026\/05\/WhatsApp-Image-2026-04-25-at-18.13.06-1-768x1024.jpeg 768w, https:\/\/somosdelprieto.com\/wp-content\/uploads\/2026\/05\/WhatsApp-Image-2026-04-25-at-18.13.06-1-225x300.jpeg 225w, https:\/\/somosdelprieto.com\/wp-content\/uploads\/2026\/05\/WhatsApp-Image-2026-04-25-at-18.13.06-1-1152x1536.jpeg 1152w, https:\/\/somosdelprieto.com\/wp-content\/uploads\/2026\/05\/WhatsApp-Image-2026-04-25-at-18.13.06-1.jpeg 1200w\" sizes=\"auto, (max-width: 767px) 89vw, (max-width: 1000px) 54vw, (max-width: 1071px) 543px, 580px\" \/><\/figure>\n\n\n\n<figure class=\"wp-block-image size-large\"><img loading=\"lazy\" decoding=\"async\" width=\"1024\" height=\"576\" data-id=\"23861\" src=\"https:\/\/somosdelprieto.com\/wp-content\/uploads\/2026\/05\/WhatsApp-Image-2026-04-29-at-22.14.59-1-1024x576.jpeg\" alt=\"\" class=\"wp-image-23861\" srcset=\"https:\/\/somosdelprieto.com\/wp-content\/uploads\/2026\/05\/WhatsApp-Image-2026-04-29-at-22.14.59-1-1024x576.jpeg 1024w, https:\/\/somosdelprieto.com\/wp-content\/uploads\/2026\/05\/WhatsApp-Image-2026-04-29-at-22.14.59-1-300x169.jpeg 300w, https:\/\/somosdelprieto.com\/wp-content\/uploads\/2026\/05\/WhatsApp-Image-2026-04-29-at-22.14.59-1-768x432.jpeg 768w, https:\/\/somosdelprieto.com\/wp-content\/uploads\/2026\/05\/WhatsApp-Image-2026-04-29-at-22.14.59-1-1536x864.jpeg 1536w, https:\/\/somosdelprieto.com\/wp-content\/uploads\/2026\/05\/WhatsApp-Image-2026-04-29-at-22.14.59-1.jpeg 2048w\" sizes=\"auto, (max-width: 767px) 89vw, (max-width: 1000px) 54vw, (max-width: 1071px) 543px, 580px\" \/><\/figure>\n\n\n\n<figure class=\"wp-block-image size-large\"><img loading=\"lazy\" decoding=\"async\" width=\"1024\" height=\"576\" data-id=\"23858\" src=\"https:\/\/somosdelprieto.com\/wp-content\/uploads\/2026\/05\/WhatsApp-Image-2026-05-03-at-10.40.26-1-1024x576.jpeg\" alt=\"\" class=\"wp-image-23858\" srcset=\"https:\/\/somosdelprieto.com\/wp-content\/uploads\/2026\/05\/WhatsApp-Image-2026-05-03-at-10.40.26-1-1024x576.jpeg 1024w, https:\/\/somosdelprieto.com\/wp-content\/uploads\/2026\/05\/WhatsApp-Image-2026-05-03-at-10.40.26-1-300x169.jpeg 300w, https:\/\/somosdelprieto.com\/wp-content\/uploads\/2026\/05\/WhatsApp-Image-2026-05-03-at-10.40.26-1-768x432.jpeg 768w, https:\/\/somosdelprieto.com\/wp-content\/uploads\/2026\/05\/WhatsApp-Image-2026-05-03-at-10.40.26-1-1536x864.jpeg 1536w, https:\/\/somosdelprieto.com\/wp-content\/uploads\/2026\/05\/WhatsApp-Image-2026-05-03-at-10.40.26-1.jpeg 2040w\" sizes=\"auto, (max-width: 767px) 89vw, (max-width: 1000px) 54vw, (max-width: 1071px) 543px, 580px\" \/><\/figure>\n<\/figure>\n\n\n\n<p>Este evento deportivo, al igual que en ediciones anteriores, persigue una serie de objetivos<strong> <\/strong>educativos, entre los que destacamos:<\/p>\n\n\n\n<ul class=\"wp-block-list\">\n<li>Fomentar, no solo la pr\u00e1ctica de actividad f\u00edsica como parte de un<strong> estilo de vida saludable,<\/strong> sino tambi\u00e9n promover <strong>valores solidarios<\/strong> a trav\u00e9s de la donaci\u00f3n de los fondos recaudados a asociaciones comprometidas con el respeto por los derechos humanos y los principios de igualdad, equidad e inclusi\u00f3n.<\/li>\n\n\n\n<li>Disfrutar de un d\u00eda de convivencia y<strong> estrechar lazos de uni\u00f3n<\/strong> entre el alumnado de todos los centros participantes.<\/li>\n\n\n\n<li><strong>Sensibilizar al alumnado<\/strong> para que conozca la labor de estas asociaciones. En este sentido hemos realizado actividades durante la tutor\u00eda que han culminado con una <strong>charla de sensibilizaci\u00f3n<\/strong> con alumnado de los tres centros y la presencia de las tres asociaciones implicadas.<\/li>\n<\/ul>\n\n\n\n<figure class=\"wp-block-gallery has-nested-images columns-default is-cropped wp-block-gallery-4 is-layout-flex wp-block-gallery-is-layout-flex\">\n<figure class=\"wp-block-image size-large\"><img loading=\"lazy\" decoding=\"async\" width=\"768\" height=\"1024\" data-id=\"23865\" src=\"https:\/\/somosdelprieto.com\/wp-content\/uploads\/2026\/05\/WhatsApp-Image-2026-04-27-at-14.08.00-1-768x1024.jpeg\" alt=\"\" class=\"wp-image-23865\" srcset=\"https:\/\/somosdelprieto.com\/wp-content\/uploads\/2026\/05\/WhatsApp-Image-2026-04-27-at-14.08.00-1-768x1024.jpeg 768w, https:\/\/somosdelprieto.com\/wp-content\/uploads\/2026\/05\/WhatsApp-Image-2026-04-27-at-14.08.00-1-225x300.jpeg 225w, https:\/\/somosdelprieto.com\/wp-content\/uploads\/2026\/05\/WhatsApp-Image-2026-04-27-at-14.08.00-1-1152x1536.jpeg 1152w, https:\/\/somosdelprieto.com\/wp-content\/uploads\/2026\/05\/WhatsApp-Image-2026-04-27-at-14.08.00-1.jpeg 1536w\" sizes=\"auto, (max-width: 767px) 89vw, (max-width: 1000px) 54vw, (max-width: 1071px) 543px, 580px\" \/><\/figure>\n\n\n\n<figure class=\"wp-block-image size-large\"><img loading=\"lazy\" decoding=\"async\" width=\"768\" height=\"1024\" data-id=\"23864\" src=\"https:\/\/somosdelprieto.com\/wp-content\/uploads\/2026\/05\/WhatsApp-Image-2026-04-27-at-14.08.00-768x1024.jpeg\" alt=\"\" class=\"wp-image-23864\" srcset=\"https:\/\/somosdelprieto.com\/wp-content\/uploads\/2026\/05\/WhatsApp-Image-2026-04-27-at-14.08.00-768x1024.jpeg 768w, https:\/\/somosdelprieto.com\/wp-content\/uploads\/2026\/05\/WhatsApp-Image-2026-04-27-at-14.08.00-225x300.jpeg 225w, https:\/\/somosdelprieto.com\/wp-content\/uploads\/2026\/05\/WhatsApp-Image-2026-04-27-at-14.08.00-1152x1536.jpeg 1152w, https:\/\/somosdelprieto.com\/wp-content\/uploads\/2026\/05\/WhatsApp-Image-2026-04-27-at-14.08.00.jpeg 1536w\" sizes=\"auto, (max-width: 767px) 89vw, (max-width: 1000px) 54vw, (max-width: 1071px) 543px, 580px\" \/><\/figure>\n\n\n\n<figure class=\"wp-block-image size-large\"><img loading=\"lazy\" decoding=\"async\" width=\"1024\" height=\"768\" data-id=\"23866\" src=\"https:\/\/somosdelprieto.com\/wp-content\/uploads\/2026\/05\/WhatsApp-Image-2026-04-27-at-14.37.14-1-1024x768.jpeg\" alt=\"\" class=\"wp-image-23866\" srcset=\"https:\/\/somosdelprieto.com\/wp-content\/uploads\/2026\/05\/WhatsApp-Image-2026-04-27-at-14.37.14-1-1024x768.jpeg 1024w, https:\/\/somosdelprieto.com\/wp-content\/uploads\/2026\/05\/WhatsApp-Image-2026-04-27-at-14.37.14-1-300x225.jpeg 300w, https:\/\/somosdelprieto.com\/wp-content\/uploads\/2026\/05\/WhatsApp-Image-2026-04-27-at-14.37.14-1-768x576.jpeg 768w, https:\/\/somosdelprieto.com\/wp-content\/uploads\/2026\/05\/WhatsApp-Image-2026-04-27-at-14.37.14-1-1536x1152.jpeg 1536w, https:\/\/somosdelprieto.com\/wp-content\/uploads\/2026\/05\/WhatsApp-Image-2026-04-27-at-14.37.14-1.jpeg 2048w\" sizes=\"auto, (max-width: 767px) 89vw, (max-width: 1000px) 54vw, (max-width: 1071px) 543px, 580px\" \/><\/figure>\n<\/figure>\n\n\n\n<p>Queremos expresar<strong> nuestro m\u00e1s sincero agradecimiento<\/strong> todas las personas e instituciones que, de una u otra forma, han participado y colaborado en la organizaci\u00f3n de esta carrera solidaria. La implicaci\u00f3n conjunta de alumnado, profesorado, AMPAS, ayuntamiento, colegios y entidades colaboradoras ha hecho posible una jornada llena de valores, convivencia y solidaridad.<\/p>\n\n\n\n<figure class=\"wp-block-gallery has-nested-images columns-default is-cropped wp-block-gallery-5 is-layout-flex wp-block-gallery-is-layout-flex\">\n<figure class=\"wp-block-image size-large\"><img loading=\"lazy\" decoding=\"async\" width=\"768\" height=\"1024\" data-id=\"23871\" src=\"https:\/\/somosdelprieto.com\/wp-content\/uploads\/2026\/05\/WhatsApp-Image-2026-04-24-at-21.57.52-768x1024.jpeg\" alt=\"\" class=\"wp-image-23871\" srcset=\"https:\/\/somosdelprieto.com\/wp-content\/uploads\/2026\/05\/WhatsApp-Image-2026-04-24-at-21.57.52-768x1024.jpeg 768w, https:\/\/somosdelprieto.com\/wp-content\/uploads\/2026\/05\/WhatsApp-Image-2026-04-24-at-21.57.52-225x300.jpeg 225w, https:\/\/somosdelprieto.com\/wp-content\/uploads\/2026\/05\/WhatsApp-Image-2026-04-24-at-21.57.52-1152x1536.jpeg 1152w, https:\/\/somosdelprieto.com\/wp-content\/uploads\/2026\/05\/WhatsApp-Image-2026-04-24-at-21.57.52.jpeg 1200w\" sizes=\"auto, (max-width: 767px) 89vw, (max-width: 1000px) 54vw, (max-width: 1071px) 543px, 580px\" \/><figcaption class=\"wp-element-caption\">Berta Medrano ganadora del concurso de carteles<\/figcaption><\/figure>\n\n\n\n<figure class=\"wp-block-image size-large\"><img loading=\"lazy\" decoding=\"async\" width=\"768\" height=\"1024\" data-id=\"23872\" src=\"https:\/\/somosdelprieto.com\/wp-content\/uploads\/2026\/05\/WhatsApp-Image-2026-04-28-at-11.28.29-1-768x1024.jpeg\" alt=\"\" class=\"wp-image-23872\" srcset=\"https:\/\/somosdelprieto.com\/wp-content\/uploads\/2026\/05\/WhatsApp-Image-2026-04-28-at-11.28.29-1-768x1024.jpeg 768w, https:\/\/somosdelprieto.com\/wp-content\/uploads\/2026\/05\/WhatsApp-Image-2026-04-28-at-11.28.29-1-225x300.jpeg 225w, https:\/\/somosdelprieto.com\/wp-content\/uploads\/2026\/05\/WhatsApp-Image-2026-04-28-at-11.28.29-1-1152x1536.jpeg 1152w, https:\/\/somosdelprieto.com\/wp-content\/uploads\/2026\/05\/WhatsApp-Image-2026-04-28-at-11.28.29-1.jpeg 1200w\" sizes=\"auto, (max-width: 767px) 89vw, (max-width: 1000px) 54vw, (max-width: 1071px) 543px, 580px\" \/><\/figure>\n\n\n\n<figure class=\"wp-block-image size-large\"><img loading=\"lazy\" decoding=\"async\" width=\"768\" height=\"1024\" data-id=\"23870\" src=\"https:\/\/somosdelprieto.com\/wp-content\/uploads\/2026\/05\/WhatsApp-Image-2026-04-28-at-11.28.29-768x1024.jpeg\" alt=\"\" class=\"wp-image-23870\" srcset=\"https:\/\/somosdelprieto.com\/wp-content\/uploads\/2026\/05\/WhatsApp-Image-2026-04-28-at-11.28.29-768x1024.jpeg 768w, https:\/\/somosdelprieto.com\/wp-content\/uploads\/2026\/05\/WhatsApp-Image-2026-04-28-at-11.28.29-225x300.jpeg 225w, https:\/\/somosdelprieto.com\/wp-content\/uploads\/2026\/05\/WhatsApp-Image-2026-04-28-at-11.28.29-1152x1536.jpeg 1152w, https:\/\/somosdelprieto.com\/wp-content\/uploads\/2026\/05\/WhatsApp-Image-2026-04-28-at-11.28.29.jpeg 1200w\" sizes=\"auto, (max-width: 767px) 89vw, (max-width: 1000px) 54vw, (max-width: 1071px) 543px, 580px\" \/><\/figure>\n<\/figure>\n\n\n\n<p>Dejamos algunos enlaces a noticias en prensa local<\/p>\n\n\n\n<p><a href=\"https:\/\/www.elecodevaldepenas.es\/texto-diario\/mostrar\/5862835\/1200-alumnos-citan-solidaridad-carrera-intercentros-beneficio-afanion-asetitina-cruz-roja\">M\u00e1s de 1.200 alumnos se citan por la solidaridad en la Carrera Intercentros a beneficio de Afanion, Asetitina y Cruz Roja<\/a><\/p>\n\n\n\n<p><a href=\"https:\/\/www.lanzadigital.com\/deportes\/la-iv-carrera-solidaria-intercentros-de-valdepenas-se-celebra-este-miercoles-con-1-200-participantes\/\">La IV Carrera Solidaria Intercentros de Valdepe\u00f1as se celebra este mi\u00e9rcoles con 1.200 participantes<\/a><\/p>\n\n\n\n<p><a href=\"https:\/\/www.youtube.com\/watch?v=mav2rQ7-uOg\">La IV Carrera Solidaria Intercentros de Valdepe\u00f1as se celebra este mi\u00e9rcoles con 1.200 participantes<\/a><\/p>\n\n\n\n<p><\/p>\n","protected":false},"excerpt":{"rendered":"<p>El pasado mi\u00e9rcoles 29 de abril tuvo lugar en el Parque Cervantes la IV edici\u00f3n de la Carrera Solidaria intercentros, organizada por los tres centros de secundaria locales: Gregorio Prieto, Francisco Nieva y Bernardo de Balbuena, cuya recaudaci\u00f3n se dedicar\u00e1 a apoyar a\u00a0AFANION, CRUZ ROJA Y ASETITINA (Asociaci\u00f3n Espa\u00f1ola de Miopat\u00eda Cong\u00e9nita de Titina). Afortunadamente, &hellip; <\/p>\n<p class=\"link-more\"><a href=\"https:\/\/somosdelprieto.com\/index.php\/2026\/05\/03\/iv-carrera-solidaria-intercentros\/\" class=\"more-link\">Continuar leyendo<span class=\"screen-reader-text\"> \u00abIV CARRERA SOLIDARIA INTERCENTROS\u00bb<\/span><\/a><\/p>\n","protected":false},"author":26,"featured_media":23863,"comment_status":"closed","ping_status":"","sticky":false,"template":"","format":"standard","meta":{"footnotes":""},"categories":[26,1,101,138],"tags":[119,155],"class_list":["post-23852","post","type-post","status-publish","format-standard","has-post-thumbnail","hentry","category-educacion-fisica","category-noticias","category-proyecto-escolar-saludable","category-proyecto-escolar-saludable-2","tag-educacion-fisica","tag-proyecto-escolar-saludable"],"_links":{"self":[{"href":"https:\/\/somosdelprieto.com\/index.php\/wp-json\/wp\/v2\/posts\/23852","targetHints":{"allow":["GET"]}}],"collection":[{"href":"https:\/\/somosdelprieto.com\/index.php\/wp-json\/wp\/v2\/posts"}],"about":[{"href":"https:\/\/somosdelprieto.com\/index.php\/wp-json\/wp\/v2\/types\/post"}],"author":[{"embeddable":true,"href":"https:\/\/somosdelprieto.com\/index.php\/wp-json\/wp\/v2\/users\/26"}],"replies":[{"embeddable":true,"href":"https:\/\/somosdelprieto.com\/index.php\/wp-json\/wp\/v2\/comments?post=23852"}],"version-history":[{"count":8,"href":"https:\/\/somosdelprieto.com\/index.php\/wp-json\/wp\/v2\/posts\/23852\/revisions"}],"predecessor-version":[{"id":23904,"href":"https:\/\/somosdelprieto.com\/index.php\/wp-json\/wp\/v2\/posts\/23852\/revisions\/23904"}],"wp:featuredmedia":[{"embeddable":true,"href":"https:\/\/somosdelprieto.com\/index.php\/wp-json\/wp\/v2\/media\/23863"}],"wp:attachment":[{"href":"https:\/\/somosdelprieto.com\/index.php\/wp-json\/wp\/v2\/media?parent=23852"}],"wp:term":[{"taxonomy":"category","embeddable":true,"href":"https:\/\/somosdelprieto.com\/index.php\/wp-json\/wp\/v2\/categories?post=23852"},{"taxonomy":"post_tag","embeddable":true,"href":"https:\/\/somosdelprieto.com\/index.php\/wp-json\/wp\/v2\/tags?post=23852"}],"curies":[{"name":"wp","href":"https:\/\/api.w.org\/{rel}","templated":true}]}}