{"id":23840,"date":"2026-04-29T13:40:26","date_gmt":"2026-04-29T11:40:26","guid":{"rendered":"https:\/\/somosdelprieto.com\/?p=23840"},"modified":"2026-04-29T13:57:07","modified_gmt":"2026-04-29T11:57:07","slug":"admision-a-ciclos-formativos-de-grado-basico-medio-y-superior-2","status":"publish","type":"post","link":"https:\/\/somosdelprieto.com\/index.php\/2026\/04\/29\/admision-a-ciclos-formativos-de-grado-basico-medio-y-superior-2\/","title":{"rendered":"ADMISI\u00d3N A CICLOS FORMATIVOS DE GRADO B\u00c1SICO, MEDIO Y SUPERIOR"},"content":{"rendered":"\n<p>Con fecha de 29 de abril de 2026, se ha publicado en el Diario Oficial de Castilla-La Mancha la convocatoria de <strong>ADMISI\u00d3N<\/strong> de alumnado para el <strong>curso 2026\/2027<\/strong> en los ciclos formativos de <strong>GRADO B\u00c1SICO, GRADO MEDIO Y GRADO SUPERIOR<\/strong> en la modalidad presencial, en centros docentes de Castilla-La Mancha sostenidos con fondos p\u00fablicos.<\/p>\n\n\n\n<p class=\"has-medium-font-size\">Las solicitudes de admisi\u00f3n se realizar\u00e1n preferentemente a trav\u00e9s de la secretar\u00eda virtual de la plataforma educativa <a href=\"https:\/\/educamosclm.castillalamancha.es\/\">EducamosCLM<\/a> <strong>entre el 4 de mayo y el 2 de junio<\/strong> de 2026.<\/p>\n\n\n\n<p><strong>PARA M\u00c1S INFORMACI\u00d3N:<\/strong><\/p>\n\n\n\n<p><strong>Grado B\u00e1sico:<\/strong><\/p>\n\n\n\n<p><a href=\"https:\/\/docm.jccm.es\/docm\/descargarArchivo.do?ruta=2026\/04\/29\/pdf\/2026_3123.pdf&amp;tipo=rutaDocm\">https:\/\/docm.jccm.es\/docm\/descargarArchivo.do?ruta=2026\/04\/29\/pdf\/2026_3123.pdf&amp;tipo=rutaDocm<\/a><\/p>\n\n\n\n<figure class=\"wp-block-embed is-type-wp-embed is-provider-ies-gregorio-prieto wp-block-embed-ies-gregorio-prieto\"><div class=\"wp-block-embed__wrapper\">\n<blockquote class=\"wp-embedded-content\" data-secret=\"2ayzRJvReO\"><a href=\"https:\/\/somosdelprieto.com\/index.php\/secretaria\/formacion-profesional-basica\/\">CICLOS FORMATIVOS DE GRADO B\u00c1SICO<\/a><\/blockquote><iframe loading=\"lazy\" class=\"wp-embedded-content\" sandbox=\"allow-scripts\" security=\"restricted\" style=\"position: absolute; visibility: hidden;\" title=\"\u00abCICLOS FORMATIVOS DE GRADO B\u00c1SICO\u00bb \u2014 IES Gregorio Prieto\" src=\"https:\/\/somosdelprieto.com\/index.php\/secretaria\/formacion-profesional-basica\/embed\/#?secret=ar3Ix8yKXv#?secret=2ayzRJvReO\" data-secret=\"2ayzRJvReO\" width=\"525\" height=\"296\" frameborder=\"0\" marginwidth=\"0\" marginheight=\"0\" scrolling=\"no\"><\/iframe>\n<\/div><\/figure>\n\n\n\n<p><strong>Grado Medio y Grado Superior:<\/strong><\/p>\n\n\n\n<p><a href=\"https:\/\/docm.jccm.es\/docm\/descargarArchivo.do?ruta=2026\/04\/29\/pdf\/2026_3122.pdf&amp;tipo=rutaDocm\">https:\/\/docm.jccm.es\/docm\/descargarArchivo.do?ruta=2026\/04\/29\/pdf\/2026_3122.pdf&amp;tipo=rutaDocm<\/a><\/p>\n\n\n\n<figure class=\"wp-block-embed is-type-wp-embed is-provider-ies-gregorio-prieto wp-block-embed-ies-gregorio-prieto\"><div class=\"wp-block-embed__wrapper\">\n<blockquote class=\"wp-embedded-content\" data-secret=\"cvFiZOCCRM\"><a href=\"https:\/\/somosdelprieto.com\/index.php\/secretaria\/ciclo-formativo-grado-medio\/\">Ciclos Formativos Grado Medio<\/a><\/blockquote><iframe loading=\"lazy\" class=\"wp-embedded-content\" sandbox=\"allow-scripts\" security=\"restricted\" style=\"position: absolute; visibility: hidden;\" title=\"\u00abCiclos Formativos Grado Medio\u00bb \u2014 IES Gregorio Prieto\" src=\"https:\/\/somosdelprieto.com\/index.php\/secretaria\/ciclo-formativo-grado-medio\/embed\/#?secret=MMuYCv1RoP#?secret=cvFiZOCCRM\" data-secret=\"cvFiZOCCRM\" width=\"525\" height=\"296\" frameborder=\"0\" marginwidth=\"0\" marginheight=\"0\" scrolling=\"no\"><\/iframe>\n<\/div><\/figure>\n\n\n\n<figure class=\"wp-block-embed is-type-wp-embed is-provider-ies-gregorio-prieto wp-block-embed-ies-gregorio-prieto\"><div class=\"wp-block-embed__wrapper\">\n<blockquote class=\"wp-embedded-content\" data-secret=\"2QCAI5mibj\"><a href=\"https:\/\/somosdelprieto.com\/index.php\/secretaria\/ciclo-formativo-grado-superior\/\">Ciclos Formativos Grado Superior<\/a><\/blockquote><iframe loading=\"lazy\" class=\"wp-embedded-content\" sandbox=\"allow-scripts\" security=\"restricted\" style=\"position: absolute; visibility: hidden;\" title=\"\u00abCiclos Formativos Grado Superior\u00bb \u2014 IES Gregorio Prieto\" src=\"https:\/\/somosdelprieto.com\/index.php\/secretaria\/ciclo-formativo-grado-superior\/embed\/#?secret=4zb0phoNYa#?secret=2QCAI5mibj\" data-secret=\"2QCAI5mibj\" width=\"525\" height=\"296\" frameborder=\"0\" marginwidth=\"0\" marginheight=\"0\" scrolling=\"no\"><\/iframe>\n<\/div><\/figure>\n","protected":false},"excerpt":{"rendered":"<p>Con fecha de 29 de abril de 2026, se ha publicado en el Diario Oficial de Castilla-La Mancha la convocatoria de ADMISI\u00d3N de alumnado para el curso 2026\/2027 en los ciclos formativos de GRADO B\u00c1SICO, GRADO MEDIO Y GRADO SUPERIOR en la modalidad presencial, en centros docentes de Castilla-La Mancha sostenidos con fondos p\u00fablicos. Las &hellip; <\/p>\n<p class=\"link-more\"><a href=\"https:\/\/somosdelprieto.com\/index.php\/2026\/04\/29\/admision-a-ciclos-formativos-de-grado-basico-medio-y-superior-2\/\" class=\"more-link\">Continuar leyendo<span class=\"screen-reader-text\"> \u00abADMISI\u00d3N A CICLOS FORMATIVOS DE GRADO B\u00c1SICO, MEDIO Y SUPERIOR\u00bb<\/span><\/a><\/p>\n","protected":false},"author":53,"featured_media":23841,"comment_status":"closed","ping_status":"","sticky":false,"template":"","format":"standard","meta":{"footnotes":""},"categories":[320,1,47],"tags":[],"class_list":["post-23840","post","type-post","status-publish","format-standard","has-post-thumbnail","hentry","category-admision-2","category-noticias","category-secretaria"],"_links":{"self":[{"href":"https:\/\/somosdelprieto.com\/index.php\/wp-json\/wp\/v2\/posts\/23840","targetHints":{"allow":["GET"]}}],"collection":[{"href":"https:\/\/somosdelprieto.com\/index.php\/wp-json\/wp\/v2\/posts"}],"about":[{"href":"https:\/\/somosdelprieto.com\/index.php\/wp-json\/wp\/v2\/types\/post"}],"author":[{"embeddable":true,"href":"https:\/\/somosdelprieto.com\/index.php\/wp-json\/wp\/v2\/users\/53"}],"replies":[{"embeddable":true,"href":"https:\/\/somosdelprieto.com\/index.php\/wp-json\/wp\/v2\/comments?post=23840"}],"version-history":[{"count":1,"href":"https:\/\/somosdelprieto.com\/index.php\/wp-json\/wp\/v2\/posts\/23840\/revisions"}],"predecessor-version":[{"id":23842,"href":"https:\/\/somosdelprieto.com\/index.php\/wp-json\/wp\/v2\/posts\/23840\/revisions\/23842"}],"wp:featuredmedia":[{"embeddable":true,"href":"https:\/\/somosdelprieto.com\/index.php\/wp-json\/wp\/v2\/media\/23841"}],"wp:attachment":[{"href":"https:\/\/somosdelprieto.com\/index.php\/wp-json\/wp\/v2\/media?parent=23840"}],"wp:term":[{"taxonomy":"category","embeddable":true,"href":"https:\/\/somosdelprieto.com\/index.php\/wp-json\/wp\/v2\/categories?post=23840"},{"taxonomy":"post_tag","embeddable":true,"href":"https:\/\/somosdelprieto.com\/index.php\/wp-json\/wp\/v2\/tags?post=23840"}],"curies":[{"name":"wp","href":"https:\/\/api.w.org\/{rel}","templated":true}]}}