{"id":2384,"date":"2020-12-03T20:39:48","date_gmt":"2020-12-03T19:39:48","guid":{"rendered":"https:\/\/somosdelprieto.com\/?p=2384"},"modified":"2020-12-05T12:52:31","modified_gmt":"2020-12-05T11:52:31","slug":"campana-recogida-de-material-sanitario","status":"publish","type":"post","link":"https:\/\/somosdelprieto.com\/index.php\/2020\/12\/03\/campana-recogida-de-material-sanitario\/","title":{"rendered":"Campa\u00f1a recogida de material sanitario"},"content":{"rendered":"\n<p>Esta ma\u00f1ana recibimos la visita de Televaldepe\u00f1as \ud83c\udfa5 que vino a entrevistar al grupo 2\u00b0 de Asistencia a la Direcci\u00f3n para conocer de primera mano c\u00f3mo se est\u00e1 desarrollando la campa\u00f1a de recogida de material sanitario y difundir esta iniciativa solidaria.<\/p>\n\n\n\n<figure class=\"wp-block-embed-youtube wp-block-embed is-type-video is-provider-youtube wp-embed-aspect-16-9 wp-has-aspect-ratio\"><div class=\"wp-block-embed__wrapper\">\n<iframe loading=\"lazy\" title=\"Recogida Material Protecci\u00f3n Covid IES Gregorio Prieto Noticia Informativos 03\/12\/2020\" width=\"525\" height=\"295\" src=\"https:\/\/www.youtube.com\/embed\/s14zrgIfCP4?feature=oembed\" frameborder=\"0\" allow=\"accelerometer; autoplay; clipboard-write; encrypted-media; gyroscope; picture-in-picture; web-share\" referrerpolicy=\"strict-origin-when-cross-origin\" allowfullscreen><\/iframe>\n<\/div><\/figure>\n","protected":false},"excerpt":{"rendered":"<p>Esta ma\u00f1ana recibimos la visita de Televaldepe\u00f1as \ud83c\udfa5 que vino a entrevistar al grupo 2\u00b0 de Asistencia a la Direcci\u00f3n para conocer de primera mano c\u00f3mo se est\u00e1 desarrollando la campa\u00f1a de recogida de material sanitario y difundir esta iniciativa solidaria.<\/p>\n","protected":false},"author":8,"featured_media":2387,"comment_status":"closed","ping_status":"closed","sticky":false,"template":"","format":"standard","meta":{"footnotes":""},"categories":[7,1],"tags":[80,83,81],"class_list":["post-2384","post","type-post","status-publish","format-standard","has-post-thumbnail","hentry","category-administracion","category-noticias","tag-aad","tag-campana","tag-evento"],"_links":{"self":[{"href":"https:\/\/somosdelprieto.com\/index.php\/wp-json\/wp\/v2\/posts\/2384","targetHints":{"allow":["GET"]}}],"collection":[{"href":"https:\/\/somosdelprieto.com\/index.php\/wp-json\/wp\/v2\/posts"}],"about":[{"href":"https:\/\/somosdelprieto.com\/index.php\/wp-json\/wp\/v2\/types\/post"}],"author":[{"embeddable":true,"href":"https:\/\/somosdelprieto.com\/index.php\/wp-json\/wp\/v2\/users\/8"}],"replies":[{"embeddable":true,"href":"https:\/\/somosdelprieto.com\/index.php\/wp-json\/wp\/v2\/comments?post=2384"}],"version-history":[{"count":2,"href":"https:\/\/somosdelprieto.com\/index.php\/wp-json\/wp\/v2\/posts\/2384\/revisions"}],"predecessor-version":[{"id":2388,"href":"https:\/\/somosdelprieto.com\/index.php\/wp-json\/wp\/v2\/posts\/2384\/revisions\/2388"}],"wp:featuredmedia":[{"embeddable":true,"href":"https:\/\/somosdelprieto.com\/index.php\/wp-json\/wp\/v2\/media\/2387"}],"wp:attachment":[{"href":"https:\/\/somosdelprieto.com\/index.php\/wp-json\/wp\/v2\/media?parent=2384"}],"wp:term":[{"taxonomy":"category","embeddable":true,"href":"https:\/\/somosdelprieto.com\/index.php\/wp-json\/wp\/v2\/categories?post=2384"},{"taxonomy":"post_tag","embeddable":true,"href":"https:\/\/somosdelprieto.com\/index.php\/wp-json\/wp\/v2\/tags?post=2384"}],"curies":[{"name":"wp","href":"https:\/\/api.w.org\/{rel}","templated":true}]}}