{"id":23766,"date":"2026-04-24T17:15:32","date_gmt":"2026-04-24T15:15:32","guid":{"rendered":"https:\/\/somosdelprieto.com\/?p=23766"},"modified":"2026-04-24T17:15:32","modified_gmt":"2026-04-24T15:15:32","slug":"olimpiadas-de-historia","status":"publish","type":"post","link":"https:\/\/somosdelprieto.com\/index.php\/2026\/04\/24\/olimpiadas-de-historia\/","title":{"rendered":"Olimpiadas de Historia"},"content":{"rendered":"\n<p>As\u00ed es, el Departamento de Geograf\u00eda e Historia ha participado en las II Olimpiadas de Historia que organiza la UCLM. <br>Con 2 grupos de alumnos de 4\u00ba ESO y 1\u00ba BACH. muy apasionados por la Historia, \u00abPrietorianos\u00bb y \u00abAtrincherados en el Prieto\u00bb fuimos hasta la Facultad de Letras de la Universidad de Castilla La Mancha en Ciudad Real.<br>All\u00ed pasamos un d\u00eda rodeados de \u00abpeque\u00f1os historiadores\u00bb que lucharon m\u00f3vil en mano por demostrar sus conocimientos sobre la Historia Contemporanea.<br>A pesar de las ganas, y de haber practicado much\u00edsimo estos meses, nuestros sobrados conocimientos no se vieron recompensados, as\u00ed que volvimos sin trofeo, pero con ganas de revancha. <br>A\u00fan as\u00ed, \u00a1no nos rendiremos!, nos prepararemos y <strong>VOLVEREMOS A INTENTARLO<\/strong><\/p>\n\n\n\n<figure class=\"wp-block-image size-large\"><img loading=\"lazy\" decoding=\"async\" width=\"1024\" height=\"576\" src=\"https:\/\/somosdelprieto.com\/wp-content\/uploads\/2026\/04\/670690553_18463713238098703_2003167607658428189_n-1024x576.jpg\" alt=\"\" class=\"wp-image-23801\" srcset=\"https:\/\/somosdelprieto.com\/wp-content\/uploads\/2026\/04\/670690553_18463713238098703_2003167607658428189_n-1024x576.jpg 1024w, https:\/\/somosdelprieto.com\/wp-content\/uploads\/2026\/04\/670690553_18463713238098703_2003167607658428189_n-300x169.jpg 300w, https:\/\/somosdelprieto.com\/wp-content\/uploads\/2026\/04\/670690553_18463713238098703_2003167607658428189_n-768x432.jpg 768w, https:\/\/somosdelprieto.com\/wp-content\/uploads\/2026\/04\/670690553_18463713238098703_2003167607658428189_n-1536x864.jpg 1536w, https:\/\/somosdelprieto.com\/wp-content\/uploads\/2026\/04\/670690553_18463713238098703_2003167607658428189_n-rotated.jpg 1920w\" sizes=\"auto, (max-width: 767px) 89vw, (max-width: 1000px) 54vw, (max-width: 1071px) 543px, 580px\" \/><\/figure>\n\n\n\n<h2 class=\"wp-block-heading\"><\/h2>\n\n\n\n<figure class=\"wp-block-image size-large\"><img loading=\"lazy\" decoding=\"async\" width=\"1024\" height=\"768\" src=\"https:\/\/somosdelprieto.com\/wp-content\/uploads\/2026\/04\/1776867966286-1024x768.jpg\" alt=\"\" class=\"wp-image-23782\" srcset=\"https:\/\/somosdelprieto.com\/wp-content\/uploads\/2026\/04\/1776867966286-1024x768.jpg 1024w, https:\/\/somosdelprieto.com\/wp-content\/uploads\/2026\/04\/1776867966286-300x225.jpg 300w, https:\/\/somosdelprieto.com\/wp-content\/uploads\/2026\/04\/1776867966286-768x576.jpg 768w, https:\/\/somosdelprieto.com\/wp-content\/uploads\/2026\/04\/1776867966286-1536x1152.jpg 1536w, https:\/\/somosdelprieto.com\/wp-content\/uploads\/2026\/04\/1776867966286.jpg 2048w\" sizes=\"auto, (max-width: 767px) 89vw, (max-width: 1000px) 54vw, (max-width: 1071px) 543px, 580px\" \/><\/figure>\n","protected":false},"excerpt":{"rendered":"<p>As\u00ed es, el Departamento de Geograf\u00eda e Historia ha participado en las II Olimpiadas de Historia que organiza la UCLM. Con 2 grupos de alumnos de 4\u00ba ESO y 1\u00ba BACH. muy apasionados por la Historia, \u00abPrietorianos\u00bb y \u00abAtrincherados en el Prieto\u00bb fuimos hasta la Facultad de Letras de la Universidad de Castilla La Mancha &hellip; <\/p>\n<p class=\"link-more\"><a href=\"https:\/\/somosdelprieto.com\/index.php\/2026\/04\/24\/olimpiadas-de-historia\/\" class=\"more-link\">Continuar leyendo<span class=\"screen-reader-text\"> \u00abOlimpiadas de Historia\u00bb<\/span><\/a><\/p>\n","protected":false},"author":32,"featured_media":0,"comment_status":"closed","ping_status":"","sticky":false,"template":"","format":"standard","meta":{"footnotes":""},"categories":[32,1],"tags":[],"class_list":["post-23766","post","type-post","status-publish","format-standard","hentry","category-geografia-e-historia","category-noticias"],"_links":{"self":[{"href":"https:\/\/somosdelprieto.com\/index.php\/wp-json\/wp\/v2\/posts\/23766","targetHints":{"allow":["GET"]}}],"collection":[{"href":"https:\/\/somosdelprieto.com\/index.php\/wp-json\/wp\/v2\/posts"}],"about":[{"href":"https:\/\/somosdelprieto.com\/index.php\/wp-json\/wp\/v2\/types\/post"}],"author":[{"embeddable":true,"href":"https:\/\/somosdelprieto.com\/index.php\/wp-json\/wp\/v2\/users\/32"}],"replies":[{"embeddable":true,"href":"https:\/\/somosdelprieto.com\/index.php\/wp-json\/wp\/v2\/comments?post=23766"}],"version-history":[{"count":3,"href":"https:\/\/somosdelprieto.com\/index.php\/wp-json\/wp\/v2\/posts\/23766\/revisions"}],"predecessor-version":[{"id":23802,"href":"https:\/\/somosdelprieto.com\/index.php\/wp-json\/wp\/v2\/posts\/23766\/revisions\/23802"}],"wp:attachment":[{"href":"https:\/\/somosdelprieto.com\/index.php\/wp-json\/wp\/v2\/media?parent=23766"}],"wp:term":[{"taxonomy":"category","embeddable":true,"href":"https:\/\/somosdelprieto.com\/index.php\/wp-json\/wp\/v2\/categories?post=23766"},{"taxonomy":"post_tag","embeddable":true,"href":"https:\/\/somosdelprieto.com\/index.php\/wp-json\/wp\/v2\/tags?post=23766"}],"curies":[{"name":"wp","href":"https:\/\/api.w.org\/{rel}","templated":true}]}}