{"id":23483,"date":"2026-03-16T13:18:49","date_gmt":"2026-03-16T12:18:49","guid":{"rendered":"https:\/\/somosdelprieto.com\/?p=23483"},"modified":"2026-03-16T14:21:04","modified_gmt":"2026-03-16T13:21:04","slug":"feria-de-formacion-academica-y-profesional-2026","status":"publish","type":"post","link":"https:\/\/somosdelprieto.com\/index.php\/2026\/03\/16\/feria-de-formacion-academica-y-profesional-2026\/","title":{"rendered":"Feria de Formaci\u00f3n Acad\u00e9mica y Profesional 2026"},"content":{"rendered":"\n<p>El IES Gregorio Prieto celebrar\u00e1 el pr\u00f3ximo<strong> 24 de marzo de 2026<\/strong>, en horario de <strong>8:30 h a 13:35 h, la Feria de Formaci\u00f3n Acad\u00e9mica y Profesional 2026<\/strong>, una iniciativa cuyo prop\u00f3sito es ofrecer al alumnado de <strong>Educaci\u00f3n Secundaria, Bachillerato y Ciclos Formativos de Grado Superior <\/strong>una orientaci\u00f3n rigurosa y actualizada sobre las distintas posibilidades acad\u00e9micas y profesionales disponibles tras su etapa en el centro.<\/p>\n\n\n\n<p>La actividad contar\u00e1 con la participaci\u00f3n de diversas <strong>facultades y escuelas de la Universidad de Castilla-La Mancha (UCLM) y de la UNED<\/strong>, as\u00ed como otras entidades acad\u00e9micas e institucionales, con el fin de proporcionar una visi\u00f3n completa de los estudios superiores.<\/p>\n\n\n\n<p><strong>Desarrollo de la jornada<\/strong><\/p>\n\n\n\n<p><strong>1. Sesi\u00f3n inaugural (Sal\u00f3n de Actos) \u2013 9:00 h<\/strong><\/p>\n\n\n\n<p>\u00b7 Apertura institucional.<\/p>\n\n\n\n<p>\u00b7 Mesa redonda y microcharlas a cargo de representantes de las facultades y escuelas participantes.<\/p>\n\n\n\n<p><strong>2. Zona de stands (Pabell\u00f3n Principal) \u2013 9:45 h<\/strong><\/p>\n\n\n\n<p>Cada facultad, escuela o entidad dispondr\u00e1 de un espacio informativo en el que se ofrecer\u00e1:<\/p>\n\n\n\n<p>\u00b7 Informaci\u00f3n personalizada.<\/p>\n\n\n\n<p>\u00b7 Presentaci\u00f3n de grados y salidas profesionales.<\/p>\n\n\n\n<p>\u00b7 Actividades y demostraciones.<\/p>\n\n\n\n<p>\u00b7 Resoluci\u00f3n de dudas sobre itinerarios y procesos de acceso.<\/p>\n\n\n\n<p><strong>3. Recreo \u2013 11:15 h<\/strong><\/p>\n\n\n\n<p>\u00b7 Caf\u00e9 para participantes.<\/p>\n\n\n\n<p><strong>4. Visita a las Familias Profesionales del centro \u2013 11:45 h<\/strong><\/p>\n\n\n\n<p>Recorrido guiado por los talleres e instalaciones educativas del IES Gregorio Prieto.<\/p>\n\n\n\n<figure class=\"wp-block-image size-large\"><img loading=\"lazy\" decoding=\"async\" width=\"1024\" height=\"576\" src=\"https:\/\/somosdelprieto.com\/wp-content\/uploads\/2026\/03\/Visita-Guiada-1-1024x576.jpg\" alt=\"\" class=\"wp-image-23490\" srcset=\"https:\/\/somosdelprieto.com\/wp-content\/uploads\/2026\/03\/Visita-Guiada-1-1024x576.jpg 1024w, https:\/\/somosdelprieto.com\/wp-content\/uploads\/2026\/03\/Visita-Guiada-1-300x169.jpg 300w, https:\/\/somosdelprieto.com\/wp-content\/uploads\/2026\/03\/Visita-Guiada-1-768x432.jpg 768w, https:\/\/somosdelprieto.com\/wp-content\/uploads\/2026\/03\/Visita-Guiada-1.jpg 1280w\" sizes=\"auto, (max-width: 767px) 89vw, (max-width: 1000px) 54vw, (max-width: 1071px) 543px, 580px\" \/><\/figure>\n\n\n\n<p><strong>5. Clausura \u2013 13:35 h<\/strong><\/p>\n\n\n\n<p>Fin de la jornada.<\/p>\n\n\n\n<p><strong>Centros y entidades participantes<\/strong><\/p>\n\n\n\n<p>\u00b7 Escuela T\u00e9cnica Superior de Inform\u00e1tica de Ciudad Real<\/p>\n\n\n\n<p>\u00b7 Escuela T\u00e9cnica Superior de Ingenieros Agr\u00f3nomos<\/p>\n\n\n\n<p>\u00b7 Escuela de Ingenier\u00eda Minera e Industrial de Almad\u00e9n<\/p>\n\n\n\n<p>\u00b7 Escuela T\u00e9cnica Superior de Ingenier\u00eda Industrial<\/p>\n\n\n\n<p>\u00b7 Escuela T\u00e9cnica Superior de Ingenier\u00eda de Caminos, Canales y Puertos<\/p>\n\n\n\n<p>\u00b7 Facultad de Ciencias y Tecnolog\u00edas Qu\u00edmicas<\/p>\n\n\n\n<p>\u00b7 Facultad de Letras de Ciudad Real (por confirmar)<\/p>\n\n\n\n<p>\u00b7 UNED de Ciudad Real<\/p>\n\n\n\n<p>\u00b7 Guardia Civil<\/p>\n\n\n\n<p>\u00b7 Ej\u00e9rcito<\/p>\n\n\n\n<p>A trav\u00e9s de esta Feria de Formaci\u00f3n Acad\u00e9mica y Profesional, el IES Gregorio Prieto reafirma su compromiso con una <strong>orientaci\u00f3n educativa integral<\/strong>, ofreciendo al alumnado informaci\u00f3n precisa y actualizada para facilitar una toma de decisiones fundamentada sobre su futuro acad\u00e9mico y profesional.<\/p>\n","protected":false},"excerpt":{"rendered":"<p>El IES Gregorio Prieto celebrar\u00e1 el pr\u00f3ximo 24 de marzo de 2026, en horario de 8:30 h a 13:35 h, la Feria de Formaci\u00f3n Acad\u00e9mica y Profesional 2026, una iniciativa cuyo prop\u00f3sito es ofrecer al alumnado de Educaci\u00f3n Secundaria, Bachillerato y Ciclos Formativos de Grado Superior una orientaci\u00f3n rigurosa y actualizada sobre las distintas posibilidades &hellip; <\/p>\n<p class=\"link-more\"><a href=\"https:\/\/somosdelprieto.com\/index.php\/2026\/03\/16\/feria-de-formacion-academica-y-profesional-2026\/\" class=\"more-link\">Continuar leyendo<span class=\"screen-reader-text\"> \u00abFeria de Formaci\u00f3n Acad\u00e9mica y Profesional 2026\u00bb<\/span><\/a><\/p>\n","protected":false},"author":1,"featured_media":13478,"comment_status":"closed","ping_status":"","sticky":false,"template":"","format":"standard","meta":{"footnotes":""},"categories":[320,172,130,1],"tags":[],"class_list":["post-23483","post","type-post","status-publish","format-standard","has-post-thumbnail","hentry","category-admision-2","category-bachillerato","category-jornadas-de-puertas-abiertas","category-noticias"],"_links":{"self":[{"href":"https:\/\/somosdelprieto.com\/index.php\/wp-json\/wp\/v2\/posts\/23483","targetHints":{"allow":["GET"]}}],"collection":[{"href":"https:\/\/somosdelprieto.com\/index.php\/wp-json\/wp\/v2\/posts"}],"about":[{"href":"https:\/\/somosdelprieto.com\/index.php\/wp-json\/wp\/v2\/types\/post"}],"author":[{"embeddable":true,"href":"https:\/\/somosdelprieto.com\/index.php\/wp-json\/wp\/v2\/users\/1"}],"replies":[{"embeddable":true,"href":"https:\/\/somosdelprieto.com\/index.php\/wp-json\/wp\/v2\/comments?post=23483"}],"version-history":[{"count":5,"href":"https:\/\/somosdelprieto.com\/index.php\/wp-json\/wp\/v2\/posts\/23483\/revisions"}],"predecessor-version":[{"id":23491,"href":"https:\/\/somosdelprieto.com\/index.php\/wp-json\/wp\/v2\/posts\/23483\/revisions\/23491"}],"wp:featuredmedia":[{"embeddable":true,"href":"https:\/\/somosdelprieto.com\/index.php\/wp-json\/wp\/v2\/media\/13478"}],"wp:attachment":[{"href":"https:\/\/somosdelprieto.com\/index.php\/wp-json\/wp\/v2\/media?parent=23483"}],"wp:term":[{"taxonomy":"category","embeddable":true,"href":"https:\/\/somosdelprieto.com\/index.php\/wp-json\/wp\/v2\/categories?post=23483"},{"taxonomy":"post_tag","embeddable":true,"href":"https:\/\/somosdelprieto.com\/index.php\/wp-json\/wp\/v2\/tags?post=23483"}],"curies":[{"name":"wp","href":"https:\/\/api.w.org\/{rel}","templated":true}]}}