{"id":23463,"date":"2026-03-14T12:48:17","date_gmt":"2026-03-14T11:48:17","guid":{"rendered":"https:\/\/somosdelprieto.com\/?p=23463"},"modified":"2026-03-14T12:48:17","modified_gmt":"2026-03-14T11:48:17","slug":"nuestros-estudiantes-dan-el-salto-a-europa","status":"publish","type":"post","link":"https:\/\/somosdelprieto.com\/index.php\/2026\/03\/14\/nuestros-estudiantes-dan-el-salto-a-europa\/","title":{"rendered":"Nuestros estudiantes dan el salto a Europa"},"content":{"rendered":"\n<p>Seis alumnos de los&nbsp;<strong>Ciclos Formativos de Grado Superior del IES Gregorio Prieto<\/strong>&nbsp;est\u00e1n a punto de comenzar su&nbsp;<strong>formaci\u00f3n dual en distintas empresas europeas<\/strong>, una experiencia que les permitir\u00e1 seguir creciendo profesional y personalmente.<\/p>\n\n\n\n<figure class=\"wp-block-image size-large\"><img loading=\"lazy\" decoding=\"async\" width=\"461\" height=\"1024\" src=\"https:\/\/somosdelprieto.com\/wp-content\/uploads\/2026\/03\/IMG_20260313_104244-461x1024.jpg\" alt=\"\" class=\"wp-image-23464\" srcset=\"https:\/\/somosdelprieto.com\/wp-content\/uploads\/2026\/03\/IMG_20260313_104244-461x1024.jpg 461w, https:\/\/somosdelprieto.com\/wp-content\/uploads\/2026\/03\/IMG_20260313_104244-135x300.jpg 135w, https:\/\/somosdelprieto.com\/wp-content\/uploads\/2026\/03\/IMG_20260313_104244-768x1708.jpg 768w, https:\/\/somosdelprieto.com\/wp-content\/uploads\/2026\/03\/IMG_20260313_104244-691x1536.jpg 691w, https:\/\/somosdelprieto.com\/wp-content\/uploads\/2026\/03\/IMG_20260313_104244-921x2048.jpg 921w, https:\/\/somosdelprieto.com\/wp-content\/uploads\/2026\/03\/IMG_20260313_104244-scaled.jpg 1151w\" sizes=\"auto, (max-width: 461px) 100vw, 461px\" \/><\/figure>\n\n\n\n<p>\ud83d\udccd&nbsp;<strong>Destinos y especialidades:<\/strong><\/p>\n\n\n\n<ul class=\"wp-block-list\">\n<li>\ud83c\uddee\ud83c\uddf9\u00a0<strong>Italia<\/strong>\u00a0\u2192 1 estudiante de\u00a0<em>Direcci\u00f3n de Cocina<\/em><\/li>\n\n\n\n<li>\ud83c\uddec\ud83c\uddf7\u00a0<strong>Grecia<\/strong>\u00a0\u2192 1 estudiante de\u00a0<em>Direcci\u00f3n de Cocina<\/em><\/li>\n\n\n\n<li>\ud83c\uddeb\ud83c\uddf7\u00a0<strong>Francia<\/strong>\u00a0\u2192 1 estudiante de\u00a0<em>Vitivinicultura<\/em><\/li>\n\n\n\n<li>\ud83c\uddf2\ud83c\uddf9\u00a0<strong>Malta<\/strong>\u00a0\u2192 1 estudiante de\u00a0<em>Automoci\u00f3n<\/em><\/li>\n\n\n\n<li>\ud83c\udde9\ud83c\uddea\u00a0<strong>Alemania<\/strong>\u00a0\u2192 2 estudiantes de\u00a0<em>Automoci\u00f3n<\/em><\/li>\n<\/ul>\n\n\n\n<p>Estos j\u00f3venes afrontan este reto con enorme ilusi\u00f3n y motivaci\u00f3n, deseando aprender, superarse y aprovechar al m\u00e1ximo esta oportunidad \u00fanica en otro pa\u00eds europeo.<\/p>\n\n\n\n<p><strong>Una vivencia que, sin duda, marcar\u00e1 su futuro profesional y personal.<\/strong><\/p>\n\n\n\n<figure class=\"wp-block-image size-large\"><img loading=\"lazy\" decoding=\"async\" width=\"461\" height=\"1024\" src=\"https:\/\/somosdelprieto.com\/wp-content\/uploads\/2026\/03\/IMG_20260313_104200-461x1024.jpg\" alt=\"\" class=\"wp-image-23465\" srcset=\"https:\/\/somosdelprieto.com\/wp-content\/uploads\/2026\/03\/IMG_20260313_104200-461x1024.jpg 461w, https:\/\/somosdelprieto.com\/wp-content\/uploads\/2026\/03\/IMG_20260313_104200-135x300.jpg 135w, https:\/\/somosdelprieto.com\/wp-content\/uploads\/2026\/03\/IMG_20260313_104200-768x1708.jpg 768w, https:\/\/somosdelprieto.com\/wp-content\/uploads\/2026\/03\/IMG_20260313_104200-691x1536.jpg 691w, https:\/\/somosdelprieto.com\/wp-content\/uploads\/2026\/03\/IMG_20260313_104200-921x2048.jpg 921w, https:\/\/somosdelprieto.com\/wp-content\/uploads\/2026\/03\/IMG_20260313_104200-scaled.jpg 1151w\" sizes=\"auto, (max-width: 461px) 100vw, 461px\" \/><\/figure>\n\n\n\n<p>\u00a1Desde el centro les deseamos much\u00edsimo \u00e9xito en esta nueva etapa!<\/p>\n\n\n\n<p><\/p>\n","protected":false},"excerpt":{"rendered":"<p>Seis alumnos de los&nbsp;Ciclos Formativos de Grado Superior del IES Gregorio Prieto&nbsp;est\u00e1n a punto de comenzar su&nbsp;formaci\u00f3n dual en distintas empresas europeas, una experiencia que les permitir\u00e1 seguir creciendo profesional y personalmente. \ud83d\udccd&nbsp;Destinos y especialidades: Estos j\u00f3venes afrontan este reto con enorme ilusi\u00f3n y motivaci\u00f3n, deseando aprender, superarse y aprovechar al m\u00e1ximo esta oportunidad \u00fanica &hellip; <\/p>\n<p class=\"link-more\"><a href=\"https:\/\/somosdelprieto.com\/index.php\/2026\/03\/14\/nuestros-estudiantes-dan-el-salto-a-europa\/\" class=\"more-link\">Continuar leyendo<span class=\"screen-reader-text\"> \u00abNuestros estudiantes dan el salto a Europa\u00bb<\/span><\/a><\/p>\n","protected":false},"author":64,"featured_media":23464,"comment_status":"closed","ping_status":"","sticky":false,"template":"","format":"standard","meta":{"footnotes":""},"categories":[4,1],"tags":[],"class_list":["post-23463","post","type-post","status-publish","format-standard","has-post-thumbnail","hentry","category-erasmus","category-noticias"],"_links":{"self":[{"href":"https:\/\/somosdelprieto.com\/index.php\/wp-json\/wp\/v2\/posts\/23463","targetHints":{"allow":["GET"]}}],"collection":[{"href":"https:\/\/somosdelprieto.com\/index.php\/wp-json\/wp\/v2\/posts"}],"about":[{"href":"https:\/\/somosdelprieto.com\/index.php\/wp-json\/wp\/v2\/types\/post"}],"author":[{"embeddable":true,"href":"https:\/\/somosdelprieto.com\/index.php\/wp-json\/wp\/v2\/users\/64"}],"replies":[{"embeddable":true,"href":"https:\/\/somosdelprieto.com\/index.php\/wp-json\/wp\/v2\/comments?post=23463"}],"version-history":[{"count":1,"href":"https:\/\/somosdelprieto.com\/index.php\/wp-json\/wp\/v2\/posts\/23463\/revisions"}],"predecessor-version":[{"id":23466,"href":"https:\/\/somosdelprieto.com\/index.php\/wp-json\/wp\/v2\/posts\/23463\/revisions\/23466"}],"wp:featuredmedia":[{"embeddable":true,"href":"https:\/\/somosdelprieto.com\/index.php\/wp-json\/wp\/v2\/media\/23464"}],"wp:attachment":[{"href":"https:\/\/somosdelprieto.com\/index.php\/wp-json\/wp\/v2\/media?parent=23463"}],"wp:term":[{"taxonomy":"category","embeddable":true,"href":"https:\/\/somosdelprieto.com\/index.php\/wp-json\/wp\/v2\/categories?post=23463"},{"taxonomy":"post_tag","embeddable":true,"href":"https:\/\/somosdelprieto.com\/index.php\/wp-json\/wp\/v2\/tags?post=23463"}],"curies":[{"name":"wp","href":"https:\/\/api.w.org\/{rel}","templated":true}]}}