{"id":23447,"date":"2026-03-11T13:17:55","date_gmt":"2026-03-11T12:17:55","guid":{"rendered":"https:\/\/somosdelprieto.com\/?p=23447"},"modified":"2026-03-11T13:17:55","modified_gmt":"2026-03-11T12:17:55","slug":"proyecto-interdisciplinar-csi-valdepenas","status":"publish","type":"post","link":"https:\/\/somosdelprieto.com\/index.php\/2026\/03\/11\/proyecto-interdisciplinar-csi-valdepenas\/","title":{"rendered":"PROYECTO INTERDISCIPLINAR \u201cCSI Valdepe\u00f1as\u201d"},"content":{"rendered":"\n<p><strong>Cuando Matem\u00e1ticas y Qu\u00edmica se unen para resolver un misterio<\/strong><\/p>\n\n\n\n<p>El IES Gregorio Prieto contin\u00faa impulsando metodolog\u00edas activas y proyectos que integran distintas disciplinas para llevar el aprendizaje m\u00e1s all\u00e1 del libro de texto. Este trimestre, el alumnado de <strong>2\u00ba de ESO<\/strong> ha desarrollado <em>\u201cCSI Valdepe\u00f1as\u201d<\/em>, una propuesta conjunta de los departamentos de Matem\u00e1ticas y F\u00edsica y Qu\u00edmica que convierte a los estudiantes en j\u00f3venes investigadores encargados de resolver un caso arqueol\u00f3gico realista.<\/p>\n\n\n\n<p>El punto de partida fue un descubrimiento ficticio en el <strong>Cerro de las Cabezas<\/strong>: un esqueleto bien conservado, acompa\u00f1ado de una f\u00edbula met\u00e1lica y una antigua \u00e1nfora con restos s\u00f3lidos. A partir de ah\u00ed, los estudiantes tuvieron que analizar, calcular, comparar y representar datos para responder a la gran pregunta:<\/p>\n\n\n\n<p><strong>\u00bfQui\u00e9n era esta persona y de d\u00f3nde ven\u00eda?<\/strong><\/p>\n\n\n\n<figure class=\"wp-block-image size-large\"><img loading=\"lazy\" decoding=\"async\" width=\"1024\" height=\"768\" src=\"https:\/\/somosdelprieto.com\/wp-content\/uploads\/2026\/03\/photo_2026-03-11_09-38-57-1024x768.jpg\" alt=\"\" class=\"wp-image-23450\" srcset=\"https:\/\/somosdelprieto.com\/wp-content\/uploads\/2026\/03\/photo_2026-03-11_09-38-57-1024x768.jpg 1024w, https:\/\/somosdelprieto.com\/wp-content\/uploads\/2026\/03\/photo_2026-03-11_09-38-57-300x225.jpg 300w, https:\/\/somosdelprieto.com\/wp-content\/uploads\/2026\/03\/photo_2026-03-11_09-38-57-768x576.jpg 768w, https:\/\/somosdelprieto.com\/wp-content\/uploads\/2026\/03\/photo_2026-03-11_09-38-57.jpg 1280w\" sizes=\"auto, (max-width: 767px) 89vw, (max-width: 1000px) 54vw, (max-width: 1071px) 543px, 580px\" \/><\/figure>\n\n\n\n<p>Tras combinar c\u00e1lculos matem\u00e1ticos, datos isot\u00f3picos, gr\u00e1ficas y an\u00e1lisis f\u00edsico-qu\u00edmicos, los grupos elaboraron un <strong>informe final<\/strong> donde expusieron:<\/p>\n\n\n\n<ul class=\"wp-block-list\">\n<li>El metal de la f\u00edbula.<\/li>\n\n\n\n<li>El proceso f\u00edsico que transform\u00f3 el contenido de la \u00e1nfora.<\/li>\n\n\n\n<li>Su c\u00e1lculo e interpretaci\u00f3n de los is\u00f3topos.<\/li>\n\n\n\n<li>Las gr\u00e1ficas que situaban la procedencia del viajero.<\/li>\n\n\n\n<li>Su hip\u00f3tesis razonada sobre el estatus social y la dieta del individuo.<\/li>\n<\/ul>\n\n\n\n<p>Muchos grupos concluyeron que el viajero habr\u00eda procedido probablemente de <strong>C\u00e1stulo<\/strong>, de posici\u00f3n social relativamente elevada y habituado a una dieta rica en prote\u00ednas, lo que suger\u00eda un perfil cercano al de un <strong>guerrero o miembro destacado de la comunidad<\/strong>.<\/p>\n\n\n\n<p>\u201cCSI Valdepe\u00f1as\u201d ha permitido al alumnado comprender que la ciencia no es un conjunto aislado de f\u00f3rmulas: es una herramienta poderosa para <strong>interpretar el mundo<\/strong>, resolver problemas reales y conectar saberes.<\/p>\n\n\n\n<figure class=\"wp-block-image size-large\"><img loading=\"lazy\" decoding=\"async\" width=\"1024\" height=\"768\" src=\"https:\/\/somosdelprieto.com\/wp-content\/uploads\/2026\/03\/IMG_20260306_131931-1024x768.jpg\" alt=\"\" class=\"wp-image-23451\" srcset=\"https:\/\/somosdelprieto.com\/wp-content\/uploads\/2026\/03\/IMG_20260306_131931-1024x768.jpg 1024w, https:\/\/somosdelprieto.com\/wp-content\/uploads\/2026\/03\/IMG_20260306_131931-300x225.jpg 300w, https:\/\/somosdelprieto.com\/wp-content\/uploads\/2026\/03\/IMG_20260306_131931-768x576.jpg 768w, https:\/\/somosdelprieto.com\/wp-content\/uploads\/2026\/03\/IMG_20260306_131931-1536x1152.jpg 1536w, https:\/\/somosdelprieto.com\/wp-content\/uploads\/2026\/03\/IMG_20260306_131931-2048x1536.jpg 2048w\" sizes=\"auto, (max-width: 767px) 89vw, (max-width: 1000px) 54vw, (max-width: 1071px) 543px, 580px\" \/><\/figure>\n\n\n\n<p>Al igual que en proyectos anteriores del centro, esta iniciativa demuestra que el aprendizaje es m\u00e1s significativo cuando el alumnado se convierte en protagonista, investigador y narrador de su propio proceso.<\/p>\n","protected":false},"excerpt":{"rendered":"<p>Cuando Matem\u00e1ticas y Qu\u00edmica se unen para resolver un misterio El IES Gregorio Prieto contin\u00faa impulsando metodolog\u00edas activas y proyectos que integran distintas disciplinas para llevar el aprendizaje m\u00e1s all\u00e1 del libro de texto. Este trimestre, el alumnado de 2\u00ba de ESO ha desarrollado \u201cCSI Valdepe\u00f1as\u201d, una propuesta conjunta de los departamentos de Matem\u00e1ticas y &hellip; <\/p>\n<p class=\"link-more\"><a href=\"https:\/\/somosdelprieto.com\/index.php\/2026\/03\/11\/proyecto-interdisciplinar-csi-valdepenas\/\" class=\"more-link\">Continuar leyendo<span class=\"screen-reader-text\"> \u00abPROYECTO INTERDISCIPLINAR \u201cCSI Valdepe\u00f1as\u201d\u00bb<\/span><\/a><\/p>\n","protected":false},"author":29,"featured_media":23448,"comment_status":"closed","ping_status":"","sticky":false,"template":"","format":"standard","meta":{"footnotes":""},"categories":[1],"tags":[253,124,115,413],"class_list":["post-23447","post","type-post","status-publish","format-standard","has-post-thumbnail","hentry","category-noticias","tag-fisica-y-quimica","tag-matematicas","tag-noticias","tag-proyecto-de-innovacion"],"_links":{"self":[{"href":"https:\/\/somosdelprieto.com\/index.php\/wp-json\/wp\/v2\/posts\/23447","targetHints":{"allow":["GET"]}}],"collection":[{"href":"https:\/\/somosdelprieto.com\/index.php\/wp-json\/wp\/v2\/posts"}],"about":[{"href":"https:\/\/somosdelprieto.com\/index.php\/wp-json\/wp\/v2\/types\/post"}],"author":[{"embeddable":true,"href":"https:\/\/somosdelprieto.com\/index.php\/wp-json\/wp\/v2\/users\/29"}],"replies":[{"embeddable":true,"href":"https:\/\/somosdelprieto.com\/index.php\/wp-json\/wp\/v2\/comments?post=23447"}],"version-history":[{"count":2,"href":"https:\/\/somosdelprieto.com\/index.php\/wp-json\/wp\/v2\/posts\/23447\/revisions"}],"predecessor-version":[{"id":23452,"href":"https:\/\/somosdelprieto.com\/index.php\/wp-json\/wp\/v2\/posts\/23447\/revisions\/23452"}],"wp:featuredmedia":[{"embeddable":true,"href":"https:\/\/somosdelprieto.com\/index.php\/wp-json\/wp\/v2\/media\/23448"}],"wp:attachment":[{"href":"https:\/\/somosdelprieto.com\/index.php\/wp-json\/wp\/v2\/media?parent=23447"}],"wp:term":[{"taxonomy":"category","embeddable":true,"href":"https:\/\/somosdelprieto.com\/index.php\/wp-json\/wp\/v2\/categories?post=23447"},{"taxonomy":"post_tag","embeddable":true,"href":"https:\/\/somosdelprieto.com\/index.php\/wp-json\/wp\/v2\/tags?post=23447"}],"curies":[{"name":"wp","href":"https:\/\/api.w.org\/{rel}","templated":true}]}}