{"id":23436,"date":"2026-03-10T14:03:15","date_gmt":"2026-03-10T13:03:15","guid":{"rendered":"https:\/\/somosdelprieto.com\/?p=23436"},"modified":"2026-03-10T14:08:44","modified_gmt":"2026-03-10T13:08:44","slug":"seminario-sobre-uso-dispositivos-ateca-para-profesorado","status":"publish","type":"post","link":"https:\/\/somosdelprieto.com\/index.php\/2026\/03\/10\/seminario-sobre-uso-dispositivos-ateca-para-profesorado\/","title":{"rendered":"SEMINARIO SOBRE USO DISPOSITIVOS ATECA PARA PROFESORADO"},"content":{"rendered":"\n<p>Continuamos con nuestra apuesta por la innovaci\u00f3n educativa. Durante las \u00faltimas semanas, hemos realizado en nuestro instituto un seminario de formaci\u00f3n para el profesorado centrado en el manejo de los dispositivos y herramientas que componen nuestras Aulas ATECA: espacios dise\u00f1ados para llevar la tecnolog\u00eda m\u00e1s avanzada al alumnado.<\/p>\n\n\n\n<p>&nbsp;&nbsp;&nbsp;&nbsp;&nbsp;Recordemos que las aulas ATECA (Aula de Tecnolog\u00eda Aplicada) representan un ecosistema tecnol\u00f3gico completo dentro de nuestro centro. Integran realidad extendida, fabricaci\u00f3n digital, rob\u00f3tica, electr\u00f3nica y producci\u00f3n audiovisual inmersiva en un mismo espacio colaborativo y flexible.<\/p>\n\n\n\n<p>&nbsp;&nbsp;&nbsp;&nbsp;&nbsp;Para que el profesorado pueda sacar el m\u00e1ximo partido a estos recursos, la formaci\u00f3n continua del equipo docente es imprescindible. Ese fue el punto de partida de este seminario: acercar la tecnolog\u00eda a quienes la van a integrar en el aula.&nbsp;&nbsp;<\/p>\n\n\n\n<figure class=\"wp-block-image size-large\"><img loading=\"lazy\" decoding=\"async\" width=\"1024\" height=\"657\" src=\"https:\/\/somosdelprieto.com\/wp-content\/uploads\/2026\/03\/foto1ATECA-1024x657.png\" alt=\"\" class=\"wp-image-23440\" srcset=\"https:\/\/somosdelprieto.com\/wp-content\/uploads\/2026\/03\/foto1ATECA-1024x657.png 1024w, https:\/\/somosdelprieto.com\/wp-content\/uploads\/2026\/03\/foto1ATECA-300x192.png 300w, https:\/\/somosdelprieto.com\/wp-content\/uploads\/2026\/03\/foto1ATECA-768x493.png 768w, https:\/\/somosdelprieto.com\/wp-content\/uploads\/2026\/03\/foto1ATECA-1536x985.png 1536w, https:\/\/somosdelprieto.com\/wp-content\/uploads\/2026\/03\/foto1ATECA-2048x1314.png 2048w\" sizes=\"auto, (max-width: 767px) 89vw, (max-width: 1000px) 54vw, (max-width: 1071px) 543px, 580px\" \/><\/figure>\n\n\n\n<p>      A lo largo de las sesiones, el profesorado tuvo la oportunidad de explorar, manipular y experimentar de primera mano con un amplio cat\u00e1logo de dispositivos: Gafas XR \/ Realidad Mixta (HoloLens 2, Meta Quest 3S, Quest 2, HP Reverb G2, Pico 4 Pro Enterprise), Impresi\u00f3n 3D (Manejo de impresoras FDM, laminado, preparaci\u00f3n de archivos y resoluci\u00f3n de incidencias), Dise\u00f1o 3D (modelado y preparaci\u00f3n de piezas para fabricaci\u00f3n digital e integraci\u00f3n en entornos XR), Brazo rob\u00f3tico Nyrio Ned (programaci\u00f3n, calibraci\u00f3n y aplicaciones educativas del robot colaborativo Ned de Niryo), C\u00e1mara 360\u00b0 Insta360 X4<br>(captura inmersiva, edici\u00f3n de metraje esf\u00e9rico y creaci\u00f3n de contenido para visores XR), Tours virtuales (creaci\u00f3n de recorridos virtuales interactivos a partir de fotograf\u00eda y v\u00eddeo 360\u00b0 para uso did\u00e1ctico)<\/p>\n\n\n\n<p>     M\u00e1s all\u00e1 del manejo t\u00e9cnico de los dispositivos, el seminario se convirti\u00f3 en un espacio de intercambio real entre compa\u00f1eros. El profesorado puso sobre la mesa experiencias previas, dudas y propuestas concretas, y de esas conversaciones surgieron algunas de las ideas m\u00e1s interesantes para llevar estas tecnolog\u00edas al aula de forma significativa.<\/p>\n\n\n\n<figure class=\"wp-block-image size-large\"><img loading=\"lazy\" decoding=\"async\" width=\"1024\" height=\"576\" src=\"https:\/\/somosdelprieto.com\/wp-content\/uploads\/2026\/03\/IMG_20260310_113303067-1024x576.jpg\" alt=\"\" class=\"wp-image-23442\" srcset=\"https:\/\/somosdelprieto.com\/wp-content\/uploads\/2026\/03\/IMG_20260310_113303067-1024x576.jpg 1024w, https:\/\/somosdelprieto.com\/wp-content\/uploads\/2026\/03\/IMG_20260310_113303067-300x169.jpg 300w, https:\/\/somosdelprieto.com\/wp-content\/uploads\/2026\/03\/IMG_20260310_113303067-768x432.jpg 768w, https:\/\/somosdelprieto.com\/wp-content\/uploads\/2026\/03\/IMG_20260310_113303067-1536x864.jpg 1536w, https:\/\/somosdelprieto.com\/wp-content\/uploads\/2026\/03\/IMG_20260310_113303067-2048x1153.jpg 2048w\" sizes=\"auto, (max-width: 767px) 89vw, (max-width: 1000px) 54vw, (max-width: 1071px) 543px, 580px\" \/><\/figure>\n\n\n\n<figure class=\"wp-block-image size-large\"><img loading=\"lazy\" decoding=\"async\" width=\"1024\" height=\"1024\" src=\"https:\/\/somosdelprieto.com\/wp-content\/uploads\/2026\/03\/APETECALogo2025.png-1024x1024.webp\" alt=\"\" class=\"wp-image-23445\" srcset=\"https:\/\/somosdelprieto.com\/wp-content\/uploads\/2026\/03\/APETECALogo2025.png-1024x1024.webp 1024w, https:\/\/somosdelprieto.com\/wp-content\/uploads\/2026\/03\/APETECALogo2025.png-300x300.webp 300w, https:\/\/somosdelprieto.com\/wp-content\/uploads\/2026\/03\/APETECALogo2025.png-150x150.webp 150w, https:\/\/somosdelprieto.com\/wp-content\/uploads\/2026\/03\/APETECALogo2025.png-768x768.webp 768w, https:\/\/somosdelprieto.com\/wp-content\/uploads\/2026\/03\/APETECALogo2025.png-100x100.webp 100w, https:\/\/somosdelprieto.com\/wp-content\/uploads\/2026\/03\/APETECALogo2025.png.webp 1312w\" sizes=\"auto, (max-width: 767px) 89vw, (max-width: 1000px) 54vw, (max-width: 1071px) 543px, 580px\" \/><\/figure>\n","protected":false},"excerpt":{"rendered":"<p>Continuamos con nuestra apuesta por la innovaci\u00f3n educativa. Durante las \u00faltimas semanas, hemos realizado en nuestro instituto un seminario de formaci\u00f3n para el profesorado centrado en el manejo de los dispositivos y herramientas que componen nuestras Aulas ATECA: espacios dise\u00f1ados para llevar la tecnolog\u00eda m\u00e1s avanzada al alumnado. &nbsp;&nbsp;&nbsp;&nbsp;&nbsp;Recordemos que las aulas ATECA (Aula de &hellip; <\/p>\n<p class=\"link-more\"><a href=\"https:\/\/somosdelprieto.com\/index.php\/2026\/03\/10\/seminario-sobre-uso-dispositivos-ateca-para-profesorado\/\" class=\"more-link\">Continuar leyendo<span class=\"screen-reader-text\"> \u00abSEMINARIO SOBRE USO DISPOSITIVOS ATECA PARA PROFESORADO\u00bb<\/span><\/a><\/p>\n","protected":false},"author":69,"featured_media":23440,"comment_status":"closed","ping_status":"","sticky":false,"template":"","format":"standard","meta":{"footnotes":""},"categories":[203,62,1],"tags":[199,108],"class_list":["post-23436","post","type-post","status-publish","format-standard","has-post-thumbnail","hentry","category-ateca","category-innovacion","category-noticias","tag-ateca","tag-innovacion"],"_links":{"self":[{"href":"https:\/\/somosdelprieto.com\/index.php\/wp-json\/wp\/v2\/posts\/23436","targetHints":{"allow":["GET"]}}],"collection":[{"href":"https:\/\/somosdelprieto.com\/index.php\/wp-json\/wp\/v2\/posts"}],"about":[{"href":"https:\/\/somosdelprieto.com\/index.php\/wp-json\/wp\/v2\/types\/post"}],"author":[{"embeddable":true,"href":"https:\/\/somosdelprieto.com\/index.php\/wp-json\/wp\/v2\/users\/69"}],"replies":[{"embeddable":true,"href":"https:\/\/somosdelprieto.com\/index.php\/wp-json\/wp\/v2\/comments?post=23436"}],"version-history":[{"count":2,"href":"https:\/\/somosdelprieto.com\/index.php\/wp-json\/wp\/v2\/posts\/23436\/revisions"}],"predecessor-version":[{"id":23446,"href":"https:\/\/somosdelprieto.com\/index.php\/wp-json\/wp\/v2\/posts\/23436\/revisions\/23446"}],"wp:featuredmedia":[{"embeddable":true,"href":"https:\/\/somosdelprieto.com\/index.php\/wp-json\/wp\/v2\/media\/23440"}],"wp:attachment":[{"href":"https:\/\/somosdelprieto.com\/index.php\/wp-json\/wp\/v2\/media?parent=23436"}],"wp:term":[{"taxonomy":"category","embeddable":true,"href":"https:\/\/somosdelprieto.com\/index.php\/wp-json\/wp\/v2\/categories?post=23436"},{"taxonomy":"post_tag","embeddable":true,"href":"https:\/\/somosdelprieto.com\/index.php\/wp-json\/wp\/v2\/tags?post=23436"}],"curies":[{"name":"wp","href":"https:\/\/api.w.org\/{rel}","templated":true}]}}