{"id":23204,"date":"2026-01-29T17:49:40","date_gmt":"2026-01-29T16:49:40","guid":{"rendered":"https:\/\/somosdelprieto.com\/?p=23204"},"modified":"2026-01-29T17:49:40","modified_gmt":"2026-01-29T16:49:40","slug":"construyendo-puentes-de-esperanza-nuestros-alumnos-de-1o-y-2o-de-la-eso-viajan-a-ourem-portugal","status":"publish","type":"post","link":"https:\/\/somosdelprieto.com\/index.php\/2026\/01\/29\/construyendo-puentes-de-esperanza-nuestros-alumnos-de-1o-y-2o-de-la-eso-viajan-a-ourem-portugal\/","title":{"rendered":"Construyendo \u00abPuentes de Esperanza\u00bb: Nuestros alumnos de 1\u00ba y 2\u00ba de la ESO viajan a Our\u00e9m (Portugal)"},"content":{"rendered":"\n<p>Durante la semana del 18 al 23 de enero de 2026, un grupo de alumnos de 1\u00ba y 2\u00ba de la ESO del I.E.S. Gregorio Prieto ha participado en una enriquecedora movilidad Erasmus+ en la localidad portuguesa de Our\u00e9m. Acompa\u00f1ados por dos de nuestros profesores, nuestros estudiantes han sido acogidos por el Agrupamento de Escolas de Our\u00e9m para vivir una semana llena de trabajo en un ambiente fant\u00e1stico, y de gran hermanamiento, gracias al fant\u00e1stico trabajo realizado por los compa\u00f1eros de Our\u00e9m y la gran acogida de las familias.<\/p>\n\n\n\n<figure class=\"wp-block-image size-full\"><img loading=\"lazy\" decoding=\"async\" width=\"565\" height=\"424\" src=\"https:\/\/somosdelprieto.com\/wp-content\/uploads\/2026\/01\/Fotos-1.jpg\" alt=\"\" class=\"wp-image-23205\" srcset=\"https:\/\/somosdelprieto.com\/wp-content\/uploads\/2026\/01\/Fotos-1.jpg 565w, https:\/\/somosdelprieto.com\/wp-content\/uploads\/2026\/01\/Fotos-1-300x225.jpg 300w\" sizes=\"auto, (max-width: 565px) 100vw, 565px\" \/><\/figure>\n\n\n\n<p>Siguiendo una metodolog\u00eda de trabajo por proyectos en equipos mixtos internacionales, el programa ha puesto un foco especial en la salud mental y las habilidades sociales. Los alumnos participaron en talleres din\u00e1micos como \u00abInclusion \u2013 me in other shoes\u00bb, donde a trav\u00e9s de la m\u00edmica y diversas estrategias, aprendieron a identificar situaciones de exclusi\u00f3n. Asimismo, el taller de \u00abEmpat\u00eda\u00bb permiti\u00f3 a los estudiantes explorar la confianza y la amistad mediante juegos de rol.<\/p>\n\n\n\n<figure class=\"wp-block-image size-large\"><img loading=\"lazy\" decoding=\"async\" width=\"1024\" height=\"771\" src=\"https:\/\/somosdelprieto.com\/wp-content\/uploads\/2026\/01\/Fotos-2-1024x771.jpg\" alt=\"\" class=\"wp-image-23206\" srcset=\"https:\/\/somosdelprieto.com\/wp-content\/uploads\/2026\/01\/Fotos-2-1024x771.jpg 1024w, https:\/\/somosdelprieto.com\/wp-content\/uploads\/2026\/01\/Fotos-2-300x226.jpg 300w, https:\/\/somosdelprieto.com\/wp-content\/uploads\/2026\/01\/Fotos-2-768x578.jpg 768w, https:\/\/somosdelprieto.com\/wp-content\/uploads\/2026\/01\/Fotos-2.jpg 1299w\" sizes=\"auto, (max-width: 767px) 89vw, (max-width: 1000px) 54vw, (max-width: 1071px) 543px, 580px\" \/><\/figure>\n\n\n\n<p>Adem\u00e1s de la formaci\u00f3n en valores, hubo tiempo para potenciar la digitalizaci\u00f3n y la creatividad con el \u00abLogo Contest\u00bb. En esta actividad, los alumnos dise\u00f1aron el logotipo del proyecto utilizando herramientas tecnol\u00f3gicas, reforzando as\u00ed sus competencias digitales en un entorno colaborativo.<\/p>\n\n\n\n<figure class=\"wp-block-image size-large\"><img loading=\"lazy\" decoding=\"async\" width=\"768\" height=\"1024\" src=\"https:\/\/somosdelprieto.com\/wp-content\/uploads\/2026\/01\/Fotos-3-768x1024.jpg\" alt=\"\" class=\"wp-image-23207\" srcset=\"https:\/\/somosdelprieto.com\/wp-content\/uploads\/2026\/01\/Fotos-3-768x1024.jpg 768w, https:\/\/somosdelprieto.com\/wp-content\/uploads\/2026\/01\/Fotos-3-225x300.jpg 225w, https:\/\/somosdelprieto.com\/wp-content\/uploads\/2026\/01\/Fotos-3-1152x1536.jpg 1152w, https:\/\/somosdelprieto.com\/wp-content\/uploads\/2026\/01\/Fotos-3.jpg 1299w\" sizes=\"auto, (max-width: 767px) 89vw, (max-width: 1000px) 54vw, (max-width: 1071px) 543px, 580px\" \/><\/figure>\n\n\n\n<p>La estancia incluy\u00f3 visitas culturales clave para entender el patrimonio del pa\u00eds vecino. El grupo pudo explorar el Castillo de Our\u00e9m y disfrutar de una jornada completa en Lisboa, visitando el emblem\u00e1tico Castelo de S\u00e3o Jorge y el interactivo Pavilh\u00e3o do Conhecimento. Tambi\u00e9n hubo ocasi\u00f3n de acercarse a la costa para conocer Nazar\u00e9 y sus famosas \u00abolas gigantes\u00bb.<\/p>\n\n\n\n<figure class=\"wp-block-image size-large\"><img loading=\"lazy\" decoding=\"async\" width=\"1024\" height=\"768\" src=\"https:\/\/somosdelprieto.com\/wp-content\/uploads\/2026\/01\/Fotos-4-1024x768.jpg\" alt=\"\" class=\"wp-image-23208\" srcset=\"https:\/\/somosdelprieto.com\/wp-content\/uploads\/2026\/01\/Fotos-4-1024x768.jpg 1024w, https:\/\/somosdelprieto.com\/wp-content\/uploads\/2026\/01\/Fotos-4-300x225.jpg 300w, https:\/\/somosdelprieto.com\/wp-content\/uploads\/2026\/01\/Fotos-4-768x576.jpg 768w, https:\/\/somosdelprieto.com\/wp-content\/uploads\/2026\/01\/Fotos-4.jpg 1121w\" sizes=\"auto, (max-width: 767px) 89vw, (max-width: 1000px) 54vw, (max-width: 1071px) 543px, 580px\" \/><\/figure>\n\n\n\n<p>La movilidad concluy\u00f3 el viernes con la elaboraci\u00f3n de un \u00abVideo de la semana\u00bb, una actividad final que consolid\u00f3 el aprendizaje digital y el trabajo en equipo. Nuestros estudiantes regresan a Valdepe\u00f1as con la maleta llena de nuevas amistades, una mayor competencia ling\u00fc\u00edstica y habiendo cumplido con creces los objetivos educativos del centro.<\/p>\n\n\n\n<figure class=\"wp-block-image size-large\"><img loading=\"lazy\" decoding=\"async\" width=\"1024\" height=\"768\" src=\"https:\/\/somosdelprieto.com\/wp-content\/uploads\/2026\/01\/Fotos-5-1024x768.jpg\" alt=\"\" class=\"wp-image-23209\" srcset=\"https:\/\/somosdelprieto.com\/wp-content\/uploads\/2026\/01\/Fotos-5-1024x768.jpg 1024w, https:\/\/somosdelprieto.com\/wp-content\/uploads\/2026\/01\/Fotos-5-300x225.jpg 300w, https:\/\/somosdelprieto.com\/wp-content\/uploads\/2026\/01\/Fotos-5-768x576.jpg 768w, https:\/\/somosdelprieto.com\/wp-content\/uploads\/2026\/01\/Fotos-5.jpg 1098w\" sizes=\"auto, (max-width: 767px) 89vw, (max-width: 1000px) 54vw, (max-width: 1071px) 543px, 580px\" \/><\/figure>\n","protected":false},"excerpt":{"rendered":"<p>Durante la semana del 18 al 23 de enero de 2026, un grupo de alumnos de 1\u00ba y 2\u00ba de la ESO del I.E.S. Gregorio Prieto ha participado en una enriquecedora movilidad Erasmus+ en la localidad portuguesa de Our\u00e9m. Acompa\u00f1ados por dos de nuestros profesores, nuestros estudiantes han sido acogidos por el Agrupamento de Escolas &hellip; <\/p>\n<p class=\"link-more\"><a href=\"https:\/\/somosdelprieto.com\/index.php\/2026\/01\/29\/construyendo-puentes-de-esperanza-nuestros-alumnos-de-1o-y-2o-de-la-eso-viajan-a-ourem-portugal\/\" class=\"more-link\">Continuar leyendo<span class=\"screen-reader-text\"> \u00abConstruyendo \u00abPuentes de Esperanza\u00bb: Nuestros alumnos de 1\u00ba y 2\u00ba de la ESO viajan a Our\u00e9m (Portugal)\u00bb<\/span><\/a><\/p>\n","protected":false},"author":67,"featured_media":23166,"comment_status":"closed","ping_status":"closed","sticky":false,"template":"","format":"standard","meta":{"footnotes":""},"categories":[4,1],"tags":[],"class_list":["post-23204","post","type-post","status-publish","format-standard","has-post-thumbnail","hentry","category-erasmus","category-noticias"],"_links":{"self":[{"href":"https:\/\/somosdelprieto.com\/index.php\/wp-json\/wp\/v2\/posts\/23204","targetHints":{"allow":["GET"]}}],"collection":[{"href":"https:\/\/somosdelprieto.com\/index.php\/wp-json\/wp\/v2\/posts"}],"about":[{"href":"https:\/\/somosdelprieto.com\/index.php\/wp-json\/wp\/v2\/types\/post"}],"author":[{"embeddable":true,"href":"https:\/\/somosdelprieto.com\/index.php\/wp-json\/wp\/v2\/users\/67"}],"replies":[{"embeddable":true,"href":"https:\/\/somosdelprieto.com\/index.php\/wp-json\/wp\/v2\/comments?post=23204"}],"version-history":[{"count":1,"href":"https:\/\/somosdelprieto.com\/index.php\/wp-json\/wp\/v2\/posts\/23204\/revisions"}],"predecessor-version":[{"id":23210,"href":"https:\/\/somosdelprieto.com\/index.php\/wp-json\/wp\/v2\/posts\/23204\/revisions\/23210"}],"wp:featuredmedia":[{"embeddable":true,"href":"https:\/\/somosdelprieto.com\/index.php\/wp-json\/wp\/v2\/media\/23166"}],"wp:attachment":[{"href":"https:\/\/somosdelprieto.com\/index.php\/wp-json\/wp\/v2\/media?parent=23204"}],"wp:term":[{"taxonomy":"category","embeddable":true,"href":"https:\/\/somosdelprieto.com\/index.php\/wp-json\/wp\/v2\/categories?post=23204"},{"taxonomy":"post_tag","embeddable":true,"href":"https:\/\/somosdelprieto.com\/index.php\/wp-json\/wp\/v2\/tags?post=23204"}],"curies":[{"name":"wp","href":"https:\/\/api.w.org\/{rel}","templated":true}]}}