{"id":23171,"date":"2026-01-27T19:23:26","date_gmt":"2026-01-27T18:23:26","guid":{"rendered":"https:\/\/somosdelprieto.com\/?p=23171"},"modified":"2026-01-27T19:23:26","modified_gmt":"2026-01-27T18:23:26","slug":"el-alumnado-de-la-eso-vive-una-experiencia-operistica-innovadora-en-madrid","status":"publish","type":"post","link":"https:\/\/somosdelprieto.com\/index.php\/2026\/01\/27\/el-alumnado-de-la-eso-vive-una-experiencia-operistica-innovadora-en-madrid\/","title":{"rendered":"El alumnado de la ESO vive una experiencia oper\u00edstica innovadora en Madrid"},"content":{"rendered":"\n<p>Aprovechando que nuestro instituto es <em>\u00abCentro Amigo del Teatro Real\u00bb<\/em>, el alumnado de 2\u00ba y 4\u00ba de la ESO ha participado este martes 27 de enero, en un viaje educativo a Madrid organizado por el Departamento de M\u00fasica. Esta salida cultural ha permitido al grupo asistir a una representaci\u00f3n de \u00f3pera contempor\u00e1nea, acercando a los alumnos a una propuesta art\u00edstica innovadora y plenamente vinculada al curr\u00edculo musical trabajado en el aula.<\/p>\n\n\n\n<figure class=\"wp-block-gallery has-nested-images columns-default is-cropped wp-block-gallery-1 is-layout-flex wp-block-gallery-is-layout-flex\">\n<figure class=\"wp-block-image size-large\"><img loading=\"lazy\" decoding=\"async\" width=\"1024\" height=\"768\" data-id=\"23174\" src=\"https:\/\/somosdelprieto.com\/wp-content\/uploads\/2026\/01\/IMG_5999-1024x768.jpeg\" alt=\"\" class=\"wp-image-23174\" srcset=\"https:\/\/somosdelprieto.com\/wp-content\/uploads\/2026\/01\/IMG_5999-1024x768.jpeg 1024w, https:\/\/somosdelprieto.com\/wp-content\/uploads\/2026\/01\/IMG_5999-300x225.jpeg 300w, https:\/\/somosdelprieto.com\/wp-content\/uploads\/2026\/01\/IMG_5999-768x576.jpeg 768w, https:\/\/somosdelprieto.com\/wp-content\/uploads\/2026\/01\/IMG_5999-1536x1152.jpeg 1536w, https:\/\/somosdelprieto.com\/wp-content\/uploads\/2026\/01\/IMG_5999-2048x1536.jpeg 2048w\" sizes=\"auto, (max-width: 767px) 89vw, (max-width: 1000px) 54vw, (max-width: 1071px) 543px, 580px\" \/><\/figure>\n\n\n\n<figure class=\"wp-block-image size-large\"><img loading=\"lazy\" decoding=\"async\" width=\"1024\" height=\"768\" data-id=\"23175\" src=\"https:\/\/somosdelprieto.com\/wp-content\/uploads\/2026\/01\/IMG_6001-1024x768.jpeg\" alt=\"\" class=\"wp-image-23175\" srcset=\"https:\/\/somosdelprieto.com\/wp-content\/uploads\/2026\/01\/IMG_6001-1024x768.jpeg 1024w, https:\/\/somosdelprieto.com\/wp-content\/uploads\/2026\/01\/IMG_6001-300x225.jpeg 300w, https:\/\/somosdelprieto.com\/wp-content\/uploads\/2026\/01\/IMG_6001-768x576.jpeg 768w, https:\/\/somosdelprieto.com\/wp-content\/uploads\/2026\/01\/IMG_6001-1536x1152.jpeg 1536w, https:\/\/somosdelprieto.com\/wp-content\/uploads\/2026\/01\/IMG_6001-2048x1536.jpeg 2048w\" sizes=\"auto, (max-width: 767px) 89vw, (max-width: 1000px) 54vw, (max-width: 1071px) 543px, 580px\" \/><\/figure>\n<\/figure>\n\n\n\n<figure class=\"wp-block-image size-large\"><img loading=\"lazy\" decoding=\"async\" width=\"1024\" height=\"768\" src=\"https:\/\/somosdelprieto.com\/wp-content\/uploads\/2026\/01\/IMG_6005-1024x768.jpeg\" alt=\"\" class=\"wp-image-23176\" srcset=\"https:\/\/somosdelprieto.com\/wp-content\/uploads\/2026\/01\/IMG_6005-1024x768.jpeg 1024w, https:\/\/somosdelprieto.com\/wp-content\/uploads\/2026\/01\/IMG_6005-300x225.jpeg 300w, https:\/\/somosdelprieto.com\/wp-content\/uploads\/2026\/01\/IMG_6005-768x576.jpeg 768w, https:\/\/somosdelprieto.com\/wp-content\/uploads\/2026\/01\/IMG_6005-1536x1152.jpeg 1536w, https:\/\/somosdelprieto.com\/wp-content\/uploads\/2026\/01\/IMG_6005-2048x1536.jpeg 2048w\" sizes=\"auto, (max-width: 767px) 89vw, (max-width: 1000px) 54vw, (max-width: 1071px) 543px, 580px\" \/><\/figure>\n\n\n\n<p>La actividad incluy\u00f3 la asistencia a <em>Lazarillo<\/em>, una \u00f3pera contempor\u00e1nea con m\u00fasica de <strong>David del Puerto<\/strong> y libreto de <strong>Mart\u00edn Llade<\/strong>, dirigida por <strong>Bauti Carmena<\/strong>. La representaci\u00f3n, acogida en el Real Teatro de Retiro, destac\u00f3 por su original propuesta esc\u00e9nica: cuatro actores y un <em>ensemble<\/em> de seis m\u00fasicos dieron vida a un montaje que combina m\u00fasica en directo con recursos audiovisuales, creando un espacio inmersivo donde los lenguajes actuales dialogan con el cl\u00e1sico relato del Lazarillo de Tormes.<\/p>\n\n\n\n<figure class=\"wp-block-gallery has-nested-images columns-default is-cropped wp-block-gallery-2 is-layout-flex wp-block-gallery-is-layout-flex\">\n<figure class=\"wp-block-image size-large\"><img loading=\"lazy\" decoding=\"async\" width=\"718\" height=\"1024\" data-id=\"23177\" src=\"https:\/\/somosdelprieto.com\/wp-content\/uploads\/2026\/01\/page1_1-1-718x1024.png\" alt=\"\" class=\"wp-image-23177\" srcset=\"https:\/\/somosdelprieto.com\/wp-content\/uploads\/2026\/01\/page1_1-1-718x1024.png 718w, https:\/\/somosdelprieto.com\/wp-content\/uploads\/2026\/01\/page1_1-1-210x300.png 210w, https:\/\/somosdelprieto.com\/wp-content\/uploads\/2026\/01\/page1_1-1-768x1095.png 768w, https:\/\/somosdelprieto.com\/wp-content\/uploads\/2026\/01\/page1_1-1.png 796w\" sizes=\"auto, (max-width: 718px) 100vw, 718px\" \/><\/figure>\n\n\n\n<figure class=\"wp-block-image size-large\"><img loading=\"lazy\" decoding=\"async\" width=\"768\" height=\"1024\" data-id=\"23178\" src=\"https:\/\/somosdelprieto.com\/wp-content\/uploads\/2026\/01\/IMG_5555-768x1024.jpeg\" alt=\"\" class=\"wp-image-23178\" srcset=\"https:\/\/somosdelprieto.com\/wp-content\/uploads\/2026\/01\/IMG_5555-768x1024.jpeg 768w, https:\/\/somosdelprieto.com\/wp-content\/uploads\/2026\/01\/IMG_5555-225x300.jpeg 225w, https:\/\/somosdelprieto.com\/wp-content\/uploads\/2026\/01\/IMG_5555-1152x1536.jpeg 1152w, https:\/\/somosdelprieto.com\/wp-content\/uploads\/2026\/01\/IMG_5555-1536x2048.jpeg 1536w, https:\/\/somosdelprieto.com\/wp-content\/uploads\/2026\/01\/IMG_5555-scaled.jpeg 1920w\" sizes=\"auto, (max-width: 767px) 89vw, (max-width: 1000px) 54vw, (max-width: 1071px) 543px, 580px\" \/><\/figure>\n<\/figure>\n\n\n\n<p>El alumnado disfrut\u00f3 de una experiencia cultural que no solo les permiti\u00f3 descubrir nuevas formas de expresi\u00f3n art\u00edstica, sino que tambi\u00e9n foment\u00f3 la reflexi\u00f3n sobre la tradici\u00f3n literaria desde una mirada contempor\u00e1nea. Actividades como esta refuerzan el compromiso del instituto con una formaci\u00f3n integral que integra la cultura, la creatividad y el acceso a propuestas art\u00edsticas de calidad.<\/p>\n\n\n\n<p><\/p>\n","protected":false},"excerpt":{"rendered":"<p>Aprovechando que nuestro instituto es \u00abCentro Amigo del Teatro Real\u00bb, el alumnado de 2\u00ba y 4\u00ba de la ESO ha participado este martes 27 de enero, en un viaje educativo a Madrid organizado por el Departamento de M\u00fasica. Esta salida cultural ha permitido al grupo asistir a una representaci\u00f3n de \u00f3pera contempor\u00e1nea, acercando a los &hellip; <\/p>\n<p class=\"link-more\"><a href=\"https:\/\/somosdelprieto.com\/index.php\/2026\/01\/27\/el-alumnado-de-la-eso-vive-una-experiencia-operistica-innovadora-en-madrid\/\" class=\"more-link\">Continuar leyendo<span class=\"screen-reader-text\"> \u00abEl alumnado de la ESO vive una experiencia oper\u00edstica innovadora en Madrid\u00bb<\/span><\/a><\/p>\n","protected":false},"author":36,"featured_media":23172,"comment_status":"closed","ping_status":"closed","sticky":false,"template":"","format":"standard","meta":{"footnotes":""},"categories":[1],"tags":[],"class_list":["post-23171","post","type-post","status-publish","format-standard","has-post-thumbnail","hentry","category-noticias"],"_links":{"self":[{"href":"https:\/\/somosdelprieto.com\/index.php\/wp-json\/wp\/v2\/posts\/23171","targetHints":{"allow":["GET"]}}],"collection":[{"href":"https:\/\/somosdelprieto.com\/index.php\/wp-json\/wp\/v2\/posts"}],"about":[{"href":"https:\/\/somosdelprieto.com\/index.php\/wp-json\/wp\/v2\/types\/post"}],"author":[{"embeddable":true,"href":"https:\/\/somosdelprieto.com\/index.php\/wp-json\/wp\/v2\/users\/36"}],"replies":[{"embeddable":true,"href":"https:\/\/somosdelprieto.com\/index.php\/wp-json\/wp\/v2\/comments?post=23171"}],"version-history":[{"count":1,"href":"https:\/\/somosdelprieto.com\/index.php\/wp-json\/wp\/v2\/posts\/23171\/revisions"}],"predecessor-version":[{"id":23179,"href":"https:\/\/somosdelprieto.com\/index.php\/wp-json\/wp\/v2\/posts\/23171\/revisions\/23179"}],"wp:featuredmedia":[{"embeddable":true,"href":"https:\/\/somosdelprieto.com\/index.php\/wp-json\/wp\/v2\/media\/23172"}],"wp:attachment":[{"href":"https:\/\/somosdelprieto.com\/index.php\/wp-json\/wp\/v2\/media?parent=23171"}],"wp:term":[{"taxonomy":"category","embeddable":true,"href":"https:\/\/somosdelprieto.com\/index.php\/wp-json\/wp\/v2\/categories?post=23171"},{"taxonomy":"post_tag","embeddable":true,"href":"https:\/\/somosdelprieto.com\/index.php\/wp-json\/wp\/v2\/tags?post=23171"}],"curies":[{"name":"wp","href":"https:\/\/api.w.org\/{rel}","templated":true}]}}