{"id":2285,"date":"2020-11-23T21:05:11","date_gmt":"2020-11-23T20:05:11","guid":{"rendered":"https:\/\/somosdelprieto.com\/?p=2285"},"modified":"2020-11-28T14:11:40","modified_gmt":"2020-11-28T13:11:40","slug":"invernadero-2-0-proyecto-seleccionado-en-la-iv-edicion-de-la-convocatoria-ayudas-dualiza-de-bankia","status":"publish","type":"post","link":"https:\/\/somosdelprieto.com\/index.php\/2020\/11\/23\/invernadero-2-0-proyecto-seleccionado-en-la-iv-edicion-de-la-convocatoria-ayudas-dualiza-de-bankia\/","title":{"rendered":"INVERNADERO 2.0., PROYECTO SELECCIONADO EN LA IV EDICI\u00d3N DE LA CONVOCATORIA \u00abAYUDAS DUALIZA\u00bb DE BANKIA"},"content":{"rendered":"\n<p>Queremos comunicaros que el proyecto presentado por nuestro centro, INVERNADERO 2.0, a la IV edici\u00f3n de la convocatoria \u201cAYUDAS DUALIZA\u201d de BANKIA ha sido seleccionado entre los m\u00e1s de 100 proyectos participantes. En total, se han elegido 31 de ellos de 14 comunidades aut\u00f3nomas, 4 de ellos de Castilla La Mancha. Dicho proyecto recibir\u00e1 una ayuda de 10.000 euros para su puesta en marcha.<\/p>\n\n\n\n<!--more-->\n\n\n\n<p>La convocatoria DUALIZA de BANKIA apuesta por impulsar proyectos de FP de centros educativos en colaboraci\u00f3n con empresas.<\/p>\n\n\n\n<p>Nuestro proyecto consiste b\u00e1sicamente en la automatizaci\u00f3n de los factores productivos m\u00e1s importantes de un invernadero con el fin de mejorar la producci\u00f3n y reducir los recursos consumidos, siendo el objetivo principal la construcci\u00f3n de un invernadero automatizado, donde los alumnos podr\u00e1n cultivar con sistemas novedosos, como hidropon\u00eda y bandejas de germinados, que son m\u00e1s sostenibles en cuanto al uso de recursos.<\/p>\n\n\n\n<figure class=\"wp-block-image size-large\"><img loading=\"lazy\" decoding=\"async\" width=\"881\" height=\"100\" src=\"https:\/\/somosdelprieto.com\/wp-content\/uploads\/2020\/11\/bankia-y-fp-empresa.png\" alt=\"\" class=\"wp-image-2288\" srcset=\"https:\/\/somosdelprieto.com\/wp-content\/uploads\/2020\/11\/bankia-y-fp-empresa.png 881w, https:\/\/somosdelprieto.com\/wp-content\/uploads\/2020\/11\/bankia-y-fp-empresa-300x34.png 300w, https:\/\/somosdelprieto.com\/wp-content\/uploads\/2020\/11\/bankia-y-fp-empresa-768x87.png 768w\" sizes=\"auto, (max-width: 767px) 89vw, (max-width: 1000px) 54vw, (max-width: 1071px) 543px, 580px\" \/><\/figure>\n\n\n\n<p><\/p>\n","protected":false},"excerpt":{"rendered":"<p>Queremos comunicaros que el proyecto presentado por nuestro centro, INVERNADERO 2.0, a la IV edici\u00f3n de la convocatoria \u201cAYUDAS DUALIZA\u201d de BANKIA ha sido seleccionado entre los m\u00e1s de 100 proyectos participantes. En total, se han elegido 31 de ellos de 14 comunidades aut\u00f3nomas, 4 de ellos de Castilla La Mancha. Dicho proyecto recibir\u00e1 una &hellip; <\/p>\n<p class=\"link-more\"><a href=\"https:\/\/somosdelprieto.com\/index.php\/2020\/11\/23\/invernadero-2-0-proyecto-seleccionado-en-la-iv-edicion-de-la-convocatoria-ayudas-dualiza-de-bankia\/\" class=\"more-link\">Continuar leyendo<span class=\"screen-reader-text\"> \u00abINVERNADERO 2.0., PROYECTO SELECCIONADO EN LA IV EDICI\u00d3N DE LA CONVOCATORIA \u00abAYUDAS DUALIZA\u00bb DE BANKIA\u00bb<\/span><\/a><\/p>\n","protected":false},"author":4,"featured_media":2287,"comment_status":"closed","ping_status":"closed","sticky":false,"template":"","format":"standard","meta":{"footnotes":""},"categories":[22,62,1,14],"tags":[64,63,65],"class_list":["post-2285","post","type-post","status-publish","format-standard","has-post-thumbnail","hentry","category-agraria","category-innovacion","category-noticias","category-premios","tag-bankia","tag-dualiza","tag-fpempresa"],"_links":{"self":[{"href":"https:\/\/somosdelprieto.com\/index.php\/wp-json\/wp\/v2\/posts\/2285","targetHints":{"allow":["GET"]}}],"collection":[{"href":"https:\/\/somosdelprieto.com\/index.php\/wp-json\/wp\/v2\/posts"}],"about":[{"href":"https:\/\/somosdelprieto.com\/index.php\/wp-json\/wp\/v2\/types\/post"}],"author":[{"embeddable":true,"href":"https:\/\/somosdelprieto.com\/index.php\/wp-json\/wp\/v2\/users\/4"}],"replies":[{"embeddable":true,"href":"https:\/\/somosdelprieto.com\/index.php\/wp-json\/wp\/v2\/comments?post=2285"}],"version-history":[{"count":4,"href":"https:\/\/somosdelprieto.com\/index.php\/wp-json\/wp\/v2\/posts\/2285\/revisions"}],"predecessor-version":[{"id":2305,"href":"https:\/\/somosdelprieto.com\/index.php\/wp-json\/wp\/v2\/posts\/2285\/revisions\/2305"}],"wp:featuredmedia":[{"embeddable":true,"href":"https:\/\/somosdelprieto.com\/index.php\/wp-json\/wp\/v2\/media\/2287"}],"wp:attachment":[{"href":"https:\/\/somosdelprieto.com\/index.php\/wp-json\/wp\/v2\/media?parent=2285"}],"wp:term":[{"taxonomy":"category","embeddable":true,"href":"https:\/\/somosdelprieto.com\/index.php\/wp-json\/wp\/v2\/categories?post=2285"},{"taxonomy":"post_tag","embeddable":true,"href":"https:\/\/somosdelprieto.com\/index.php\/wp-json\/wp\/v2\/tags?post=2285"}],"curies":[{"name":"wp","href":"https:\/\/api.w.org\/{rel}","templated":true}]}}