{"id":22397,"date":"2025-10-22T23:21:46","date_gmt":"2025-10-22T21:21:46","guid":{"rendered":"https:\/\/somosdelprieto.com\/?p=22397"},"modified":"2025-10-22T23:21:46","modified_gmt":"2025-10-22T21:21:46","slug":"no-paramos-en-el-proyecto-de-innovacion-en-formacion-profesional-computer-analysis-box","status":"publish","type":"post","link":"https:\/\/somosdelprieto.com\/index.php\/2025\/10\/22\/no-paramos-en-el-proyecto-de-innovacion-en-formacion-profesional-computer-analysis-box\/","title":{"rendered":"No paramos en el Proyecto de Innovaci\u00f3n en Formaci\u00f3n Profesional \u201cCOMPUTER ANALYSIS BOX\u201d"},"content":{"rendered":"\n<p>El proyecto sigue tomando forma. Nuestros compa\u00f1eros del Ciclo Formativo de Grado Medio de Instalaciones El\u00e9ctricas y Autom\u00e1ticas del I.E.S. Gregorio Prieto han finalizado con \u00e9xito la fase de electrificaci\u00f3n de la Cabina-BOX.<\/p>\n\n\n\n<figure class=\"wp-block-image size-full\"><img loading=\"lazy\" decoding=\"async\" width=\"464\" height=\"347\" src=\"https:\/\/somosdelprieto.com\/wp-content\/uploads\/2025\/10\/Captura-de-pantalla-2025-10-22-a-las-23.12.49.png\" alt=\"\" class=\"wp-image-22398\" srcset=\"https:\/\/somosdelprieto.com\/wp-content\/uploads\/2025\/10\/Captura-de-pantalla-2025-10-22-a-las-23.12.49.png 464w, https:\/\/somosdelprieto.com\/wp-content\/uploads\/2025\/10\/Captura-de-pantalla-2025-10-22-a-las-23.12.49-300x224.png 300w\" sizes=\"auto, (max-width: 464px) 100vw, 464px\" \/><\/figure>\n\n\n\n<p>Durante esta etapa, el alumnado ha tenido la oportunidad de aprender y trabajar con nuevos sistemas de electrificaci\u00f3n, aplicando sus conocimientos directamente sobre el prototipo del proyecto.<\/p>\n\n\n\n<figure class=\"wp-block-image size-full\"><img loading=\"lazy\" decoding=\"async\" width=\"470\" height=\"349\" src=\"https:\/\/somosdelprieto.com\/wp-content\/uploads\/2025\/10\/Captura-de-pantalla-2025-10-22-a-las-23.12.38.png\" alt=\"\" class=\"wp-image-22399\" srcset=\"https:\/\/somosdelprieto.com\/wp-content\/uploads\/2025\/10\/Captura-de-pantalla-2025-10-22-a-las-23.12.38.png 470w, https:\/\/somosdelprieto.com\/wp-content\/uploads\/2025\/10\/Captura-de-pantalla-2025-10-22-a-las-23.12.38-300x223.png 300w\" sizes=\"auto, (max-width: 470px) 100vw, 470px\" \/><\/figure>\n\n\n\n<p>Una vez completada esta fase, la Cabina-BOX ha sido trasladada al I.E.S. Azuer (Manzanares), donde los estudiantes del C.F.G.S. de Mantenimiento de Instalaciones T\u00e9rmicas y de Fluidos (M.I.T.F.), en los m\u00f3dulos de Procesos de Montaje de Instalaciones (PMI) y Mantenimiento de Instalaciones Frigor\u00edficas y de Climatizaci\u00f3n (MIFC), ser\u00e1n los encargados de realizar la instalaci\u00f3n del sistema de climatizaci\u00f3n.<\/p>\n\n\n\n<figure class=\"wp-block-image size-full\"><img loading=\"lazy\" decoding=\"async\" width=\"550\" height=\"413\" src=\"https:\/\/somosdelprieto.com\/wp-content\/uploads\/2025\/10\/Captura-de-pantalla-2025-10-22-a-las-23.12.25.png\" alt=\"\" class=\"wp-image-22400\" srcset=\"https:\/\/somosdelprieto.com\/wp-content\/uploads\/2025\/10\/Captura-de-pantalla-2025-10-22-a-las-23.12.25.png 550w, https:\/\/somosdelprieto.com\/wp-content\/uploads\/2025\/10\/Captura-de-pantalla-2025-10-22-a-las-23.12.25-300x225.png 300w\" sizes=\"auto, (max-width: 550px) 100vw, 550px\" \/><\/figure>\n\n\n\n<p>Un paso m\u00e1s hacia la creaci\u00f3n de un sistema innovador para el an\u00e1lisis t\u00e9rmico y energ\u00e9tico de equipos inform\u00e1ticos, combinando formaci\u00f3n pr\u00e1ctica, tecnolog\u00eda y sostenibilidad.<\/p>\n\n\n\n<figure class=\"wp-block-image size-large\"><img loading=\"lazy\" decoding=\"async\" width=\"1024\" height=\"266\" src=\"https:\/\/somosdelprieto.com\/wp-content\/uploads\/2025\/09\/Captura-de-pantalla-2025-09-23-a-las-11.32.57-1024x266.png\" alt=\"\" class=\"wp-image-22249\" srcset=\"https:\/\/somosdelprieto.com\/wp-content\/uploads\/2025\/09\/Captura-de-pantalla-2025-09-23-a-las-11.32.57-1024x266.png 1024w, https:\/\/somosdelprieto.com\/wp-content\/uploads\/2025\/09\/Captura-de-pantalla-2025-09-23-a-las-11.32.57-300x78.png 300w, https:\/\/somosdelprieto.com\/wp-content\/uploads\/2025\/09\/Captura-de-pantalla-2025-09-23-a-las-11.32.57-768x199.png 768w, https:\/\/somosdelprieto.com\/wp-content\/uploads\/2025\/09\/Captura-de-pantalla-2025-09-23-a-las-11.32.57-1536x398.png 1536w, https:\/\/somosdelprieto.com\/wp-content\/uploads\/2025\/09\/Captura-de-pantalla-2025-09-23-a-las-11.32.57.png 1612w\" sizes=\"auto, (max-width: 767px) 89vw, (max-width: 1000px) 54vw, (max-width: 1071px) 543px, 580px\" \/><\/figure>\n","protected":false},"excerpt":{"rendered":"<p>El proyecto sigue tomando forma. Nuestros compa\u00f1eros del Ciclo Formativo de Grado Medio de Instalaciones El\u00e9ctricas y Autom\u00e1ticas del I.E.S. Gregorio Prieto han finalizado con \u00e9xito la fase de electrificaci\u00f3n de la Cabina-BOX. Durante esta etapa, el alumnado ha tenido la oportunidad de aprender y trabajar con nuevos sistemas de electrificaci\u00f3n, aplicando sus conocimientos directamente &hellip; <\/p>\n<p class=\"link-more\"><a href=\"https:\/\/somosdelprieto.com\/index.php\/2025\/10\/22\/no-paramos-en-el-proyecto-de-innovacion-en-formacion-profesional-computer-analysis-box\/\" class=\"more-link\">Continuar leyendo<span class=\"screen-reader-text\"> \u00abNo paramos en el Proyecto de Innovaci\u00f3n en Formaci\u00f3n Profesional \u201cCOMPUTER ANALYSIS BOX\u201d\u00bb<\/span><\/a><\/p>\n","protected":false},"author":64,"featured_media":22398,"comment_status":"closed","ping_status":"closed","sticky":false,"template":"","format":"standard","meta":{"footnotes":""},"categories":[35,62,1],"tags":[],"class_list":["post-22397","post","type-post","status-publish","format-standard","has-post-thumbnail","hentry","category-informatica","category-innovacion","category-noticias"],"_links":{"self":[{"href":"https:\/\/somosdelprieto.com\/index.php\/wp-json\/wp\/v2\/posts\/22397","targetHints":{"allow":["GET"]}}],"collection":[{"href":"https:\/\/somosdelprieto.com\/index.php\/wp-json\/wp\/v2\/posts"}],"about":[{"href":"https:\/\/somosdelprieto.com\/index.php\/wp-json\/wp\/v2\/types\/post"}],"author":[{"embeddable":true,"href":"https:\/\/somosdelprieto.com\/index.php\/wp-json\/wp\/v2\/users\/64"}],"replies":[{"embeddable":true,"href":"https:\/\/somosdelprieto.com\/index.php\/wp-json\/wp\/v2\/comments?post=22397"}],"version-history":[{"count":1,"href":"https:\/\/somosdelprieto.com\/index.php\/wp-json\/wp\/v2\/posts\/22397\/revisions"}],"predecessor-version":[{"id":22401,"href":"https:\/\/somosdelprieto.com\/index.php\/wp-json\/wp\/v2\/posts\/22397\/revisions\/22401"}],"wp:featuredmedia":[{"embeddable":true,"href":"https:\/\/somosdelprieto.com\/index.php\/wp-json\/wp\/v2\/media\/22398"}],"wp:attachment":[{"href":"https:\/\/somosdelprieto.com\/index.php\/wp-json\/wp\/v2\/media?parent=22397"}],"wp:term":[{"taxonomy":"category","embeddable":true,"href":"https:\/\/somosdelprieto.com\/index.php\/wp-json\/wp\/v2\/categories?post=22397"},{"taxonomy":"post_tag","embeddable":true,"href":"https:\/\/somosdelprieto.com\/index.php\/wp-json\/wp\/v2\/tags?post=22397"}],"curies":[{"name":"wp","href":"https:\/\/api.w.org\/{rel}","templated":true}]}}