{"id":22352,"date":"2025-10-17T12:28:26","date_gmt":"2025-10-17T10:28:26","guid":{"rendered":"https:\/\/somosdelprieto.com\/?p=22352"},"modified":"2025-10-17T12:28:27","modified_gmt":"2025-10-17T10:28:27","slug":"calentamos-motores-para-los-campeonatos-autonomicos-de-formacion-profesional-clmskills-2025","status":"publish","type":"post","link":"https:\/\/somosdelprieto.com\/index.php\/2025\/10\/17\/calentamos-motores-para-los-campeonatos-autonomicos-de-formacion-profesional-clmskills-2025\/","title":{"rendered":"Calentamos motores para los Campeonatos Auton\u00f3micos de Formaci\u00f3n Profesional CLMSKILLS 2025"},"content":{"rendered":"\n<p>El IES Gregorio Prieto se prepara para participar en los <strong>Campeonatos Auton\u00f3micos de Formaci\u00f3n Profesional CLMSKILLS 2025<\/strong>, que se celebrar\u00e1n del <strong>21 al 24 de octubre<\/strong> en la <strong>Instituci\u00f3n Ferial Diputaci\u00f3n de Ciudad Real (IFEDI)<\/strong>.<\/p>\n\n\n\n<p>Nuestro centro competir\u00e1 en las modalidades de <strong>Cocina<\/strong>, <strong>Desarrollo Web<\/strong>, <strong>Instalaciones El\u00e9ctricas<\/strong> y <strong>Electr\u00f3nica<\/strong>.<\/p>\n\n\n\n<p>Estas competiciones suponen una gran oportunidad para <strong>promocionar la Formaci\u00f3n Profesional<\/strong>, fomentar la <strong>excelencia educativa<\/strong> y crear un espacio de encuentro entre <strong>profesionales, docentes y estudiantes<\/strong>.<\/p>\n\n\n\n<figure class=\"wp-block-image size-large\"><img loading=\"lazy\" decoding=\"async\" width=\"726\" height=\"1024\" src=\"https:\/\/somosdelprieto.com\/wp-content\/uploads\/2025\/10\/Cartel_CLMskills2025_web-726x1024.jpg\" alt=\"\" class=\"wp-image-22353\" srcset=\"https:\/\/somosdelprieto.com\/wp-content\/uploads\/2025\/10\/Cartel_CLMskills2025_web-726x1024.jpg 726w, https:\/\/somosdelprieto.com\/wp-content\/uploads\/2025\/10\/Cartel_CLMskills2025_web-213x300.jpg 213w, https:\/\/somosdelprieto.com\/wp-content\/uploads\/2025\/10\/Cartel_CLMskills2025_web-768x1083.jpg 768w, https:\/\/somosdelprieto.com\/wp-content\/uploads\/2025\/10\/Cartel_CLMskills2025_web-1089x1536.jpg 1089w, https:\/\/somosdelprieto.com\/wp-content\/uploads\/2025\/10\/Cartel_CLMskills2025_web-1452x2048.jpg 1452w, https:\/\/somosdelprieto.com\/wp-content\/uploads\/2025\/10\/Cartel_CLMskills2025_web-scaled.jpg 1816w\" sizes=\"auto, (max-width: 726px) 100vw, 726px\" \/><\/figure>\n\n\n\n<p>En total, participar\u00e1n <strong>19 modalidades en competici\u00f3n<\/strong> y <strong>6 en exhibici\u00f3n<\/strong>, consolidando esta cita como uno de los eventos m\u00e1s destacados del a\u00f1o en el \u00e1mbito de la FP en Castilla-La Mancha.<\/p>\n\n\n\n<p><\/p>\n","protected":false},"excerpt":{"rendered":"<p>El IES Gregorio Prieto se prepara para participar en los Campeonatos Auton\u00f3micos de Formaci\u00f3n Profesional CLMSKILLS 2025, que se celebrar\u00e1n del 21 al 24 de octubre en la Instituci\u00f3n Ferial Diputaci\u00f3n de Ciudad Real (IFEDI). Nuestro centro competir\u00e1 en las modalidades de Cocina, Desarrollo Web, Instalaciones El\u00e9ctricas y Electr\u00f3nica. Estas competiciones suponen una gran oportunidad &hellip; <\/p>\n<p class=\"link-more\"><a href=\"https:\/\/somosdelprieto.com\/index.php\/2025\/10\/17\/calentamos-motores-para-los-campeonatos-autonomicos-de-formacion-profesional-clmskills-2025\/\" class=\"more-link\">Continuar leyendo<span class=\"screen-reader-text\"> \u00abCalentamos motores para los Campeonatos Auton\u00f3micos de Formaci\u00f3n Profesional CLMSKILLS 2025\u00bb<\/span><\/a><\/p>\n","protected":false},"author":64,"featured_media":22354,"comment_status":"closed","ping_status":"closed","sticky":false,"template":"","format":"standard","meta":{"footnotes":""},"categories":[27,131,33,35,1],"tags":[],"class_list":["post-22352","post","type-post","status-publish","format-standard","has-post-thumbnail","hentry","category-electricidad-y-electronica","category-fp-dual","category-hosteleria-y-turismo","category-informatica","category-noticias"],"_links":{"self":[{"href":"https:\/\/somosdelprieto.com\/index.php\/wp-json\/wp\/v2\/posts\/22352","targetHints":{"allow":["GET"]}}],"collection":[{"href":"https:\/\/somosdelprieto.com\/index.php\/wp-json\/wp\/v2\/posts"}],"about":[{"href":"https:\/\/somosdelprieto.com\/index.php\/wp-json\/wp\/v2\/types\/post"}],"author":[{"embeddable":true,"href":"https:\/\/somosdelprieto.com\/index.php\/wp-json\/wp\/v2\/users\/64"}],"replies":[{"embeddable":true,"href":"https:\/\/somosdelprieto.com\/index.php\/wp-json\/wp\/v2\/comments?post=22352"}],"version-history":[{"count":1,"href":"https:\/\/somosdelprieto.com\/index.php\/wp-json\/wp\/v2\/posts\/22352\/revisions"}],"predecessor-version":[{"id":22355,"href":"https:\/\/somosdelprieto.com\/index.php\/wp-json\/wp\/v2\/posts\/22352\/revisions\/22355"}],"wp:featuredmedia":[{"embeddable":true,"href":"https:\/\/somosdelprieto.com\/index.php\/wp-json\/wp\/v2\/media\/22354"}],"wp:attachment":[{"href":"https:\/\/somosdelprieto.com\/index.php\/wp-json\/wp\/v2\/media?parent=22352"}],"wp:term":[{"taxonomy":"category","embeddable":true,"href":"https:\/\/somosdelprieto.com\/index.php\/wp-json\/wp\/v2\/categories?post=22352"},{"taxonomy":"post_tag","embeddable":true,"href":"https:\/\/somosdelprieto.com\/index.php\/wp-json\/wp\/v2\/tags?post=22352"}],"curies":[{"name":"wp","href":"https:\/\/api.w.org\/{rel}","templated":true}]}}