{"id":22114,"date":"2025-09-06T00:25:00","date_gmt":"2025-09-05T22:25:00","guid":{"rendered":"https:\/\/somosdelprieto.com\/?p=22114"},"modified":"2025-09-06T19:07:25","modified_gmt":"2025-09-06T17:07:25","slug":"calendario-acogida-curso-2025-2026","status":"publish","type":"post","link":"https:\/\/somosdelprieto.com\/index.php\/2025\/09\/06\/calendario-acogida-curso-2025-2026\/","title":{"rendered":"CALENDARIO ACOGIDA CURSO 2025-2026"},"content":{"rendered":"\n<p>Les dejamos el calendario de acogida del curso 2025-2026. <\/p>\n\n\n\n<p>Todas las ense\u00f1anzas comienzan el d\u00eda 9 de septiembre de 2025 (el d\u00eda 8 de septiembre es festivo en la localidad de Valdepe\u00f1as). Los horarios de acogida figuran en la siguiente presentaci\u00f3n:<\/p>\n\n\n\n<p><\/p>\n\n\n\n<div style=\"width: 100%;\"><div style=\"position: relative; padding-bottom: 56.25%; padding-top: 0; height: 0;\"><iframe loading=\"lazy\" title=\"CALENDARIO ACOGIDA ALUMNADO 25-26\" frameborder=\"0\" width=\"1200\" height=\"675\" style=\"position: absolute; top: 0; left: 0; width: 100%; height: 100%;\" src=\"https:\/\/view.genially.com\/6878c166b96069924472a43c\" type=\"text\/html\" allowscriptaccess=\"always\" allowfullscreen=\"true\" scrolling=\"yes\" allownetworking=\"all\"><\/iframe> <\/div> <\/div>\n","protected":false},"excerpt":{"rendered":"<p>Les dejamos el calendario de acogida del curso 2025-2026. Todas las ense\u00f1anzas comienzan el d\u00eda 9 de septiembre de 2025 (el d\u00eda 8 de septiembre es festivo en la localidad de Valdepe\u00f1as). Los horarios de acogida figuran en la siguiente presentaci\u00f3n:<\/p>\n","protected":false},"author":4,"featured_media":22016,"comment_status":"closed","ping_status":"closed","sticky":false,"template":"","format":"standard","meta":{"footnotes":""},"categories":[183,1],"tags":[197],"class_list":["post-22114","post","type-post","status-publish","format-standard","has-post-thumbnail","hentry","category-acogida","category-noticias","tag-acogida"],"_links":{"self":[{"href":"https:\/\/somosdelprieto.com\/index.php\/wp-json\/wp\/v2\/posts\/22114","targetHints":{"allow":["GET"]}}],"collection":[{"href":"https:\/\/somosdelprieto.com\/index.php\/wp-json\/wp\/v2\/posts"}],"about":[{"href":"https:\/\/somosdelprieto.com\/index.php\/wp-json\/wp\/v2\/types\/post"}],"author":[{"embeddable":true,"href":"https:\/\/somosdelprieto.com\/index.php\/wp-json\/wp\/v2\/users\/4"}],"replies":[{"embeddable":true,"href":"https:\/\/somosdelprieto.com\/index.php\/wp-json\/wp\/v2\/comments?post=22114"}],"version-history":[{"count":4,"href":"https:\/\/somosdelprieto.com\/index.php\/wp-json\/wp\/v2\/posts\/22114\/revisions"}],"predecessor-version":[{"id":22175,"href":"https:\/\/somosdelprieto.com\/index.php\/wp-json\/wp\/v2\/posts\/22114\/revisions\/22175"}],"wp:featuredmedia":[{"embeddable":true,"href":"https:\/\/somosdelprieto.com\/index.php\/wp-json\/wp\/v2\/media\/22016"}],"wp:attachment":[{"href":"https:\/\/somosdelprieto.com\/index.php\/wp-json\/wp\/v2\/media?parent=22114"}],"wp:term":[{"taxonomy":"category","embeddable":true,"href":"https:\/\/somosdelprieto.com\/index.php\/wp-json\/wp\/v2\/categories?post=22114"},{"taxonomy":"post_tag","embeddable":true,"href":"https:\/\/somosdelprieto.com\/index.php\/wp-json\/wp\/v2\/tags?post=22114"}],"curies":[{"name":"wp","href":"https:\/\/api.w.org\/{rel}","templated":true}]}}