{"id":22062,"date":"2025-07-16T09:28:35","date_gmt":"2025-07-16T07:28:35","guid":{"rendered":"https:\/\/somosdelprieto.com\/?p=22062"},"modified":"2025-07-16T09:28:36","modified_gmt":"2025-07-16T07:28:36","slug":"2a-adjudicacion-lista-espera-grado-medio-y-superior","status":"publish","type":"post","link":"https:\/\/somosdelprieto.com\/index.php\/2025\/07\/16\/2a-adjudicacion-lista-espera-grado-medio-y-superior\/","title":{"rendered":"2\u00aa ADJUDICACI\u00d3N LISTA ESPERA GRADO MEDIO Y SUPERIOR"},"content":{"rendered":"\n<p>Ya se ha publicado la 2\u00aa adjudicaci\u00f3n de lista de espera de ciclos formativos de <strong>grado medio y de grado superior.<\/strong><\/p>\n\n\n\n<p>Se puede comprobar el estado de la solicitud a trav\u00e9s de EducamosCLM \u2013 Secretar\u00eda Virtual \u2013 C\u00f3mo van mis tr\u00e1mites \u2013 Datos de la solicitud<\/p>\n\n\n\n<p>El&nbsp;<strong><mark style=\"background-color:#ffffff\" class=\"has-inline-color has-vivid-red-color\">plazo de matr\u00edcula<\/mark><mark style=\"background-color:#ffffff\" class=\"has-inline-color\">&nbsp;<\/mark><\/strong>para el alumnado que presentara solicitud en periodo ordinario y hayan mejorado su plaza seg\u00fan la 1\u00aa adjudicaci\u00f3n de lista de espera es desde el&nbsp;<strong><mark style=\"background-color:#ffffff\" class=\"has-inline-color has-vivid-red-color\">16 de julio al 18 de julio ambos incluidos.<\/mark><\/strong><\/p>\n\n\n\n<p>Si en el periodo de matriculaci\u00f3n ordinaria realizaron alguna matr\u00edcula y el sistema no deja comenzar la matriculaci\u00f3n, tiene que anular la matr\u00edcula realizada para que le deje matricularse en esta adjudicaci\u00f3n.<\/p>\n\n\n\n<p>Si el alumno no se matr\u00edcula en este per\u00edodo, perder\u00e1 la plaza adjudicada. Aunque, del 2 al 5 de septiembre se volver\u00e1 a abrir un per\u00edodo extraordinario de admisi\u00f3n para poder solicitar nuevos estudios o centros.<\/p>\n","protected":false},"excerpt":{"rendered":"<p>Ya se ha publicado la 2\u00aa adjudicaci\u00f3n de lista de espera de ciclos formativos de grado medio y de grado superior. Se puede comprobar el estado de la solicitud a trav\u00e9s de EducamosCLM \u2013 Secretar\u00eda Virtual \u2013 C\u00f3mo van mis tr\u00e1mites \u2013 Datos de la solicitud El&nbsp;plazo de matr\u00edcula&nbsp;para el alumnado que presentara solicitud en &hellip; <\/p>\n<p class=\"link-more\"><a href=\"https:\/\/somosdelprieto.com\/index.php\/2025\/07\/16\/2a-adjudicacion-lista-espera-grado-medio-y-superior\/\" class=\"more-link\">Continuar leyendo<span class=\"screen-reader-text\"> \u00ab2\u00aa ADJUDICACI\u00d3N LISTA ESPERA GRADO MEDIO Y SUPERIOR\u00bb<\/span><\/a><\/p>\n","protected":false},"author":53,"featured_media":22016,"comment_status":"closed","ping_status":"closed","sticky":false,"template":"","format":"standard","meta":{"footnotes":""},"categories":[1,47],"tags":[],"class_list":["post-22062","post","type-post","status-publish","format-standard","has-post-thumbnail","hentry","category-noticias","category-secretaria"],"_links":{"self":[{"href":"https:\/\/somosdelprieto.com\/index.php\/wp-json\/wp\/v2\/posts\/22062","targetHints":{"allow":["GET"]}}],"collection":[{"href":"https:\/\/somosdelprieto.com\/index.php\/wp-json\/wp\/v2\/posts"}],"about":[{"href":"https:\/\/somosdelprieto.com\/index.php\/wp-json\/wp\/v2\/types\/post"}],"author":[{"embeddable":true,"href":"https:\/\/somosdelprieto.com\/index.php\/wp-json\/wp\/v2\/users\/53"}],"replies":[{"embeddable":true,"href":"https:\/\/somosdelprieto.com\/index.php\/wp-json\/wp\/v2\/comments?post=22062"}],"version-history":[{"count":1,"href":"https:\/\/somosdelprieto.com\/index.php\/wp-json\/wp\/v2\/posts\/22062\/revisions"}],"predecessor-version":[{"id":22063,"href":"https:\/\/somosdelprieto.com\/index.php\/wp-json\/wp\/v2\/posts\/22062\/revisions\/22063"}],"wp:featuredmedia":[{"embeddable":true,"href":"https:\/\/somosdelprieto.com\/index.php\/wp-json\/wp\/v2\/media\/22016"}],"wp:attachment":[{"href":"https:\/\/somosdelprieto.com\/index.php\/wp-json\/wp\/v2\/media?parent=22062"}],"wp:term":[{"taxonomy":"category","embeddable":true,"href":"https:\/\/somosdelprieto.com\/index.php\/wp-json\/wp\/v2\/categories?post=22062"},{"taxonomy":"post_tag","embeddable":true,"href":"https:\/\/somosdelprieto.com\/index.php\/wp-json\/wp\/v2\/tags?post=22062"}],"curies":[{"name":"wp","href":"https:\/\/api.w.org\/{rel}","templated":true}]}}