{"id":22052,"date":"2025-07-15T13:39:58","date_gmt":"2025-07-15T11:39:58","guid":{"rendered":"https:\/\/somosdelprieto.com\/?p=22052"},"modified":"2025-07-15T13:42:40","modified_gmt":"2025-07-15T11:42:40","slug":"matriculacion-adjudicacion-de-lista-de-espera-de-grado-basico","status":"publish","type":"post","link":"https:\/\/somosdelprieto.com\/index.php\/2025\/07\/15\/matriculacion-adjudicacion-de-lista-de-espera-de-grado-basico\/","title":{"rendered":"MATRICULACI\u00d3N ADJUDICACI\u00d3N DE LISTA DE ESPERA DE GRADO B\u00c1SICO"},"content":{"rendered":"\n<p>Ya se ha publicado la adjudicaci\u00f3n de la lista de espera de ciclos formativos de Grado B\u00e1sico.<\/p>\n\n\n\n<p>Se puede comprobar el estado de la solicitud a trav\u00e9s de EducamosCLM &#8211; Secretar\u00eda Virtual &#8211; C\u00f3mo van mis tr\u00e1mites &#8211; Datos de la solicitud (pinchando sobre el tr\u00e1mite).<\/p>\n\n\n\n<p>El <strong><mark style=\"background-color:#ffffff\" class=\"has-inline-color has-vivid-red-color\">plazo de matr\u00edcula <\/mark><\/strong>para el alumnado que presentara solicitud en periodo ordinario y haya mejorado su plaza seg\u00fan la adjudicaci\u00f3n de lista de espera es desde el <strong><mark style=\"background-color:#ffffff\" class=\"has-inline-color has-vivid-red-color\">15 al 17 de julio.<\/mark><\/strong><\/p>\n\n\n\n<p>Si el alumno no se matr\u00edcula en este per\u00edodo, perder\u00e1 la plaza adjudicada. Aunque, del 2 al 5 de septiembre se volver\u00e1 a abrir un per\u00edodo extraordinario de admisi\u00f3n para poder solicitar nuevos estudios o centros.<\/p>\n\n\n\n<p>Para m\u00e1s informaci\u00f3n: <a href=\"https:\/\/www.educa.jccm.es\/es\/admision\/admision-formacion-profesional\/admision-ciclos-formativos-grado-basico-curso-2025-2026\">https:\/\/www.educa.jccm.es\/es\/admision\/admision-formacion-profesional\/admision-ciclos-formativos-grado-basico-curso-2025-2026<\/a><\/p>\n\n\n\n<p><\/p>\n","protected":false},"excerpt":{"rendered":"<p>Ya se ha publicado la adjudicaci\u00f3n de la lista de espera de ciclos formativos de Grado B\u00e1sico. Se puede comprobar el estado de la solicitud a trav\u00e9s de EducamosCLM &#8211; Secretar\u00eda Virtual &#8211; C\u00f3mo van mis tr\u00e1mites &#8211; Datos de la solicitud (pinchando sobre el tr\u00e1mite). El plazo de matr\u00edcula para el alumnado que presentara &hellip; <\/p>\n<p class=\"link-more\"><a href=\"https:\/\/somosdelprieto.com\/index.php\/2025\/07\/15\/matriculacion-adjudicacion-de-lista-de-espera-de-grado-basico\/\" class=\"more-link\">Continuar leyendo<span class=\"screen-reader-text\"> \u00abMATRICULACI\u00d3N ADJUDICACI\u00d3N DE LISTA DE ESPERA DE GRADO B\u00c1SICO\u00bb<\/span><\/a><\/p>\n","protected":false},"author":53,"featured_media":22016,"comment_status":"closed","ping_status":"closed","sticky":false,"template":"","format":"standard","meta":{"footnotes":""},"categories":[1],"tags":[],"class_list":["post-22052","post","type-post","status-publish","format-standard","has-post-thumbnail","hentry","category-noticias"],"_links":{"self":[{"href":"https:\/\/somosdelprieto.com\/index.php\/wp-json\/wp\/v2\/posts\/22052","targetHints":{"allow":["GET"]}}],"collection":[{"href":"https:\/\/somosdelprieto.com\/index.php\/wp-json\/wp\/v2\/posts"}],"about":[{"href":"https:\/\/somosdelprieto.com\/index.php\/wp-json\/wp\/v2\/types\/post"}],"author":[{"embeddable":true,"href":"https:\/\/somosdelprieto.com\/index.php\/wp-json\/wp\/v2\/users\/53"}],"replies":[{"embeddable":true,"href":"https:\/\/somosdelprieto.com\/index.php\/wp-json\/wp\/v2\/comments?post=22052"}],"version-history":[{"count":2,"href":"https:\/\/somosdelprieto.com\/index.php\/wp-json\/wp\/v2\/posts\/22052\/revisions"}],"predecessor-version":[{"id":22054,"href":"https:\/\/somosdelprieto.com\/index.php\/wp-json\/wp\/v2\/posts\/22052\/revisions\/22054"}],"wp:featuredmedia":[{"embeddable":true,"href":"https:\/\/somosdelprieto.com\/index.php\/wp-json\/wp\/v2\/media\/22016"}],"wp:attachment":[{"href":"https:\/\/somosdelprieto.com\/index.php\/wp-json\/wp\/v2\/media?parent=22052"}],"wp:term":[{"taxonomy":"category","embeddable":true,"href":"https:\/\/somosdelprieto.com\/index.php\/wp-json\/wp\/v2\/categories?post=22052"},{"taxonomy":"post_tag","embeddable":true,"href":"https:\/\/somosdelprieto.com\/index.php\/wp-json\/wp\/v2\/tags?post=22052"}],"curies":[{"name":"wp","href":"https:\/\/api.w.org\/{rel}","templated":true}]}}