{"id":21765,"date":"2025-06-09T10:31:15","date_gmt":"2025-06-09T08:31:15","guid":{"rendered":"https:\/\/somosdelprieto.com\/?p=21765"},"modified":"2025-06-09T11:01:47","modified_gmt":"2025-06-09T09:01:47","slug":"ayudas-individuales-de-transporte-escolar","status":"publish","type":"post","link":"https:\/\/somosdelprieto.com\/index.php\/2025\/06\/09\/ayudas-individuales-de-transporte-escolar\/","title":{"rendered":"AYUDAS INDIVIDUALES DE TRANSPORTE ESCOLAR"},"content":{"rendered":"\n<p>Con fecha 9 de junio de 2025 se ha publicado en el DOCM la&nbsp;<strong>convocatoria de<\/strong>&nbsp;<strong>ayudas individuales de transporte escolar para el alumnado matriculado en centros docentes p\u00fablicos<\/strong>&nbsp;no universitarios de titularidad de la Junta de Comunidades de Castilla-La Mancha para el curso 2024-2025.<\/p>\n\n\n\n<p class=\"has-medium-font-size\">El plazo de presentaci\u00f3n de solicitudes,&nbsp;<strong>a trav\u00e9s de la plataforma <a href=\"https:\/\/educamosclm.castillalamancha.es\/\">Educamos CLM<\/a><\/strong>, es de 15 d\u00edas h\u00e1biles, contados <strong>desde el d\u00eda 10 de junio<\/strong>.<\/p>\n\n\n\n<p>Podr\u00e1 solicitar estas ayudas el alumnado matriculado en centros p\u00fablicos de Castilla-La Mancha en niveles de ense\u00f1anza obligatoria que no pueden hacer uso de la ruta de transporte escolar o que, haciendo uso de la misma, su domicilio se encuentra a m\u00e1s de 2 km de la parada de transporte escolar m\u00e1s pr\u00f3xima, 1 km para el caso de alumnado de educaci\u00f3n especial y re\u00fana los requisitos que establece el art\u00edculo 4 del Decreto de 6 de mayo de 2025, por el que se aprueban las bases reguladoras para la concesi\u00f3n directa de estas ayudas.&nbsp;<strong><u>Excluido<\/u>&nbsp;todo alumno\/a que est\u00e9 cursando Bachillerato y Ciclos Formativos de Grado Medio y Grado Superior<\/strong>.<\/p>\n\n\n\n<p>Los <strong><mark style=\"background-color:#ffffff\" class=\"has-inline-color has-vivid-red-color\">requisitos<\/mark><\/strong> que se han de cumplir para la obtenci\u00f3n de la ayuda, destacamos, entre otros, los siguientes:<\/p>\n\n\n\n<figure class=\"wp-block-image size-full\"><img loading=\"lazy\" decoding=\"async\" width=\"725\" height=\"257\" src=\"https:\/\/somosdelprieto.com\/wp-content\/uploads\/2025\/06\/Captura-2.jpg\" alt=\"\" class=\"wp-image-21769\" srcset=\"https:\/\/somosdelprieto.com\/wp-content\/uploads\/2025\/06\/Captura-2.jpg 725w, https:\/\/somosdelprieto.com\/wp-content\/uploads\/2025\/06\/Captura-2-300x106.jpg 300w\" sizes=\"auto, (max-width: 725px) 100vw, 725px\" \/><\/figure>\n\n\n\n<p>Para m\u00e1s informaci\u00f3n, visita los siguientes enlaces:<\/p>\n\n\n\n<p><a href=\"https:\/\/docm.jccm.es\/docm\/descargarArchivo.do?ruta=2025\/06\/09\/pdf\/2025_4750.pdf&amp;tipo=rutaDocm\">https:\/\/docm.jccm.es\/docm\/descargarArchivo.do?ruta=2025\/06\/09\/pdf\/2025_4750.pdf&amp;tipo=rutaDocm<\/a><\/p>\n\n\n\n<p><a href=\"https:\/\/www.educa.jccm.es\/alumnado\/es\/servicios-educativos\/transporte-escolar\/ayudas-individuales-transporte-escolar-2024-2025\">https:\/\/www.educa.jccm.es\/alumnado\/es\/servicios-educativos\/transporte-escolar\/ayudas-individuales-transporte-escolar-2024-2025<\/a><\/p>\n\n\n\n<p><\/p>\n","protected":false},"excerpt":{"rendered":"<p>Con fecha 9 de junio de 2025 se ha publicado en el DOCM la&nbsp;convocatoria de&nbsp;ayudas individuales de transporte escolar para el alumnado matriculado en centros docentes p\u00fablicos&nbsp;no universitarios de titularidad de la Junta de Comunidades de Castilla-La Mancha para el curso 2024-2025. El plazo de presentaci\u00f3n de solicitudes,&nbsp;a trav\u00e9s de la plataforma Educamos CLM, es &hellip; <\/p>\n<p class=\"link-more\"><a href=\"https:\/\/somosdelprieto.com\/index.php\/2025\/06\/09\/ayudas-individuales-de-transporte-escolar\/\" class=\"more-link\">Continuar leyendo<span class=\"screen-reader-text\"> \u00abAYUDAS INDIVIDUALES DE TRANSPORTE ESCOLAR\u00bb<\/span><\/a><\/p>\n","protected":false},"author":53,"featured_media":17340,"comment_status":"closed","ping_status":"closed","sticky":false,"template":"","format":"standard","meta":{"footnotes":""},"categories":[182,1,47],"tags":[],"class_list":["post-21765","post","type-post","status-publish","format-standard","has-post-thumbnail","hentry","category-ayudas-becas","category-noticias","category-secretaria"],"_links":{"self":[{"href":"https:\/\/somosdelprieto.com\/index.php\/wp-json\/wp\/v2\/posts\/21765","targetHints":{"allow":["GET"]}}],"collection":[{"href":"https:\/\/somosdelprieto.com\/index.php\/wp-json\/wp\/v2\/posts"}],"about":[{"href":"https:\/\/somosdelprieto.com\/index.php\/wp-json\/wp\/v2\/types\/post"}],"author":[{"embeddable":true,"href":"https:\/\/somosdelprieto.com\/index.php\/wp-json\/wp\/v2\/users\/53"}],"replies":[{"embeddable":true,"href":"https:\/\/somosdelprieto.com\/index.php\/wp-json\/wp\/v2\/comments?post=21765"}],"version-history":[{"count":3,"href":"https:\/\/somosdelprieto.com\/index.php\/wp-json\/wp\/v2\/posts\/21765\/revisions"}],"predecessor-version":[{"id":21771,"href":"https:\/\/somosdelprieto.com\/index.php\/wp-json\/wp\/v2\/posts\/21765\/revisions\/21771"}],"wp:featuredmedia":[{"embeddable":true,"href":"https:\/\/somosdelprieto.com\/index.php\/wp-json\/wp\/v2\/media\/17340"}],"wp:attachment":[{"href":"https:\/\/somosdelprieto.com\/index.php\/wp-json\/wp\/v2\/media?parent=21765"}],"wp:term":[{"taxonomy":"category","embeddable":true,"href":"https:\/\/somosdelprieto.com\/index.php\/wp-json\/wp\/v2\/categories?post=21765"},{"taxonomy":"post_tag","embeddable":true,"href":"https:\/\/somosdelprieto.com\/index.php\/wp-json\/wp\/v2\/tags?post=21765"}],"curies":[{"name":"wp","href":"https:\/\/api.w.org\/{rel}","templated":true}]}}