{"id":21344,"date":"2025-05-10T12:30:17","date_gmt":"2025-05-10T10:30:17","guid":{"rendered":"https:\/\/somosdelprieto.com\/?p=21344"},"modified":"2025-05-10T12:32:07","modified_gmt":"2025-05-10T10:32:07","slug":"proyecto-racklab-integracion-y-administracion-de-redes-y-servicios-en-fp","status":"publish","type":"post","link":"https:\/\/somosdelprieto.com\/index.php\/2025\/05\/10\/proyecto-racklab-integracion-y-administracion-de-redes-y-servicios-en-fp\/","title":{"rendered":"Proyecto \u201cRackLab: integraci\u00f3n y administraci\u00f3n de redes y servicios en FP\u201d"},"content":{"rendered":"\n<p>Vivimos en un mundo conectado y a diario hablamos de nube, Internet de las Cosas (IoT), Inteligencia Artificial (IA), etc. Y para que todo esto sea posible y funcione, es necesaria una robusta infraestructura que soporte todos estos servicios.<\/p>\n\n\n\n<p><br>Durante este curso se ha llevado a cabo en nuestro centro el Proyecto \u201cRackLab: integraci\u00f3n y administraci\u00f3n de redes y servicios en FP\u201d, cuyo principal objetivo ha sido la puesta en marcha de esta infraestructura inform\u00e1tica. Este proyecto ha sido desarrollado por nuestro alumnado del Ciclo Formativo de Grado Medio de Sistemas Microinform\u00e1ticos y Redes (SMR), poniendo en pr\u00e1ctica parte de los conocimientos y habilidades adquiridas a lo largo del curso.<\/p>\n\n\n\n<figure class=\"wp-block-gallery has-nested-images columns-default is-cropped wp-block-gallery-1 is-layout-flex wp-block-gallery-is-layout-flex\">\n<figure class=\"wp-block-image size-large\"><img loading=\"lazy\" decoding=\"async\" width=\"768\" height=\"1024\" data-id=\"21346\" src=\"https:\/\/somosdelprieto.com\/wp-content\/uploads\/2025\/05\/2-MMEQ1-768x1024.jpg\" alt=\"\" class=\"wp-image-21346\" srcset=\"https:\/\/somosdelprieto.com\/wp-content\/uploads\/2025\/05\/2-MMEQ1-768x1024.jpg 768w, https:\/\/somosdelprieto.com\/wp-content\/uploads\/2025\/05\/2-MMEQ1-225x300.jpg 225w, https:\/\/somosdelprieto.com\/wp-content\/uploads\/2025\/05\/2-MMEQ1-1152x1536.jpg 1152w, https:\/\/somosdelprieto.com\/wp-content\/uploads\/2025\/05\/2-MMEQ1-1536x2048.jpg 1536w, https:\/\/somosdelprieto.com\/wp-content\/uploads\/2025\/05\/2-MMEQ1-scaled.jpg 1920w\" sizes=\"auto, (max-width: 767px) 89vw, (max-width: 1000px) 54vw, (max-width: 1071px) 543px, 580px\" \/><\/figure>\n\n\n\n<figure class=\"wp-block-image size-large\"><img loading=\"lazy\" decoding=\"async\" width=\"768\" height=\"1024\" data-id=\"21345\" src=\"https:\/\/somosdelprieto.com\/wp-content\/uploads\/2025\/05\/MMEQ2-768x1024.jpg\" alt=\"\" class=\"wp-image-21345\" srcset=\"https:\/\/somosdelprieto.com\/wp-content\/uploads\/2025\/05\/MMEQ2-768x1024.jpg 768w, https:\/\/somosdelprieto.com\/wp-content\/uploads\/2025\/05\/MMEQ2-225x300.jpg 225w, https:\/\/somosdelprieto.com\/wp-content\/uploads\/2025\/05\/MMEQ2-1152x1536.jpg 1152w, https:\/\/somosdelprieto.com\/wp-content\/uploads\/2025\/05\/MMEQ2.jpg 1200w\" sizes=\"auto, (max-width: 767px) 89vw, (max-width: 1000px) 54vw, (max-width: 1071px) 543px, 580px\" \/><\/figure>\n<\/figure>\n\n\n\n<p>El alumnado del m\u00f3dulo de Montaje y Mantenimiento de Equipos, de primer curso, se ha encargado del montaje hardware de todos los componentes de los servidores: placas base, procesadores, discos duros, memoria RAM, sistemas de refrigeraci\u00f3n, etc. Posteriormente, en el m\u00f3dulo de Sistemas Operativos Monopuesto, nuestros estudiantes han instalado y configurado sobre estos equipos algunos sistemas operativos de servidor. Creando usuarios con los privilegios oportunos y dej\u00e1ndolos listos para funcionar.<\/p>\n\n\n\n<figure class=\"wp-block-gallery has-nested-images columns-default is-cropped wp-block-gallery-2 is-layout-flex wp-block-gallery-is-layout-flex\">\n<figure class=\"wp-block-image size-large\"><img loading=\"lazy\" decoding=\"async\" width=\"1024\" height=\"576\" data-id=\"21348\" src=\"https:\/\/somosdelprieto.com\/wp-content\/uploads\/2025\/05\/SOM1-1024x576.jpg\" alt=\"\" class=\"wp-image-21348\" srcset=\"https:\/\/somosdelprieto.com\/wp-content\/uploads\/2025\/05\/SOM1-1024x576.jpg 1024w, https:\/\/somosdelprieto.com\/wp-content\/uploads\/2025\/05\/SOM1-300x169.jpg 300w, https:\/\/somosdelprieto.com\/wp-content\/uploads\/2025\/05\/SOM1-768x432.jpg 768w, https:\/\/somosdelprieto.com\/wp-content\/uploads\/2025\/05\/SOM1-1536x863.jpg 1536w, https:\/\/somosdelprieto.com\/wp-content\/uploads\/2025\/05\/SOM1-2048x1151.jpg 2048w\" sizes=\"auto, (max-width: 767px) 89vw, (max-width: 1000px) 54vw, (max-width: 1071px) 543px, 580px\" \/><\/figure>\n\n\n<\/figure>\n\n\n\n<p>Mientras tanto, en el m\u00f3dulo de Redes Locales, tambi\u00e9n de primer curso, se ha realizado el montaje y la instalaci\u00f3n de los servidores en un armario rack. Junto con el montaje e instalaci\u00f3n de dispositivos de red, tales como un switch o un patch-panel. As\u00ed como la fabricaci\u00f3n e instalaci\u00f3n del cableado de red necesario para interconectar todos los dispositivos.<\/p>\n\n\n\n<figure class=\"wp-block-gallery has-nested-images columns-default is-cropped wp-block-gallery-3 is-layout-flex wp-block-gallery-is-layout-flex\">\n<figure class=\"wp-block-image size-large\"><img loading=\"lazy\" decoding=\"async\" width=\"743\" height=\"1024\" data-id=\"21349\" src=\"https:\/\/somosdelprieto.com\/wp-content\/uploads\/2025\/05\/3-RL2-743x1024.jpg\" alt=\"\" class=\"wp-image-21349\" srcset=\"https:\/\/somosdelprieto.com\/wp-content\/uploads\/2025\/05\/3-RL2-743x1024.jpg 743w, https:\/\/somosdelprieto.com\/wp-content\/uploads\/2025\/05\/3-RL2-218x300.jpg 218w, https:\/\/somosdelprieto.com\/wp-content\/uploads\/2025\/05\/3-RL2-768x1059.jpg 768w, https:\/\/somosdelprieto.com\/wp-content\/uploads\/2025\/05\/3-RL2-1114x1536.jpg 1114w, https:\/\/somosdelprieto.com\/wp-content\/uploads\/2025\/05\/3-RL2-1485x2048.jpg 1485w, https:\/\/somosdelprieto.com\/wp-content\/uploads\/2025\/05\/3-RL2-scaled.jpg 1857w\" sizes=\"auto, (max-width: 706px) 89vw, (max-width: 767px) 82vw, 740px\" \/><\/figure>\n\n\n\n<figure class=\"wp-block-image size-large\"><img loading=\"lazy\" decoding=\"async\" width=\"1024\" height=\"768\" data-id=\"21350\" src=\"https:\/\/somosdelprieto.com\/wp-content\/uploads\/2025\/05\/RL1-1024x768.jpg\" alt=\"\" class=\"wp-image-21350\" srcset=\"https:\/\/somosdelprieto.com\/wp-content\/uploads\/2025\/05\/RL1-1024x768.jpg 1024w, https:\/\/somosdelprieto.com\/wp-content\/uploads\/2025\/05\/RL1-300x225.jpg 300w, https:\/\/somosdelprieto.com\/wp-content\/uploads\/2025\/05\/RL1-768x576.jpg 768w, https:\/\/somosdelprieto.com\/wp-content\/uploads\/2025\/05\/RL1-1536x1152.jpg 1536w, https:\/\/somosdelprieto.com\/wp-content\/uploads\/2025\/05\/RL1-2048x1536.jpg 2048w\" sizes=\"auto, (max-width: 767px) 89vw, (max-width: 1000px) 54vw, (max-width: 1071px) 543px, 580px\" \/><\/figure>\n<\/figure>\n\n\n\n<p>Por \u00faltimo, el alumnado del m\u00f3dulo de Servicios en Red, de segundo curso, ha llevado a cabo la instalaci\u00f3n y administraci\u00f3n de distintos servicios de red en los servidores, tales como servicios web, DNS, FTP, etc. En definitiva, servicios que soportan el funcionamiento de p\u00e1ginas web, correo electr\u00f3nico, bases de datos o aplicaciones m\u00f3viles que utilizamos a diario.<\/p>\n\n\n\n<figure class=\"wp-block-gallery has-nested-images columns-default is-cropped wp-block-gallery-4 is-layout-flex wp-block-gallery-is-layout-flex\">\n<figure class=\"wp-block-image size-large\"><img loading=\"lazy\" decoding=\"async\" width=\"1024\" height=\"768\" data-id=\"21351\" src=\"https:\/\/somosdelprieto.com\/wp-content\/uploads\/2025\/05\/4-SR1-1024x768.jpg\" alt=\"\" class=\"wp-image-21351\" srcset=\"https:\/\/somosdelprieto.com\/wp-content\/uploads\/2025\/05\/4-SR1-1024x768.jpg 1024w, https:\/\/somosdelprieto.com\/wp-content\/uploads\/2025\/05\/4-SR1-300x225.jpg 300w, https:\/\/somosdelprieto.com\/wp-content\/uploads\/2025\/05\/4-SR1-768x576.jpg 768w, https:\/\/somosdelprieto.com\/wp-content\/uploads\/2025\/05\/4-SR1-1536x1152.jpg 1536w, https:\/\/somosdelprieto.com\/wp-content\/uploads\/2025\/05\/4-SR1-2048x1536.jpg 2048w\" sizes=\"auto, (max-width: 767px) 89vw, (max-width: 1000px) 54vw, (max-width: 1071px) 543px, 580px\" \/><\/figure>\n<\/figure>\n\n\n\n<p>El proyecto ha estado coordinado por los docentes Roc\u00edo C. L\u00f3pez, Angel C. Caballero, Juli\u00e1n Aldavero y Jes\u00fas Blanco, responsables de los m\u00f3dulos implicados y pertenecientes a la familia profesional de Inform\u00e1tica y Comunicaciones del centro.<\/p>\n\n\n\n<p><br>Este proyecto intermodular ha resultado una experiencia muy enriquecedora para nuestro alumnado, gracias al trabajo conjunto de nuestros estudiantes de 1\u00ba y 2\u00ba curso, trabajando codo con codo para conseguir un objetivo com\u00fan y donde cada grupo ha sido responsable de una parte del proyecto.<\/p>\n\n\n\n<p><\/p>\n","protected":false},"excerpt":{"rendered":"<p>Vivimos en un mundo conectado y a diario hablamos de nube, Internet de las Cosas (IoT), Inteligencia Artificial (IA), etc. Y para que todo esto sea posible y funcione, es necesaria una robusta infraestructura que soporte todos estos servicios. Durante este curso se ha llevado a cabo en nuestro centro el Proyecto \u201cRackLab: integraci\u00f3n y &hellip; <\/p>\n<p class=\"link-more\"><a href=\"https:\/\/somosdelprieto.com\/index.php\/2025\/05\/10\/proyecto-racklab-integracion-y-administracion-de-redes-y-servicios-en-fp\/\" class=\"more-link\">Continuar leyendo<span class=\"screen-reader-text\"> \u00abProyecto \u201cRackLab: integraci\u00f3n y administraci\u00f3n de redes y servicios en FP\u201d\u00bb<\/span><\/a><\/p>\n","protected":false},"author":64,"featured_media":21352,"comment_status":"closed","ping_status":"closed","sticky":false,"template":"","format":"standard","meta":{"footnotes":""},"categories":[35,62,1],"tags":[],"class_list":["post-21344","post","type-post","status-publish","format-standard","has-post-thumbnail","hentry","category-informatica","category-innovacion","category-noticias"],"_links":{"self":[{"href":"https:\/\/somosdelprieto.com\/index.php\/wp-json\/wp\/v2\/posts\/21344","targetHints":{"allow":["GET"]}}],"collection":[{"href":"https:\/\/somosdelprieto.com\/index.php\/wp-json\/wp\/v2\/posts"}],"about":[{"href":"https:\/\/somosdelprieto.com\/index.php\/wp-json\/wp\/v2\/types\/post"}],"author":[{"embeddable":true,"href":"https:\/\/somosdelprieto.com\/index.php\/wp-json\/wp\/v2\/users\/64"}],"replies":[{"embeddable":true,"href":"https:\/\/somosdelprieto.com\/index.php\/wp-json\/wp\/v2\/comments?post=21344"}],"version-history":[{"count":1,"href":"https:\/\/somosdelprieto.com\/index.php\/wp-json\/wp\/v2\/posts\/21344\/revisions"}],"predecessor-version":[{"id":21353,"href":"https:\/\/somosdelprieto.com\/index.php\/wp-json\/wp\/v2\/posts\/21344\/revisions\/21353"}],"wp:featuredmedia":[{"embeddable":true,"href":"https:\/\/somosdelprieto.com\/index.php\/wp-json\/wp\/v2\/media\/21352"}],"wp:attachment":[{"href":"https:\/\/somosdelprieto.com\/index.php\/wp-json\/wp\/v2\/media?parent=21344"}],"wp:term":[{"taxonomy":"category","embeddable":true,"href":"https:\/\/somosdelprieto.com\/index.php\/wp-json\/wp\/v2\/categories?post=21344"},{"taxonomy":"post_tag","embeddable":true,"href":"https:\/\/somosdelprieto.com\/index.php\/wp-json\/wp\/v2\/tags?post=21344"}],"curies":[{"name":"wp","href":"https:\/\/api.w.org\/{rel}","templated":true}]}}