{"id":21316,"date":"2025-05-08T12:52:21","date_gmt":"2025-05-08T10:52:21","guid":{"rendered":"https:\/\/somosdelprieto.com\/?p=21316"},"modified":"2025-05-08T12:52:22","modified_gmt":"2025-05-08T10:52:22","slug":"proyecto-m-i-a-mi-inteligencia-artificial","status":"publish","type":"post","link":"https:\/\/somosdelprieto.com\/index.php\/2025\/05\/08\/proyecto-m-i-a-mi-inteligencia-artificial\/","title":{"rendered":"Proyecto M.I.A. (Mi Inteligencia Artificial)"},"content":{"rendered":"\n<p>En el IES Gregorio Prieto somos conscientes del impacto que est\u00e1 suponiendo la evoluci\u00f3n de la Inteligencia Artificial, por eso durante este curso el alumnado de nuestros ciclos de Inform\u00e1tica de grado superior ha trabajado en el desarrollo de M.I.A., un sistema conversacional basado en IA que ha sido entrenado con documentaci\u00f3n espec\u00edfica del instituto con un objetivo claro, no depender de servicios externos y trabajar con nuestra propia informaci\u00f3n controlando un aspecto muy importante, la privacidad. <\/p>\n\n\n\n<figure class=\"wp-block-image size-large\"><img loading=\"lazy\" decoding=\"async\" width=\"576\" height=\"1024\" src=\"https:\/\/somosdelprieto.com\/wp-content\/uploads\/2025\/05\/Portada-576x1024.jpg\" alt=\"\" class=\"wp-image-21319\" srcset=\"https:\/\/somosdelprieto.com\/wp-content\/uploads\/2025\/05\/Portada-576x1024.jpg 576w, https:\/\/somosdelprieto.com\/wp-content\/uploads\/2025\/05\/Portada-169x300.jpg 169w, https:\/\/somosdelprieto.com\/wp-content\/uploads\/2025\/05\/Portada-768x1366.jpg 768w, https:\/\/somosdelprieto.com\/wp-content\/uploads\/2025\/05\/Portada-863x1536.jpg 863w, https:\/\/somosdelprieto.com\/wp-content\/uploads\/2025\/05\/Portada-1151x2048.jpg 1151w, https:\/\/somosdelprieto.com\/wp-content\/uploads\/2025\/05\/Portada-scaled.jpg 1439w\" sizes=\"auto, (max-width: 576px) 100vw, 576px\" \/><\/figure>\n\n\n\n<p>Los grupos que han participado en el proyecto han sido los siguientes:<\/p>\n\n\n\n<ul class=\"wp-block-list\">\n<li>1\u00ba CFGS Administraci\u00f3n de Sistemas Inform\u00e1ticos en Red (1\u00ba ASIR).<\/li>\n\n\n\n<li>1\u00ba CFGS Desarrollo de Aplicaciones Multiplataforma (1\u00ba DAM).<\/li>\n\n\n\n<li>1\u00ba CFGS Desarrollo de Aplicaciones Web (1\u00ba DAM).<\/li>\n\n\n\n<li>2\u00ba CFGS Desarrollo de Aplicaciones Multiplataforma (2\u00ba DAM).<\/li>\n<\/ul>\n\n\n\n<p>El primer paso ha sido preparar el equipamiento hardware necesario. Los grupos de 1\u00ba DAM y 1\u00ba DAW ha realizado el montaje de ordenadores \u201cgaming\u201d, los cuales, debido a su potencia y caracter\u00edsticas, son adecuados para la instalaci\u00f3n del sistema de IA.<\/p>\n\n\n\n<figure class=\"wp-block-image size-large\"><img loading=\"lazy\" decoding=\"async\" width=\"1024\" height=\"877\" src=\"https:\/\/somosdelprieto.com\/wp-content\/uploads\/2025\/05\/pc-gaming-1024x877.png\" alt=\"\" class=\"wp-image-21321\" srcset=\"https:\/\/somosdelprieto.com\/wp-content\/uploads\/2025\/05\/pc-gaming-1024x877.png 1024w, https:\/\/somosdelprieto.com\/wp-content\/uploads\/2025\/05\/pc-gaming-300x257.png 300w, https:\/\/somosdelprieto.com\/wp-content\/uploads\/2025\/05\/pc-gaming-768x658.png 768w, https:\/\/somosdelprieto.com\/wp-content\/uploads\/2025\/05\/pc-gaming.png 1168w\" sizes=\"auto, (max-width: 767px) 89vw, (max-width: 1000px) 54vw, (max-width: 1071px) 543px, 580px\" \/><\/figure>\n\n\n\n<p>El alumnado de 1\u00ba ASIR, 1\u00ba DAM y 1\u00ba DAW ha recopilado y preparado la informaci\u00f3n del centro sobre la que quer\u00edamos que el modelo de Inteligencia Artificial respondiera. Adem\u00e1s, han estado desarrollando una aplicaci\u00f3n web que permite chatear con la IA.<\/p>\n\n\n\n<p>Por \u00faltimo, el alumnado de 2\u00ba DAM ha trabajado en una aplicaci\u00f3n para podernos comunicar con la inteligencia artificial a trav\u00e9s de teclado o por voz.<\/p>\n\n\n\n<figure class=\"wp-block-gallery has-nested-images columns-default is-cropped wp-block-gallery-1 is-layout-flex wp-block-gallery-is-layout-flex\">\n<figure class=\"wp-block-image size-large\"><img loading=\"lazy\" decoding=\"async\" width=\"1024\" height=\"576\" data-id=\"21326\" src=\"https:\/\/somosdelprieto.com\/wp-content\/uploads\/2025\/05\/1ASIR-1-1024x576.jpg\" alt=\"\" class=\"wp-image-21326\" srcset=\"https:\/\/somosdelprieto.com\/wp-content\/uploads\/2025\/05\/1ASIR-1-1024x576.jpg 1024w, https:\/\/somosdelprieto.com\/wp-content\/uploads\/2025\/05\/1ASIR-1-300x169.jpg 300w, https:\/\/somosdelprieto.com\/wp-content\/uploads\/2025\/05\/1ASIR-1-768x432.jpg 768w, https:\/\/somosdelprieto.com\/wp-content\/uploads\/2025\/05\/1ASIR-1-1536x863.jpg 1536w, https:\/\/somosdelprieto.com\/wp-content\/uploads\/2025\/05\/1ASIR-1-2048x1151.jpg 2048w\" sizes=\"auto, (max-width: 767px) 89vw, (max-width: 1000px) 54vw, (max-width: 1071px) 543px, 580px\" \/><\/figure>\n\n\n\n<figure class=\"wp-block-image size-large\"><img loading=\"lazy\" decoding=\"async\" width=\"1024\" height=\"576\" data-id=\"21327\" src=\"https:\/\/somosdelprieto.com\/wp-content\/uploads\/2025\/05\/2DAM-2-1024x576.jpg\" alt=\"\" class=\"wp-image-21327\" srcset=\"https:\/\/somosdelprieto.com\/wp-content\/uploads\/2025\/05\/2DAM-2-1024x576.jpg 1024w, https:\/\/somosdelprieto.com\/wp-content\/uploads\/2025\/05\/2DAM-2-300x169.jpg 300w, https:\/\/somosdelprieto.com\/wp-content\/uploads\/2025\/05\/2DAM-2-768x432.jpg 768w, https:\/\/somosdelprieto.com\/wp-content\/uploads\/2025\/05\/2DAM-2-1536x863.jpg 1536w, https:\/\/somosdelprieto.com\/wp-content\/uploads\/2025\/05\/2DAM-2-2048x1151.jpg 2048w\" sizes=\"auto, (max-width: 767px) 89vw, (max-width: 1000px) 54vw, (max-width: 1071px) 543px, 580px\" \/><\/figure>\n<\/figure>\n\n\n\n<p>La primera versi\u00f3n de este proyecto ha sido expuesta en la Feria de FP del centro, a trav\u00e9s de un asistente llamado GPTO (Gregorio Prieto T\u00e9cnico Orientador) que respond\u00eda a las dudas que los visitantes pudieran tener acerca de los diferentes estudios de FP, ayud\u00e1ndoles a la hora de tomar una decisi\u00f3n sobre su futuro.<\/p>\n\n\n\n<p>Este proyecto se est\u00e1 desarrollando desde el Departamento de Inform\u00e1tica, con la participaci\u00f3n de los profesores \u00c1ngel C. Caballero Delfa, Juli\u00e1n Aldavero Molina y Antonio J. Le\u00f3n Delgado.<\/p>\n","protected":false},"excerpt":{"rendered":"<p>En el IES Gregorio Prieto somos conscientes del impacto que est\u00e1 suponiendo la evoluci\u00f3n de la Inteligencia Artificial, por eso durante este curso el alumnado de nuestros ciclos de Inform\u00e1tica de grado superior ha trabajado en el desarrollo de M.I.A., un sistema conversacional basado en IA que ha sido entrenado con documentaci\u00f3n espec\u00edfica del instituto &hellip; <\/p>\n<p class=\"link-more\"><a href=\"https:\/\/somosdelprieto.com\/index.php\/2025\/05\/08\/proyecto-m-i-a-mi-inteligencia-artificial\/\" class=\"more-link\">Continuar leyendo<span class=\"screen-reader-text\"> \u00abProyecto M.I.A. (Mi Inteligencia Artificial)\u00bb<\/span><\/a><\/p>\n","protected":false},"author":64,"featured_media":21319,"comment_status":"closed","ping_status":"closed","sticky":false,"template":"","format":"standard","meta":{"footnotes":""},"categories":[35,62,1],"tags":[],"class_list":["post-21316","post","type-post","status-publish","format-standard","has-post-thumbnail","hentry","category-informatica","category-innovacion","category-noticias"],"_links":{"self":[{"href":"https:\/\/somosdelprieto.com\/index.php\/wp-json\/wp\/v2\/posts\/21316","targetHints":{"allow":["GET"]}}],"collection":[{"href":"https:\/\/somosdelprieto.com\/index.php\/wp-json\/wp\/v2\/posts"}],"about":[{"href":"https:\/\/somosdelprieto.com\/index.php\/wp-json\/wp\/v2\/types\/post"}],"author":[{"embeddable":true,"href":"https:\/\/somosdelprieto.com\/index.php\/wp-json\/wp\/v2\/users\/64"}],"replies":[{"embeddable":true,"href":"https:\/\/somosdelprieto.com\/index.php\/wp-json\/wp\/v2\/comments?post=21316"}],"version-history":[{"count":2,"href":"https:\/\/somosdelprieto.com\/index.php\/wp-json\/wp\/v2\/posts\/21316\/revisions"}],"predecessor-version":[{"id":21329,"href":"https:\/\/somosdelprieto.com\/index.php\/wp-json\/wp\/v2\/posts\/21316\/revisions\/21329"}],"wp:featuredmedia":[{"embeddable":true,"href":"https:\/\/somosdelprieto.com\/index.php\/wp-json\/wp\/v2\/media\/21319"}],"wp:attachment":[{"href":"https:\/\/somosdelprieto.com\/index.php\/wp-json\/wp\/v2\/media?parent=21316"}],"wp:term":[{"taxonomy":"category","embeddable":true,"href":"https:\/\/somosdelprieto.com\/index.php\/wp-json\/wp\/v2\/categories?post=21316"},{"taxonomy":"post_tag","embeddable":true,"href":"https:\/\/somosdelprieto.com\/index.php\/wp-json\/wp\/v2\/tags?post=21316"}],"curies":[{"name":"wp","href":"https:\/\/api.w.org\/{rel}","templated":true}]}}