{"id":21161,"date":"2025-04-09T21:05:46","date_gmt":"2025-04-09T19:05:46","guid":{"rendered":"https:\/\/somosdelprieto.com\/?p=21161"},"modified":"2025-04-09T21:05:47","modified_gmt":"2025-04-09T19:05:47","slug":"el-profesorado-del-ies-gregorio-prieto-se-forma-en-inteligencia-artificial-aplicada-a-la-educacion","status":"publish","type":"post","link":"https:\/\/somosdelprieto.com\/index.php\/2025\/04\/09\/el-profesorado-del-ies-gregorio-prieto-se-forma-en-inteligencia-artificial-aplicada-a-la-educacion\/","title":{"rendered":"El profesorado del IES Gregorio Prieto se forma en Inteligencia Artificial aplicada a la educaci\u00f3n"},"content":{"rendered":"\n<p>El pasado mi\u00e9rcoles 9 de abril, parte del profesorado del IES Gregorio Prieto particip\u00f3 en la ponencia <em>\u201cIA para la labor docente\u201d<\/em>, una actividad formativa enmarcada dentro del proyecto de innovaci\u00f3n educativa del centro y vinculada al \u00e1rea de Competencia Digital Docente.<\/p>\n\n\n\n<p>La sesi\u00f3n fue impartida por Carlos Gil, docente con amplia experiencia en distintas etapas educativas (desde primaria hasta universidad), experto en Tecnolog\u00edas del Aprendizaje y el Conocimiento, formador oficial de SMART Technologies, y especialista en rob\u00f3tica, programaci\u00f3n y enriquecimiento de altas capacidades.<\/p>\n\n\n\n<figure class=\"wp-block-image size-large\"><img loading=\"lazy\" decoding=\"async\" width=\"1024\" height=\"651\" src=\"https:\/\/somosdelprieto.com\/wp-content\/uploads\/2025\/04\/Captura-de-pantalla-2025-04-09-a-las-17.01.00-1024x651.png\" alt=\"\" class=\"wp-image-21162\" srcset=\"https:\/\/somosdelprieto.com\/wp-content\/uploads\/2025\/04\/Captura-de-pantalla-2025-04-09-a-las-17.01.00-1024x651.png 1024w, https:\/\/somosdelprieto.com\/wp-content\/uploads\/2025\/04\/Captura-de-pantalla-2025-04-09-a-las-17.01.00-300x191.png 300w, https:\/\/somosdelprieto.com\/wp-content\/uploads\/2025\/04\/Captura-de-pantalla-2025-04-09-a-las-17.01.00-768x488.png 768w, https:\/\/somosdelprieto.com\/wp-content\/uploads\/2025\/04\/Captura-de-pantalla-2025-04-09-a-las-17.01.00.png 1478w\" sizes=\"auto, (max-width: 767px) 89vw, (max-width: 1000px) 54vw, (max-width: 1071px) 543px, 580px\" \/><\/figure>\n\n\n\n<p>Durante la ponencia se abordaron temas clave como la evoluci\u00f3n de la IA hasta hoy, el uso del <em>prompting<\/em> en contextos educativos, herramientas de inteligencia artificial disponibles, el papel de los docentes como arquitectos del aprendizaje con IA y el uso de agentes inteligentes como copilotos de vuelo en el aula.<\/p>\n\n\n\n<figure class=\"wp-block-image size-large\"><img loading=\"lazy\" decoding=\"async\" width=\"1024\" height=\"573\" src=\"https:\/\/somosdelprieto.com\/wp-content\/uploads\/2025\/04\/Captura-de-pantalla-2025-04-09-a-las-21.02.00-1024x573.png\" alt=\"\" class=\"wp-image-21163\" srcset=\"https:\/\/somosdelprieto.com\/wp-content\/uploads\/2025\/04\/Captura-de-pantalla-2025-04-09-a-las-21.02.00-1024x573.png 1024w, https:\/\/somosdelprieto.com\/wp-content\/uploads\/2025\/04\/Captura-de-pantalla-2025-04-09-a-las-21.02.00-300x168.png 300w, https:\/\/somosdelprieto.com\/wp-content\/uploads\/2025\/04\/Captura-de-pantalla-2025-04-09-a-las-21.02.00-768x430.png 768w, https:\/\/somosdelprieto.com\/wp-content\/uploads\/2025\/04\/Captura-de-pantalla-2025-04-09-a-las-21.02.00.png 1228w\" sizes=\"auto, (max-width: 767px) 89vw, (max-width: 1000px) 54vw, (max-width: 1071px) 543px, 580px\" \/><\/figure>\n\n\n\n<p><\/p>\n\n\n\n<p>Esta formaci\u00f3n ha supuesto un impulso clave dentro del compromiso del centro con la innovaci\u00f3n y la mejora continua de la pr\u00e1ctica docente, preparando al profesorado para afrontar los retos y oportunidades que trae consigo la transformaci\u00f3n digital.<\/p>\n\n\n\n<p>Desde el IES Gregorio Prieto seguimos apostando por una educaci\u00f3n del siglo XXI, en la que la tecnolog\u00eda est\u00e9 al servicio del aprendizaje y del desarrollo integral del alumnado.<\/p>\n\n\n\n<p><\/p>\n","protected":false},"excerpt":{"rendered":"<p>El pasado mi\u00e9rcoles 9 de abril, parte del profesorado del IES Gregorio Prieto particip\u00f3 en la ponencia \u201cIA para la labor docente\u201d, una actividad formativa enmarcada dentro del proyecto de innovaci\u00f3n educativa del centro y vinculada al \u00e1rea de Competencia Digital Docente. La sesi\u00f3n fue impartida por Carlos Gil, docente con amplia experiencia en distintas &hellip; <\/p>\n<p class=\"link-more\"><a href=\"https:\/\/somosdelprieto.com\/index.php\/2025\/04\/09\/el-profesorado-del-ies-gregorio-prieto-se-forma-en-inteligencia-artificial-aplicada-a-la-educacion\/\" class=\"more-link\">Continuar leyendo<span class=\"screen-reader-text\"> \u00abEl profesorado del IES Gregorio Prieto se forma en Inteligencia Artificial aplicada a la educaci\u00f3n\u00bb<\/span><\/a><\/p>\n","protected":false},"author":55,"featured_media":20980,"comment_status":"closed","ping_status":"closed","sticky":false,"template":"","format":"standard","meta":{"footnotes":""},"categories":[1],"tags":[417,418,415,416,115,413],"class_list":["post-21161","post","type-post","status-publish","format-standard","has-post-thumbnail","hentry","category-noticias","tag-cdd","tag-competencia-digital-docente","tag-ia","tag-inteligencia-artificial","tag-noticias","tag-proyecto-de-innovacion"],"_links":{"self":[{"href":"https:\/\/somosdelprieto.com\/index.php\/wp-json\/wp\/v2\/posts\/21161","targetHints":{"allow":["GET"]}}],"collection":[{"href":"https:\/\/somosdelprieto.com\/index.php\/wp-json\/wp\/v2\/posts"}],"about":[{"href":"https:\/\/somosdelprieto.com\/index.php\/wp-json\/wp\/v2\/types\/post"}],"author":[{"embeddable":true,"href":"https:\/\/somosdelprieto.com\/index.php\/wp-json\/wp\/v2\/users\/55"}],"replies":[{"embeddable":true,"href":"https:\/\/somosdelprieto.com\/index.php\/wp-json\/wp\/v2\/comments?post=21161"}],"version-history":[{"count":2,"href":"https:\/\/somosdelprieto.com\/index.php\/wp-json\/wp\/v2\/posts\/21161\/revisions"}],"predecessor-version":[{"id":21165,"href":"https:\/\/somosdelprieto.com\/index.php\/wp-json\/wp\/v2\/posts\/21161\/revisions\/21165"}],"wp:featuredmedia":[{"embeddable":true,"href":"https:\/\/somosdelprieto.com\/index.php\/wp-json\/wp\/v2\/media\/20980"}],"wp:attachment":[{"href":"https:\/\/somosdelprieto.com\/index.php\/wp-json\/wp\/v2\/media?parent=21161"}],"wp:term":[{"taxonomy":"category","embeddable":true,"href":"https:\/\/somosdelprieto.com\/index.php\/wp-json\/wp\/v2\/categories?post=21161"},{"taxonomy":"post_tag","embeddable":true,"href":"https:\/\/somosdelprieto.com\/index.php\/wp-json\/wp\/v2\/tags?post=21161"}],"curies":[{"name":"wp","href":"https:\/\/api.w.org\/{rel}","templated":true}]}}