{"id":20849,"date":"2025-03-19T11:08:54","date_gmt":"2025-03-19T10:08:54","guid":{"rendered":"https:\/\/somosdelprieto.com\/?p=20849"},"modified":"2025-03-19T11:10:03","modified_gmt":"2025-03-19T10:10:03","slug":"zarzuela-la-gran-via","status":"publish","type":"post","link":"https:\/\/somosdelprieto.com\/index.php\/2025\/03\/19\/zarzuela-la-gran-via\/","title":{"rendered":"ZARZUELA \u00abLA GRAN V\u00cdA\u00bb"},"content":{"rendered":"\n<p><\/p>\n\n\n\n<p>El pasado martes el alumnado de 2\u00ba de la ESO asisti\u00f3 al concierto did\u00e1ctico La Gran V\u00eda, en el Teatro de la Zarzuela de Madrid.<\/p>\n\n\n\n<div class=\"wp-block-columns is-layout-flex wp-container-core-columns-is-layout-9d6595d7 wp-block-columns-is-layout-flex\">\n<div class=\"wp-block-column is-layout-flow wp-block-column-is-layout-flow\">\n<figure class=\"wp-block-image size-large\"><img loading=\"lazy\" decoding=\"async\" width=\"768\" height=\"1024\" src=\"https:\/\/somosdelprieto.com\/wp-content\/uploads\/2025\/03\/IMG_1579-2-768x1024.jpg\" alt=\"\" class=\"wp-image-20853\" srcset=\"https:\/\/somosdelprieto.com\/wp-content\/uploads\/2025\/03\/IMG_1579-2-768x1024.jpg 768w, https:\/\/somosdelprieto.com\/wp-content\/uploads\/2025\/03\/IMG_1579-2-225x300.jpg 225w, https:\/\/somosdelprieto.com\/wp-content\/uploads\/2025\/03\/IMG_1579-2-1152x1536.jpg 1152w, https:\/\/somosdelprieto.com\/wp-content\/uploads\/2025\/03\/IMG_1579-2-1536x2048.jpg 1536w, https:\/\/somosdelprieto.com\/wp-content\/uploads\/2025\/03\/IMG_1579-2-scaled.jpg 1920w\" sizes=\"auto, (max-width: 767px) 89vw, (max-width: 1000px) 54vw, (max-width: 1071px) 543px, 580px\" \/><\/figure>\n<\/div>\n\n\n\n<div class=\"wp-block-column is-layout-flow wp-block-column-is-layout-flow\">\n<figure class=\"wp-block-image size-large\"><img loading=\"lazy\" decoding=\"async\" width=\"768\" height=\"1024\" src=\"https:\/\/somosdelprieto.com\/wp-content\/uploads\/2025\/03\/IMG_1580-1-768x1024.jpg\" alt=\"\" class=\"wp-image-20854\" srcset=\"https:\/\/somosdelprieto.com\/wp-content\/uploads\/2025\/03\/IMG_1580-1-768x1024.jpg 768w, https:\/\/somosdelprieto.com\/wp-content\/uploads\/2025\/03\/IMG_1580-1-225x300.jpg 225w, https:\/\/somosdelprieto.com\/wp-content\/uploads\/2025\/03\/IMG_1580-1-1152x1536.jpg 1152w, https:\/\/somosdelprieto.com\/wp-content\/uploads\/2025\/03\/IMG_1580-1-1536x2048.jpg 1536w, https:\/\/somosdelprieto.com\/wp-content\/uploads\/2025\/03\/IMG_1580-1-scaled.jpg 1920w\" sizes=\"auto, (max-width: 767px) 89vw, (max-width: 1000px) 54vw, (max-width: 1071px) 543px, 580px\" \/><\/figure>\n<\/div>\n<\/div>\n\n\n\n<p><br>Nuestros estudiantes pudieron disfrutar de una adaptaci\u00f3n de esta popular zarzuela con una gran puesta en escena, y el posterior coloquio con los artistas.<\/p>\n\n\n\n<div class=\"wp-block-columns is-layout-flex wp-container-core-columns-is-layout-9d6595d7 wp-block-columns-is-layout-flex\">\n<div class=\"wp-block-column is-layout-flow wp-block-column-is-layout-flow\">\n<div class=\"wp-block-columns is-layout-flex wp-container-core-columns-is-layout-9d6595d7 wp-block-columns-is-layout-flex\">\n<div class=\"wp-block-column is-layout-flow wp-block-column-is-layout-flow\">\n<figure class=\"wp-block-image size-large\"><img loading=\"lazy\" decoding=\"async\" width=\"768\" height=\"1024\" src=\"https:\/\/somosdelprieto.com\/wp-content\/uploads\/2025\/03\/IMG_1581-768x1024.jpg\" alt=\"\" class=\"wp-image-20855\" srcset=\"https:\/\/somosdelprieto.com\/wp-content\/uploads\/2025\/03\/IMG_1581-768x1024.jpg 768w, https:\/\/somosdelprieto.com\/wp-content\/uploads\/2025\/03\/IMG_1581-225x300.jpg 225w, https:\/\/somosdelprieto.com\/wp-content\/uploads\/2025\/03\/IMG_1581-1152x1536.jpg 1152w, https:\/\/somosdelprieto.com\/wp-content\/uploads\/2025\/03\/IMG_1581-1536x2048.jpg 1536w, https:\/\/somosdelprieto.com\/wp-content\/uploads\/2025\/03\/IMG_1581-scaled.jpg 1920w\" sizes=\"auto, (max-width: 767px) 89vw, (max-width: 1000px) 54vw, (max-width: 1071px) 543px, 580px\" \/><\/figure>\n<\/div>\n\n\n\n<div class=\"wp-block-column is-layout-flow wp-block-column-is-layout-flow\">\n<figure class=\"wp-block-image size-large\"><img loading=\"lazy\" decoding=\"async\" width=\"768\" height=\"1024\" src=\"https:\/\/somosdelprieto.com\/wp-content\/uploads\/2025\/03\/IMG_1582-768x1024.jpg\" alt=\"\" class=\"wp-image-20856\" srcset=\"https:\/\/somosdelprieto.com\/wp-content\/uploads\/2025\/03\/IMG_1582-768x1024.jpg 768w, https:\/\/somosdelprieto.com\/wp-content\/uploads\/2025\/03\/IMG_1582-225x300.jpg 225w, https:\/\/somosdelprieto.com\/wp-content\/uploads\/2025\/03\/IMG_1582-1152x1536.jpg 1152w, https:\/\/somosdelprieto.com\/wp-content\/uploads\/2025\/03\/IMG_1582-1536x2048.jpg 1536w, https:\/\/somosdelprieto.com\/wp-content\/uploads\/2025\/03\/IMG_1582-scaled.jpg 1920w\" sizes=\"auto, (max-width: 767px) 89vw, (max-width: 1000px) 54vw, (max-width: 1071px) 543px, 580px\" \/><\/figure>\n<\/div>\n<\/div>\n<\/div>\n<\/div>\n\n\n\n<p><br>El IES Gregorio Prieto sigue apostando por una educaci\u00f3n musical de calidad y eso pasa por experiencias educativas de alto nivel como esta.<\/p>\n\n\n\n<div class=\"wp-block-columns is-layout-flex wp-container-core-columns-is-layout-9d6595d7 wp-block-columns-is-layout-flex\">\n<div class=\"wp-block-column is-layout-flow wp-block-column-is-layout-flow\">\n<figure class=\"wp-block-image size-large\"><img loading=\"lazy\" decoding=\"async\" width=\"768\" height=\"1024\" src=\"https:\/\/somosdelprieto.com\/wp-content\/uploads\/2025\/03\/IMG_1584-2-768x1024.jpg\" alt=\"\" class=\"wp-image-20861\" srcset=\"https:\/\/somosdelprieto.com\/wp-content\/uploads\/2025\/03\/IMG_1584-2-768x1024.jpg 768w, https:\/\/somosdelprieto.com\/wp-content\/uploads\/2025\/03\/IMG_1584-2-225x300.jpg 225w, https:\/\/somosdelprieto.com\/wp-content\/uploads\/2025\/03\/IMG_1584-2-1152x1536.jpg 1152w, https:\/\/somosdelprieto.com\/wp-content\/uploads\/2025\/03\/IMG_1584-2-1536x2048.jpg 1536w, https:\/\/somosdelprieto.com\/wp-content\/uploads\/2025\/03\/IMG_1584-2-scaled.jpg 1920w\" sizes=\"auto, (max-width: 767px) 89vw, (max-width: 1000px) 54vw, (max-width: 1071px) 543px, 580px\" \/><\/figure>\n<\/div>\n\n\n\n<div class=\"wp-block-column is-layout-flow wp-block-column-is-layout-flow\">\n<figure class=\"wp-block-image size-large\"><img loading=\"lazy\" decoding=\"async\" width=\"768\" height=\"1024\" src=\"https:\/\/somosdelprieto.com\/wp-content\/uploads\/2025\/03\/IMG_1586-768x1024.jpg\" alt=\"\" class=\"wp-image-20858\" srcset=\"https:\/\/somosdelprieto.com\/wp-content\/uploads\/2025\/03\/IMG_1586-768x1024.jpg 768w, https:\/\/somosdelprieto.com\/wp-content\/uploads\/2025\/03\/IMG_1586-225x300.jpg 225w, https:\/\/somosdelprieto.com\/wp-content\/uploads\/2025\/03\/IMG_1586-1152x1536.jpg 1152w, https:\/\/somosdelprieto.com\/wp-content\/uploads\/2025\/03\/IMG_1586-1536x2048.jpg 1536w, https:\/\/somosdelprieto.com\/wp-content\/uploads\/2025\/03\/IMG_1586-scaled.jpg 1920w\" sizes=\"auto, (max-width: 767px) 89vw, (max-width: 1000px) 54vw, (max-width: 1071px) 543px, 580px\" \/><\/figure>\n<\/div>\n<\/div>\n\n\n\n<figure class=\"wp-block-image size-large\"><img loading=\"lazy\" decoding=\"async\" width=\"1024\" height=\"786\" src=\"https:\/\/somosdelprieto.com\/wp-content\/uploads\/2025\/03\/IMG_1587-1024x786.jpg\" alt=\"\" class=\"wp-image-20859\" srcset=\"https:\/\/somosdelprieto.com\/wp-content\/uploads\/2025\/03\/IMG_1587-1024x786.jpg 1024w, https:\/\/somosdelprieto.com\/wp-content\/uploads\/2025\/03\/IMG_1587-300x230.jpg 300w, https:\/\/somosdelprieto.com\/wp-content\/uploads\/2025\/03\/IMG_1587-768x590.jpg 768w, https:\/\/somosdelprieto.com\/wp-content\/uploads\/2025\/03\/IMG_1587-1536x1179.jpg 1536w, https:\/\/somosdelprieto.com\/wp-content\/uploads\/2025\/03\/IMG_1587-2048x1572.jpg 2048w\" sizes=\"auto, (max-width: 767px) 89vw, (max-width: 1000px) 54vw, (max-width: 1071px) 543px, 580px\" \/><\/figure>\n","protected":false},"excerpt":{"rendered":"<p>El pasado martes el alumnado de 2\u00ba de la ESO asisti\u00f3 al concierto did\u00e1ctico La Gran V\u00eda, en el Teatro de la Zarzuela de Madrid. Nuestros estudiantes pudieron disfrutar de una adaptaci\u00f3n de esta popular zarzuela con una gran puesta en escena, y el posterior coloquio con los artistas. El IES Gregorio Prieto sigue apostando &hellip; <\/p>\n<p class=\"link-more\"><a href=\"https:\/\/somosdelprieto.com\/index.php\/2025\/03\/19\/zarzuela-la-gran-via\/\" class=\"more-link\">Continuar leyendo<span class=\"screen-reader-text\"> \u00abZARZUELA \u00abLA GRAN V\u00cdA\u00bb\u00bb<\/span><\/a><\/p>\n","protected":false},"author":36,"featured_media":20682,"comment_status":"closed","ping_status":"closed","sticky":false,"template":"","format":"standard","meta":{"footnotes":""},"categories":[39,1],"tags":[],"class_list":["post-20849","post","type-post","status-publish","format-standard","has-post-thumbnail","hentry","category-musica","category-noticias"],"_links":{"self":[{"href":"https:\/\/somosdelprieto.com\/index.php\/wp-json\/wp\/v2\/posts\/20849","targetHints":{"allow":["GET"]}}],"collection":[{"href":"https:\/\/somosdelprieto.com\/index.php\/wp-json\/wp\/v2\/posts"}],"about":[{"href":"https:\/\/somosdelprieto.com\/index.php\/wp-json\/wp\/v2\/types\/post"}],"author":[{"embeddable":true,"href":"https:\/\/somosdelprieto.com\/index.php\/wp-json\/wp\/v2\/users\/36"}],"replies":[{"embeddable":true,"href":"https:\/\/somosdelprieto.com\/index.php\/wp-json\/wp\/v2\/comments?post=20849"}],"version-history":[{"count":2,"href":"https:\/\/somosdelprieto.com\/index.php\/wp-json\/wp\/v2\/posts\/20849\/revisions"}],"predecessor-version":[{"id":20863,"href":"https:\/\/somosdelprieto.com\/index.php\/wp-json\/wp\/v2\/posts\/20849\/revisions\/20863"}],"wp:featuredmedia":[{"embeddable":true,"href":"https:\/\/somosdelprieto.com\/index.php\/wp-json\/wp\/v2\/media\/20682"}],"wp:attachment":[{"href":"https:\/\/somosdelprieto.com\/index.php\/wp-json\/wp\/v2\/media?parent=20849"}],"wp:term":[{"taxonomy":"category","embeddable":true,"href":"https:\/\/somosdelprieto.com\/index.php\/wp-json\/wp\/v2\/categories?post=20849"},{"taxonomy":"post_tag","embeddable":true,"href":"https:\/\/somosdelprieto.com\/index.php\/wp-json\/wp\/v2\/tags?post=20849"}],"curies":[{"name":"wp","href":"https:\/\/api.w.org\/{rel}","templated":true}]}}