{"id":20681,"date":"2025-02-28T12:31:10","date_gmt":"2025-02-28T11:31:10","guid":{"rendered":"https:\/\/somosdelprieto.com\/?p=20681"},"modified":"2025-02-28T12:31:11","modified_gmt":"2025-02-28T11:31:11","slug":"batucada-carnaval-en-el-prieto","status":"publish","type":"post","link":"https:\/\/somosdelprieto.com\/index.php\/2025\/02\/28\/batucada-carnaval-en-el-prieto\/","title":{"rendered":"BATUCADA, CARNAVAL EN EL PRIETO"},"content":{"rendered":"\n<p>El departamento de M\u00fasica ha organizado, un a\u00f1o m\u00e1s, la Batucada, <em>Bucket&#8217;s rock<\/em>, de nuestro querido Ernesto de Lamo, con el alumnado de 1\u00ba de la ESO. <\/p>\n\n\n\n<p>Se ha interpretado en el d\u00eda de hoy, y durante la misma, hemos recibido una visita muy especial. \u00a1No os la perd\u00e1is!<\/p>\n\n\n\n<p>Adem\u00e1s, las tutoras de estos grupos de 1\u00ba de la ESO han confeccionado con ellos\/as unas m\u00e1scaras de Carnaval, que algunos\/as han lucido durante la interpretaci\u00f3n. <\/p>\n\n\n\n<p>Ten\u00e9is todos los v\u00eddeos en nuestro canal de Youtube: <a href=\"https:\/\/www.youtube.com\/channel\/UClN2y_MgK5m1uZlhRSi6_Wg\">iesGPMusic<\/a><\/p>\n\n\n\n<p>Y aqu\u00ed la interpretaci\u00f3n final con \u00a1sorpresa! <\/p>\n\n\n\n<figure class=\"wp-block-embed is-type-video is-provider-youtube wp-block-embed-youtube wp-embed-aspect-4-3 wp-has-aspect-ratio\"><div class=\"wp-block-embed__wrapper\">\n<iframe loading=\"lazy\" title=\"1\u00ba ESO. Bucket&#039;s rock (Ernesto de Lamo). Carnaval.\" width=\"525\" height=\"394\" src=\"https:\/\/www.youtube.com\/embed\/Y5R6USqIbeg?feature=oembed\" frameborder=\"0\" allow=\"accelerometer; autoplay; clipboard-write; encrypted-media; gyroscope; picture-in-picture; web-share\" referrerpolicy=\"strict-origin-when-cross-origin\" allowfullscreen><\/iframe>\n<\/div><\/figure>\n","protected":false},"excerpt":{"rendered":"<p>El departamento de M\u00fasica ha organizado, un a\u00f1o m\u00e1s, la Batucada, Bucket&#8217;s rock, de nuestro querido Ernesto de Lamo, con el alumnado de 1\u00ba de la ESO. Se ha interpretado en el d\u00eda de hoy, y durante la misma, hemos recibido una visita muy especial. \u00a1No os la perd\u00e1is! Adem\u00e1s, las tutoras de estos grupos &hellip; <\/p>\n<p class=\"link-more\"><a href=\"https:\/\/somosdelprieto.com\/index.php\/2025\/02\/28\/batucada-carnaval-en-el-prieto\/\" class=\"more-link\">Continuar leyendo<span class=\"screen-reader-text\"> \u00abBATUCADA, CARNAVAL EN EL PRIETO\u00bb<\/span><\/a><\/p>\n","protected":false},"author":36,"featured_media":20682,"comment_status":"closed","ping_status":"closed","sticky":false,"template":"","format":"standard","meta":{"footnotes":""},"categories":[39,1],"tags":[402],"class_list":["post-20681","post","type-post","status-publish","format-standard","has-post-thumbnail","hentry","category-musica","category-noticias","tag-carnaval"],"_links":{"self":[{"href":"https:\/\/somosdelprieto.com\/index.php\/wp-json\/wp\/v2\/posts\/20681","targetHints":{"allow":["GET"]}}],"collection":[{"href":"https:\/\/somosdelprieto.com\/index.php\/wp-json\/wp\/v2\/posts"}],"about":[{"href":"https:\/\/somosdelprieto.com\/index.php\/wp-json\/wp\/v2\/types\/post"}],"author":[{"embeddable":true,"href":"https:\/\/somosdelprieto.com\/index.php\/wp-json\/wp\/v2\/users\/36"}],"replies":[{"embeddable":true,"href":"https:\/\/somosdelprieto.com\/index.php\/wp-json\/wp\/v2\/comments?post=20681"}],"version-history":[{"count":1,"href":"https:\/\/somosdelprieto.com\/index.php\/wp-json\/wp\/v2\/posts\/20681\/revisions"}],"predecessor-version":[{"id":20683,"href":"https:\/\/somosdelprieto.com\/index.php\/wp-json\/wp\/v2\/posts\/20681\/revisions\/20683"}],"wp:featuredmedia":[{"embeddable":true,"href":"https:\/\/somosdelprieto.com\/index.php\/wp-json\/wp\/v2\/media\/20682"}],"wp:attachment":[{"href":"https:\/\/somosdelprieto.com\/index.php\/wp-json\/wp\/v2\/media?parent=20681"}],"wp:term":[{"taxonomy":"category","embeddable":true,"href":"https:\/\/somosdelprieto.com\/index.php\/wp-json\/wp\/v2\/categories?post=20681"},{"taxonomy":"post_tag","embeddable":true,"href":"https:\/\/somosdelprieto.com\/index.php\/wp-json\/wp\/v2\/tags?post=20681"}],"curies":[{"name":"wp","href":"https:\/\/api.w.org\/{rel}","templated":true}]}}