{"id":20636,"date":"2025-02-25T13:22:39","date_gmt":"2025-02-25T12:22:39","guid":{"rendered":"https:\/\/somosdelprieto.com\/?p=20636"},"modified":"2025-02-25T13:22:39","modified_gmt":"2025-02-25T12:22:39","slug":"viaje-erasmus-2o-eso-a-portugal","status":"publish","type":"post","link":"https:\/\/somosdelprieto.com\/index.php\/2025\/02\/25\/viaje-erasmus-2o-eso-a-portugal\/","title":{"rendered":"Viaje Erasmus+ 2\u00ba ESO a Portugal"},"content":{"rendered":"\n<p><\/p>\n\n\n\n<p>La semana pasada, del 16 de febrero al 21 , un grupo de seis estudiantes de 2\u00b0 ESO, acompa\u00f1ados por dos profesoras del centro, llegaron a Our\u00e9m, Portugal, para participar en uno de los proyectos Erasmus+ que coordinamos en el centro junto a Malta y Portugal. Han realizado numerosas actividades como presentaciones, la creaci\u00f3n del logo del proyecto, rellenar un cuestionario para conocer la huella de carbono individual, recogida de materiales para construir casas para insectos y realizaci\u00f3n de las mismas. <\/p>\n\n\n\n<p>El objetivo principal del proyecto ha sido concienciar al alumnado para ser m\u00e1s sostenibles y cuidar el medio ambiente, todo ello utilizando el ingl\u00e9s como lengua principal de comunicaci\u00f3n. Adem\u00e1s, han podido disfrutar tambi\u00e9n de visitas culturales a Lisboa y la ciudad de Our\u00e9m. <\/p>\n\n\n\n<p>Ha sido una experiencia muy satisfactoria a nivel educativo, social, ling\u00fc\u00edstico y cultural. <\/p>\n\n\n\n<figure class=\"wp-block-gallery has-nested-images columns-default is-cropped wp-block-gallery-1 is-layout-flex wp-block-gallery-is-layout-flex\">\n<figure class=\"wp-block-image size-large\"><img loading=\"lazy\" decoding=\"async\" width=\"1024\" height=\"1024\" data-id=\"20648\" src=\"https:\/\/somosdelprieto.com\/wp-content\/uploads\/2025\/02\/1000041181-1024x1024.jpg\" alt=\"\" class=\"wp-image-20648\" srcset=\"https:\/\/somosdelprieto.com\/wp-content\/uploads\/2025\/02\/1000041181-1024x1024.jpg 1024w, https:\/\/somosdelprieto.com\/wp-content\/uploads\/2025\/02\/1000041181-300x300.jpg 300w, https:\/\/somosdelprieto.com\/wp-content\/uploads\/2025\/02\/1000041181-150x150.jpg 150w, https:\/\/somosdelprieto.com\/wp-content\/uploads\/2025\/02\/1000041181-768x768.jpg 768w, https:\/\/somosdelprieto.com\/wp-content\/uploads\/2025\/02\/1000041181-1536x1536.jpg 1536w, https:\/\/somosdelprieto.com\/wp-content\/uploads\/2025\/02\/1000041181-2048x2048.jpg 2048w, https:\/\/somosdelprieto.com\/wp-content\/uploads\/2025\/02\/1000041181-100x100.jpg 100w\" sizes=\"auto, (max-width: 767px) 89vw, (max-width: 1000px) 54vw, (max-width: 1071px) 543px, 580px\" \/><\/figure>\n\n\n\n<figure class=\"wp-block-image size-large\"><img loading=\"lazy\" decoding=\"async\" width=\"1024\" height=\"768\" data-id=\"20650\" src=\"https:\/\/somosdelprieto.com\/wp-content\/uploads\/2025\/02\/1000040870-1024x768.jpg\" alt=\"\" class=\"wp-image-20650\" srcset=\"https:\/\/somosdelprieto.com\/wp-content\/uploads\/2025\/02\/1000040870-1024x768.jpg 1024w, https:\/\/somosdelprieto.com\/wp-content\/uploads\/2025\/02\/1000040870-300x225.jpg 300w, https:\/\/somosdelprieto.com\/wp-content\/uploads\/2025\/02\/1000040870-768x576.jpg 768w, https:\/\/somosdelprieto.com\/wp-content\/uploads\/2025\/02\/1000040870-1536x1152.jpg 1536w, https:\/\/somosdelprieto.com\/wp-content\/uploads\/2025\/02\/1000040870-2048x1536.jpg 2048w\" sizes=\"auto, (max-width: 767px) 89vw, (max-width: 1000px) 54vw, (max-width: 1071px) 543px, 580px\" \/><\/figure>\n\n\n\n<figure class=\"wp-block-image size-large\"><img loading=\"lazy\" decoding=\"async\" width=\"1024\" height=\"1024\" data-id=\"20652\" src=\"https:\/\/somosdelprieto.com\/wp-content\/uploads\/2025\/02\/1000040961-1024x1024.jpg\" alt=\"\" class=\"wp-image-20652\" srcset=\"https:\/\/somosdelprieto.com\/wp-content\/uploads\/2025\/02\/1000040961-1024x1024.jpg 1024w, https:\/\/somosdelprieto.com\/wp-content\/uploads\/2025\/02\/1000040961-300x300.jpg 300w, https:\/\/somosdelprieto.com\/wp-content\/uploads\/2025\/02\/1000040961-150x150.jpg 150w, https:\/\/somosdelprieto.com\/wp-content\/uploads\/2025\/02\/1000040961-768x768.jpg 768w, https:\/\/somosdelprieto.com\/wp-content\/uploads\/2025\/02\/1000040961-1536x1536.jpg 1536w, https:\/\/somosdelprieto.com\/wp-content\/uploads\/2025\/02\/1000040961-2048x2048.jpg 2048w, https:\/\/somosdelprieto.com\/wp-content\/uploads\/2025\/02\/1000040961-100x100.jpg 100w\" sizes=\"auto, (max-width: 767px) 89vw, (max-width: 1000px) 54vw, (max-width: 1071px) 543px, 580px\" \/><\/figure>\n\n\n\n<figure class=\"wp-block-image size-large\"><img loading=\"lazy\" decoding=\"async\" width=\"1024\" height=\"768\" data-id=\"20646\" src=\"https:\/\/somosdelprieto.com\/wp-content\/uploads\/2025\/02\/1000041094-1024x768.jpg\" alt=\"\" class=\"wp-image-20646\" srcset=\"https:\/\/somosdelprieto.com\/wp-content\/uploads\/2025\/02\/1000041094-1024x768.jpg 1024w, https:\/\/somosdelprieto.com\/wp-content\/uploads\/2025\/02\/1000041094-300x225.jpg 300w, https:\/\/somosdelprieto.com\/wp-content\/uploads\/2025\/02\/1000041094-768x576.jpg 768w, https:\/\/somosdelprieto.com\/wp-content\/uploads\/2025\/02\/1000041094.jpg 1288w\" sizes=\"auto, (max-width: 767px) 89vw, (max-width: 1000px) 54vw, (max-width: 1071px) 543px, 580px\" \/><\/figure>\n\n\n\n<figure class=\"wp-block-image size-large\"><img loading=\"lazy\" decoding=\"async\" width=\"1024\" height=\"768\" data-id=\"20649\" src=\"https:\/\/somosdelprieto.com\/wp-content\/uploads\/2025\/02\/1000040146-1024x768.jpg\" alt=\"\" class=\"wp-image-20649\" srcset=\"https:\/\/somosdelprieto.com\/wp-content\/uploads\/2025\/02\/1000040146-1024x768.jpg 1024w, https:\/\/somosdelprieto.com\/wp-content\/uploads\/2025\/02\/1000040146-300x225.jpg 300w, https:\/\/somosdelprieto.com\/wp-content\/uploads\/2025\/02\/1000040146-768x576.jpg 768w, https:\/\/somosdelprieto.com\/wp-content\/uploads\/2025\/02\/1000040146-1536x1152.jpg 1536w, https:\/\/somosdelprieto.com\/wp-content\/uploads\/2025\/02\/1000040146-2048x1536.jpg 2048w\" sizes=\"auto, (max-width: 767px) 89vw, (max-width: 1000px) 54vw, (max-width: 1071px) 543px, 580px\" \/><\/figure>\n\n\n\n<figure class=\"wp-block-image size-large\"><img loading=\"lazy\" decoding=\"async\" width=\"1024\" height=\"768\" data-id=\"20651\" src=\"https:\/\/somosdelprieto.com\/wp-content\/uploads\/2025\/02\/1000040447-1024x768.jpg\" alt=\"\" class=\"wp-image-20651\" srcset=\"https:\/\/somosdelprieto.com\/wp-content\/uploads\/2025\/02\/1000040447-1024x768.jpg 1024w, https:\/\/somosdelprieto.com\/wp-content\/uploads\/2025\/02\/1000040447-300x225.jpg 300w, https:\/\/somosdelprieto.com\/wp-content\/uploads\/2025\/02\/1000040447-768x576.jpg 768w, https:\/\/somosdelprieto.com\/wp-content\/uploads\/2025\/02\/1000040447-1536x1152.jpg 1536w, https:\/\/somosdelprieto.com\/wp-content\/uploads\/2025\/02\/1000040447-2048x1536.jpg 2048w\" sizes=\"auto, (max-width: 767px) 89vw, (max-width: 1000px) 54vw, (max-width: 1071px) 543px, 580px\" \/><\/figure>\n\n\n\n<figure class=\"wp-block-image size-large\"><img loading=\"lazy\" decoding=\"async\" width=\"1024\" height=\"769\" data-id=\"20647\" src=\"https:\/\/somosdelprieto.com\/wp-content\/uploads\/2025\/02\/1000039780-1024x769.jpg\" alt=\"\" class=\"wp-image-20647\" srcset=\"https:\/\/somosdelprieto.com\/wp-content\/uploads\/2025\/02\/1000039780-1024x769.jpg 1024w, https:\/\/somosdelprieto.com\/wp-content\/uploads\/2025\/02\/1000039780-300x225.jpg 300w, https:\/\/somosdelprieto.com\/wp-content\/uploads\/2025\/02\/1000039780-768x576.jpg 768w, https:\/\/somosdelprieto.com\/wp-content\/uploads\/2025\/02\/1000039780-1536x1153.jpg 1536w, https:\/\/somosdelprieto.com\/wp-content\/uploads\/2025\/02\/1000039780.jpg 2048w\" sizes=\"auto, (max-width: 767px) 89vw, (max-width: 1000px) 54vw, (max-width: 1071px) 543px, 580px\" \/><\/figure>\n<\/figure>\n\n\n\n<p><\/p>\n","protected":false},"excerpt":{"rendered":"<p>La semana pasada, del 16 de febrero al 21 , un grupo de seis estudiantes de 2\u00b0 ESO, acompa\u00f1ados por dos profesoras del centro, llegaron a Our\u00e9m, Portugal, para participar en uno de los proyectos Erasmus+ que coordinamos en el centro junto a Malta y Portugal. Han realizado numerosas actividades como presentaciones, la creaci\u00f3n del &hellip; <\/p>\n<p class=\"link-more\"><a href=\"https:\/\/somosdelprieto.com\/index.php\/2025\/02\/25\/viaje-erasmus-2o-eso-a-portugal\/\" class=\"more-link\">Continuar leyendo<span class=\"screen-reader-text\"> \u00abViaje Erasmus+ 2\u00ba ESO a Portugal\u00bb<\/span><\/a><\/p>\n","protected":false},"author":45,"featured_media":0,"comment_status":"closed","ping_status":"closed","sticky":false,"template":"","format":"standard","meta":{"footnotes":""},"categories":[4,1],"tags":[143,115],"class_list":["post-20636","post","type-post","status-publish","format-standard","hentry","category-erasmus","category-noticias","tag-erasmus","tag-noticias"],"_links":{"self":[{"href":"https:\/\/somosdelprieto.com\/index.php\/wp-json\/wp\/v2\/posts\/20636","targetHints":{"allow":["GET"]}}],"collection":[{"href":"https:\/\/somosdelprieto.com\/index.php\/wp-json\/wp\/v2\/posts"}],"about":[{"href":"https:\/\/somosdelprieto.com\/index.php\/wp-json\/wp\/v2\/types\/post"}],"author":[{"embeddable":true,"href":"https:\/\/somosdelprieto.com\/index.php\/wp-json\/wp\/v2\/users\/45"}],"replies":[{"embeddable":true,"href":"https:\/\/somosdelprieto.com\/index.php\/wp-json\/wp\/v2\/comments?post=20636"}],"version-history":[{"count":2,"href":"https:\/\/somosdelprieto.com\/index.php\/wp-json\/wp\/v2\/posts\/20636\/revisions"}],"predecessor-version":[{"id":20656,"href":"https:\/\/somosdelprieto.com\/index.php\/wp-json\/wp\/v2\/posts\/20636\/revisions\/20656"}],"wp:attachment":[{"href":"https:\/\/somosdelprieto.com\/index.php\/wp-json\/wp\/v2\/media?parent=20636"}],"wp:term":[{"taxonomy":"category","embeddable":true,"href":"https:\/\/somosdelprieto.com\/index.php\/wp-json\/wp\/v2\/categories?post=20636"},{"taxonomy":"post_tag","embeddable":true,"href":"https:\/\/somosdelprieto.com\/index.php\/wp-json\/wp\/v2\/tags?post=20636"}],"curies":[{"name":"wp","href":"https:\/\/api.w.org\/{rel}","templated":true}]}}