{"id":20615,"date":"2025-02-24T13:56:13","date_gmt":"2025-02-24T12:56:13","guid":{"rendered":"https:\/\/somosdelprieto.com\/?p=20615"},"modified":"2025-02-24T14:47:31","modified_gmt":"2025-02-24T13:47:31","slug":"intercambio-de-buenas-experiencias-adf","status":"publish","type":"post","link":"https:\/\/somosdelprieto.com\/index.php\/2025\/02\/24\/intercambio-de-buenas-experiencias-adf\/","title":{"rendered":"Intercambio de buenas experiencias AdF"},"content":{"rendered":"\n<p>\u00abSomos la cara visible de un gran grupo de docentes del Gregorio Prieto que apuestan por otra forma de ense\u00f1ar a trav\u00e9s de AdF\u00bb, as\u00ed comenzaba Estrella el Taller de AdF que junto a Virginia llevaron a cabo el pasado 20 de febrero en Toledo.<\/p>\n\n\n\n<p>Como no pod\u00eda ser de otra forma el taller se llev\u00f3 a cabo con una divertida din\u00e1mica a trav\u00e9s de la cu\u00e1l Virginia y Estrella planteaban una serie de preguntas sobre AdF y los asistentes en grupos deb\u00edan responder con una tarjetas de colores.<\/p>\n\n\n\n<p>Muchos momentos de complicidad, sinceridad y \u00e1nimo se pusieron de manifiesto a trav\u00e9s de estas docentes que creen en las metodolog\u00edas activas y en la raz\u00f3n de estos talleres; tomando las palabras con las que concluy\u00f3 Virginia,  creemos en \u00bb la formaci\u00f3n y la importancia del intercambio de buenas pr\u00e1cticas\u00bb<\/p>\n\n\n\n<div class=\"wp-block-columns is-layout-flex wp-container-core-columns-is-layout-9d6595d7 wp-block-columns-is-layout-flex\">\n<div class=\"wp-block-column is-layout-flow wp-block-column-is-layout-flow\">\n<figure class=\"wp-block-image size-large\"><img loading=\"lazy\" decoding=\"async\" width=\"768\" height=\"1024\" src=\"https:\/\/somosdelprieto.com\/wp-content\/uploads\/2025\/02\/PHOTO-2025-02-20-11-43-00-768x1024.jpg\" alt=\"\" class=\"wp-image-20617\" srcset=\"https:\/\/somosdelprieto.com\/wp-content\/uploads\/2025\/02\/PHOTO-2025-02-20-11-43-00-768x1024.jpg 768w, https:\/\/somosdelprieto.com\/wp-content\/uploads\/2025\/02\/PHOTO-2025-02-20-11-43-00-225x300.jpg 225w, https:\/\/somosdelprieto.com\/wp-content\/uploads\/2025\/02\/PHOTO-2025-02-20-11-43-00-1152x1536.jpg 1152w, https:\/\/somosdelprieto.com\/wp-content\/uploads\/2025\/02\/PHOTO-2025-02-20-11-43-00.jpg 1536w\" sizes=\"auto, (max-width: 767px) 89vw, (max-width: 1000px) 54vw, (max-width: 1071px) 543px, 580px\" \/><\/figure>\n<\/div>\n\n\n\n<div class=\"wp-block-column is-layout-flow wp-block-column-is-layout-flow\">\n<figure class=\"wp-block-image size-large\"><img loading=\"lazy\" decoding=\"async\" width=\"1024\" height=\"768\" src=\"https:\/\/somosdelprieto.com\/wp-content\/uploads\/2025\/02\/PHOTO-2025-02-20-15-04-30-1-1024x768.jpg\" alt=\"\" class=\"wp-image-20618\" srcset=\"https:\/\/somosdelprieto.com\/wp-content\/uploads\/2025\/02\/PHOTO-2025-02-20-15-04-30-1-1024x768.jpg 1024w, https:\/\/somosdelprieto.com\/wp-content\/uploads\/2025\/02\/PHOTO-2025-02-20-15-04-30-1-300x225.jpg 300w, https:\/\/somosdelprieto.com\/wp-content\/uploads\/2025\/02\/PHOTO-2025-02-20-15-04-30-1-768x576.jpg 768w, https:\/\/somosdelprieto.com\/wp-content\/uploads\/2025\/02\/PHOTO-2025-02-20-15-04-30-1-1536x1152.jpg 1536w, https:\/\/somosdelprieto.com\/wp-content\/uploads\/2025\/02\/PHOTO-2025-02-20-15-04-30-1.jpg 1600w\" sizes=\"auto, (max-width: 767px) 89vw, (max-width: 1000px) 54vw, (max-width: 1071px) 543px, 580px\" \/><\/figure>\n\n\n\n<figure class=\"wp-block-image size-large\"><img loading=\"lazy\" decoding=\"async\" width=\"1024\" height=\"461\" src=\"https:\/\/somosdelprieto.com\/wp-content\/uploads\/2025\/02\/PHOTO-2025-02-21-08-23-42-1024x461.jpg\" alt=\"\" class=\"wp-image-20619\" srcset=\"https:\/\/somosdelprieto.com\/wp-content\/uploads\/2025\/02\/PHOTO-2025-02-21-08-23-42-1024x461.jpg 1024w, https:\/\/somosdelprieto.com\/wp-content\/uploads\/2025\/02\/PHOTO-2025-02-21-08-23-42-300x135.jpg 300w, https:\/\/somosdelprieto.com\/wp-content\/uploads\/2025\/02\/PHOTO-2025-02-21-08-23-42-768x345.jpg 768w, https:\/\/somosdelprieto.com\/wp-content\/uploads\/2025\/02\/PHOTO-2025-02-21-08-23-42-1536x691.jpg 1536w, https:\/\/somosdelprieto.com\/wp-content\/uploads\/2025\/02\/PHOTO-2025-02-21-08-23-42.jpg 2048w\" sizes=\"auto, (max-width: 767px) 89vw, (max-width: 1000px) 54vw, (max-width: 1071px) 543px, 580px\" \/><\/figure>\n<\/div>\n<\/div>\n\n\n\n<div class=\"wp-block-columns is-layout-flex wp-container-core-columns-is-layout-9d6595d7 wp-block-columns-is-layout-flex\">\n<div class=\"wp-block-column is-layout-flow wp-block-column-is-layout-flow\">\n<figure class=\"wp-block-image size-large\"><img loading=\"lazy\" decoding=\"async\" width=\"1024\" height=\"461\" src=\"https:\/\/somosdelprieto.com\/wp-content\/uploads\/2025\/02\/IMG-20250221-WA0002-1024x461.jpg\" alt=\"\" class=\"wp-image-20625\" srcset=\"https:\/\/somosdelprieto.com\/wp-content\/uploads\/2025\/02\/IMG-20250221-WA0002-1024x461.jpg 1024w, https:\/\/somosdelprieto.com\/wp-content\/uploads\/2025\/02\/IMG-20250221-WA0002-300x135.jpg 300w, https:\/\/somosdelprieto.com\/wp-content\/uploads\/2025\/02\/IMG-20250221-WA0002-768x345.jpg 768w, https:\/\/somosdelprieto.com\/wp-content\/uploads\/2025\/02\/IMG-20250221-WA0002-1536x691.jpg 1536w, https:\/\/somosdelprieto.com\/wp-content\/uploads\/2025\/02\/IMG-20250221-WA0002.jpg 2048w\" sizes=\"auto, (max-width: 767px) 89vw, (max-width: 1000px) 54vw, (max-width: 1071px) 543px, 580px\" \/><\/figure>\n\n\n\n<figure class=\"wp-block-image size-large\"><img loading=\"lazy\" decoding=\"async\" width=\"1024\" height=\"768\" src=\"https:\/\/somosdelprieto.com\/wp-content\/uploads\/2025\/02\/IMG-20250221-WA0004-1024x768.jpg\" alt=\"\" class=\"wp-image-20626\" srcset=\"https:\/\/somosdelprieto.com\/wp-content\/uploads\/2025\/02\/IMG-20250221-WA0004-1024x768.jpg 1024w, https:\/\/somosdelprieto.com\/wp-content\/uploads\/2025\/02\/IMG-20250221-WA0004-300x225.jpg 300w, https:\/\/somosdelprieto.com\/wp-content\/uploads\/2025\/02\/IMG-20250221-WA0004-768x576.jpg 768w, https:\/\/somosdelprieto.com\/wp-content\/uploads\/2025\/02\/IMG-20250221-WA0004-1536x1152.jpg 1536w, https:\/\/somosdelprieto.com\/wp-content\/uploads\/2025\/02\/IMG-20250221-WA0004.jpg 2040w\" sizes=\"auto, (max-width: 767px) 89vw, (max-width: 1000px) 54vw, (max-width: 1071px) 543px, 580px\" \/><\/figure>\n<\/div>\n\n\n\n<div class=\"wp-block-column is-layout-flow wp-block-column-is-layout-flow\">\n<figure class=\"wp-block-image size-large\"><img loading=\"lazy\" decoding=\"async\" width=\"768\" height=\"1024\" src=\"https:\/\/somosdelprieto.com\/wp-content\/uploads\/2025\/02\/PHOTO-2025-02-20-15-04-30-768x1024.jpg\" alt=\"\" class=\"wp-image-20621\" srcset=\"https:\/\/somosdelprieto.com\/wp-content\/uploads\/2025\/02\/PHOTO-2025-02-20-15-04-30-768x1024.jpg 768w, https:\/\/somosdelprieto.com\/wp-content\/uploads\/2025\/02\/PHOTO-2025-02-20-15-04-30-225x300.jpg 225w, https:\/\/somosdelprieto.com\/wp-content\/uploads\/2025\/02\/PHOTO-2025-02-20-15-04-30-1152x1536.jpg 1152w, https:\/\/somosdelprieto.com\/wp-content\/uploads\/2025\/02\/PHOTO-2025-02-20-15-04-30.jpg 1200w\" sizes=\"auto, (max-width: 767px) 89vw, (max-width: 1000px) 54vw, (max-width: 1071px) 543px, 580px\" \/><\/figure>\n<\/div>\n<\/div>\n\n\n\n<p>Aqu\u00ed os dejamos algunas im\u00e1genes.<\/p>\n","protected":false},"excerpt":{"rendered":"<p>\u00abSomos la cara visible de un gran grupo de docentes del Gregorio Prieto que apuestan por otra forma de ense\u00f1ar a trav\u00e9s de AdF\u00bb, as\u00ed comenzaba Estrella el Taller de AdF que junto a Virginia llevaron a cabo el pasado 20 de febrero en Toledo. Como no pod\u00eda ser de otra forma el taller se &hellip; <\/p>\n<p class=\"link-more\"><a href=\"https:\/\/somosdelprieto.com\/index.php\/2025\/02\/24\/intercambio-de-buenas-experiencias-adf\/\" class=\"more-link\">Continuar leyendo<span class=\"screen-reader-text\"> \u00abIntercambio de buenas experiencias AdF\u00bb<\/span><\/a><\/p>\n","protected":false},"author":46,"featured_media":20623,"comment_status":"closed","ping_status":"closed","sticky":false,"template":"","format":"standard","meta":{"footnotes":""},"categories":[109,1],"tags":[160,161,115],"class_list":["post-20615","post","type-post","status-publish","format-standard","has-post-thumbnail","hentry","category-aula-siglo-xxi","category-noticias","tag-aula-del-futuro","tag-aula-del-siglo-xxi","tag-noticias"],"_links":{"self":[{"href":"https:\/\/somosdelprieto.com\/index.php\/wp-json\/wp\/v2\/posts\/20615","targetHints":{"allow":["GET"]}}],"collection":[{"href":"https:\/\/somosdelprieto.com\/index.php\/wp-json\/wp\/v2\/posts"}],"about":[{"href":"https:\/\/somosdelprieto.com\/index.php\/wp-json\/wp\/v2\/types\/post"}],"author":[{"embeddable":true,"href":"https:\/\/somosdelprieto.com\/index.php\/wp-json\/wp\/v2\/users\/46"}],"replies":[{"embeddable":true,"href":"https:\/\/somosdelprieto.com\/index.php\/wp-json\/wp\/v2\/comments?post=20615"}],"version-history":[{"count":6,"href":"https:\/\/somosdelprieto.com\/index.php\/wp-json\/wp\/v2\/posts\/20615\/revisions"}],"predecessor-version":[{"id":20632,"href":"https:\/\/somosdelprieto.com\/index.php\/wp-json\/wp\/v2\/posts\/20615\/revisions\/20632"}],"wp:featuredmedia":[{"embeddable":true,"href":"https:\/\/somosdelprieto.com\/index.php\/wp-json\/wp\/v2\/media\/20623"}],"wp:attachment":[{"href":"https:\/\/somosdelprieto.com\/index.php\/wp-json\/wp\/v2\/media?parent=20615"}],"wp:term":[{"taxonomy":"category","embeddable":true,"href":"https:\/\/somosdelprieto.com\/index.php\/wp-json\/wp\/v2\/categories?post=20615"},{"taxonomy":"post_tag","embeddable":true,"href":"https:\/\/somosdelprieto.com\/index.php\/wp-json\/wp\/v2\/tags?post=20615"}],"curies":[{"name":"wp","href":"https:\/\/api.w.org\/{rel}","templated":true}]}}