{"id":20565,"date":"2025-02-19T16:55:33","date_gmt":"2025-02-19T15:55:33","guid":{"rendered":"https:\/\/somosdelprieto.com\/?p=20565"},"modified":"2025-07-18T12:47:44","modified_gmt":"2025-07-18T10:47:44","slug":"estudiar-en-francia-con-erasmus","status":"publish","type":"post","link":"https:\/\/somosdelprieto.com\/index.php\/2025\/02\/19\/estudiar-en-francia-con-erasmus\/","title":{"rendered":"ESTUDIAR EN FRANCIA CON ERASMUS"},"content":{"rendered":"\n<p>Durante cinco semanas, desde del 12 de enero al 15 de febrero, dos de nuestras alumnas de 4\u00ba de ESO, &nbsp;Claudia y Elena, han&nbsp; tenido la oportunidad de desarrollar una movilidad de estudios de larga duraci\u00f3n en la Cit\u00e9 Scolaire Hector Berlioz, de Vincennes, Francia.<\/p>\n\n\n\n<figure class=\"wp-block-image size-large\"><img loading=\"lazy\" decoding=\"async\" width=\"768\" height=\"1024\" src=\"https:\/\/somosdelprieto.com\/wp-content\/uploads\/2025\/02\/1739904880544-768x1024.jpg\" alt=\"\" class=\"wp-image-20566\" srcset=\"https:\/\/somosdelprieto.com\/wp-content\/uploads\/2025\/02\/1739904880544-768x1024.jpg 768w, https:\/\/somosdelprieto.com\/wp-content\/uploads\/2025\/02\/1739904880544-225x300.jpg 225w, https:\/\/somosdelprieto.com\/wp-content\/uploads\/2025\/02\/1739904880544-1152x1536.jpg 1152w, https:\/\/somosdelprieto.com\/wp-content\/uploads\/2025\/02\/1739904880544.jpg 1200w\" sizes=\"auto, (max-width: 767px) 89vw, (max-width: 1000px) 54vw, (max-width: 1071px) 543px, 580px\" \/><\/figure>\n\n\n\n<p>Las alumnas, que se han alojado con familias, han podido conocer de primera mano el sistema educativo franc\u00e9s, mejorar sus habilidades ling\u00fc\u00edsticas en lengua francesa, experimentar la cultura francesa y explorar la ciudad de Par\u00eds, dada la proximidad de su centro de destino a la capital francesa.<\/p>\n\n\n\n<p>Esta movilidad, enmarcada dentro del programa Erasmus +, ha supuesto para las participantes una oportunidad de crecimiento tanto acad\u00e9mico como personal, y ambas esperan con impaciencia el momento de reencontrarse en Valdepe\u00f1as con las alumnas que les han acogido en Vincennes y que ahora consideran amigas. Las dos alumnas francesas tambi\u00e9n participar\u00e1n en la vida del IES Gregorio Prieto durante 5 semanas a partir del mes de mayo.<\/p>\n\n\n\n<figure class=\"wp-block-image size-large\"><img loading=\"lazy\" decoding=\"async\" width=\"1024\" height=\"768\" src=\"https:\/\/somosdelprieto.com\/wp-content\/uploads\/2025\/02\/1739904880522-1024x768.jpg\" alt=\"\" class=\"wp-image-20567\" srcset=\"https:\/\/somosdelprieto.com\/wp-content\/uploads\/2025\/02\/1739904880522-1024x768.jpg 1024w, https:\/\/somosdelprieto.com\/wp-content\/uploads\/2025\/02\/1739904880522-300x225.jpg 300w, https:\/\/somosdelprieto.com\/wp-content\/uploads\/2025\/02\/1739904880522-768x576.jpg 768w, https:\/\/somosdelprieto.com\/wp-content\/uploads\/2025\/02\/1739904880522-1536x1152.jpg 1536w, https:\/\/somosdelprieto.com\/wp-content\/uploads\/2025\/02\/1739904880522.jpg 1600w\" sizes=\"auto, (max-width: 767px) 89vw, (max-width: 1000px) 54vw, (max-width: 1071px) 543px, 580px\" \/><\/figure>\n\n\n\n<p>Con las movilidades de Claudia y Elena, nuestro instituto, que consigui\u00f3 la Acreditaci\u00f3n para Educaci\u00f3n Escolar en 2021, da un paso m\u00e1s en su andadura dentro del programa Erasmus +. Seguramente, en a\u00f1os venideros contaremos con m\u00e1s estudiantes dispuestos a disfrutar de esta experiencia tan enriquecedora que es la movilidad de estudios de larga duraci\u00f3n.<\/p>\n\n\n\n<figure class=\"wp-block-image size-large\"><img loading=\"lazy\" decoding=\"async\" width=\"1024\" height=\"768\" src=\"https:\/\/somosdelprieto.com\/wp-content\/uploads\/2025\/02\/1739980074260-1024x768.jpg\" alt=\"\" class=\"wp-image-20568\" srcset=\"https:\/\/somosdelprieto.com\/wp-content\/uploads\/2025\/02\/1739980074260-1024x768.jpg 1024w, https:\/\/somosdelprieto.com\/wp-content\/uploads\/2025\/02\/1739980074260-300x225.jpg 300w, https:\/\/somosdelprieto.com\/wp-content\/uploads\/2025\/02\/1739980074260-768x576.jpg 768w, https:\/\/somosdelprieto.com\/wp-content\/uploads\/2025\/02\/1739980074260-1536x1152.jpg 1536w, https:\/\/somosdelprieto.com\/wp-content\/uploads\/2025\/02\/1739980074260.jpg 1600w\" sizes=\"auto, (max-width: 767px) 89vw, (max-width: 1000px) 54vw, (max-width: 1071px) 543px, 580px\" \/><\/figure>\n","protected":false},"excerpt":{"rendered":"<p>Durante cinco semanas, desde del 12 de enero al 15 de febrero, dos de nuestras alumnas de 4\u00ba de ESO, &nbsp;Claudia y Elena, han&nbsp; tenido la oportunidad de desarrollar una movilidad de estudios de larga duraci\u00f3n en la Cit\u00e9 Scolaire Hector Berlioz, de Vincennes, Francia. Las alumnas, que se han alojado con familias, han podido &hellip; <\/p>\n<p class=\"link-more\"><a href=\"https:\/\/somosdelprieto.com\/index.php\/2025\/02\/19\/estudiar-en-francia-con-erasmus\/\" class=\"more-link\">Continuar leyendo<span class=\"screen-reader-text\"> \u00abESTUDIAR EN FRANCIA CON ERASMUS\u00bb<\/span><\/a><\/p>\n","protected":false},"author":67,"featured_media":20569,"comment_status":"closed","ping_status":"closed","sticky":false,"template":"","format":"standard","meta":{"footnotes":""},"categories":[4,1],"tags":[],"class_list":["post-20565","post","type-post","status-publish","format-standard","has-post-thumbnail","hentry","category-erasmus","category-noticias"],"_links":{"self":[{"href":"https:\/\/somosdelprieto.com\/index.php\/wp-json\/wp\/v2\/posts\/20565","targetHints":{"allow":["GET"]}}],"collection":[{"href":"https:\/\/somosdelprieto.com\/index.php\/wp-json\/wp\/v2\/posts"}],"about":[{"href":"https:\/\/somosdelprieto.com\/index.php\/wp-json\/wp\/v2\/types\/post"}],"author":[{"embeddable":true,"href":"https:\/\/somosdelprieto.com\/index.php\/wp-json\/wp\/v2\/users\/67"}],"replies":[{"embeddable":true,"href":"https:\/\/somosdelprieto.com\/index.php\/wp-json\/wp\/v2\/comments?post=20565"}],"version-history":[{"count":2,"href":"https:\/\/somosdelprieto.com\/index.php\/wp-json\/wp\/v2\/posts\/20565\/revisions"}],"predecessor-version":[{"id":22100,"href":"https:\/\/somosdelprieto.com\/index.php\/wp-json\/wp\/v2\/posts\/20565\/revisions\/22100"}],"wp:featuredmedia":[{"embeddable":true,"href":"https:\/\/somosdelprieto.com\/index.php\/wp-json\/wp\/v2\/media\/20569"}],"wp:attachment":[{"href":"https:\/\/somosdelprieto.com\/index.php\/wp-json\/wp\/v2\/media?parent=20565"}],"wp:term":[{"taxonomy":"category","embeddable":true,"href":"https:\/\/somosdelprieto.com\/index.php\/wp-json\/wp\/v2\/categories?post=20565"},{"taxonomy":"post_tag","embeddable":true,"href":"https:\/\/somosdelprieto.com\/index.php\/wp-json\/wp\/v2\/tags?post=20565"}],"curies":[{"name":"wp","href":"https:\/\/api.w.org\/{rel}","templated":true}]}}