{"id":20450,"date":"2025-02-11T12:06:00","date_gmt":"2025-02-11T11:06:00","guid":{"rendered":"https:\/\/somosdelprieto.com\/?p=20450"},"modified":"2025-02-11T13:22:32","modified_gmt":"2025-02-11T12:22:32","slug":"admision-alumnado-eso-y-bachillerato-curso-2025-2026","status":"publish","type":"post","link":"https:\/\/somosdelprieto.com\/index.php\/2025\/02\/11\/admision-alumnado-eso-y-bachillerato-curso-2025-2026\/","title":{"rendered":"ADMISI\u00d3N ALUMNADO ESO Y BACHILLERATO CURSO 2025-2026"},"content":{"rendered":"\n<p>El 11 de febrero de 2025 se ha publicado en el Diario Oficial de Castilla-La Mancha, la Resoluci\u00f3n por la que se convoca el procedimiento de admisi\u00f3n para los estudios de&nbsp;<strong>E.S.O.<\/strong> y <strong>BACHILLER<\/strong>&nbsp;para el curso&nbsp;<strong>2025\/2026<\/strong>:<\/p>\n\n\n\n<p><\/p>\n\n\n\n<p><a href=\"https:\/\/docm.jccm.es\/docm\/descargarArchivo.do?ruta=2025\/02\/11\/pdf\/2025_939.pdf&amp;tipo=rutaDocm\" target=\"_blank\" rel=\"noreferrer noopener\">https:\/\/docm.jccm.es\/docm\/descargarArchivo.do?ruta=2025\/02\/11\/pdf\/2025_939.pdf&amp;tipo=rutaDocm<\/a><\/p>\n\n\n\n<p>Cualquier&nbsp;<strong>actualizaci\u00f3n o informaci\u00f3n relacionada<\/strong>, la podr\u00e1s encontrar en el&nbsp;<strong><a rel=\"noreferrer noopener\" href=\"http:\/\/www.educa.jccm.es\/es\" target=\"_blank\">portal de educaci\u00f3n de la Junta<\/a><\/strong>&nbsp;de Comunidades de Castilla-La Mancha o navegando en la p\u00e1gina&nbsp;<a rel=\"noreferrer noopener\" href=\"https:\/\/somosdelprieto.com\/index.php\/secretaria\/\" target=\"_blank\"><strong>web del I.E.S. Gregorio Prieto.<\/strong><\/a><\/p>\n\n\n\n<p>Para m\u00e1s informaci\u00f3n sobre la admisi\u00f3n de ESO:<\/p>\n\n\n\n<figure class=\"wp-block-embed is-type-wp-embed is-provider-ies-gregorio-prieto wp-block-embed-ies-gregorio-prieto\"><div class=\"wp-block-embed__wrapper\">\n<blockquote class=\"wp-embedded-content\" data-secret=\"zr9sHXd4gs\"><a href=\"https:\/\/somosdelprieto.com\/index.php\/secretaria\/e-s-o\/\">E.S.O.<\/a><\/blockquote><iframe loading=\"lazy\" class=\"wp-embedded-content\" sandbox=\"allow-scripts\" security=\"restricted\" style=\"position: absolute; visibility: hidden;\" title=\"\u00abE.S.O.\u00bb \u2014 IES Gregorio Prieto\" src=\"https:\/\/somosdelprieto.com\/index.php\/secretaria\/e-s-o\/embed\/#?secret=QLwdNjSlOz#?secret=zr9sHXd4gs\" data-secret=\"zr9sHXd4gs\" width=\"525\" height=\"296\" frameborder=\"0\" marginwidth=\"0\" marginheight=\"0\" scrolling=\"no\"><\/iframe>\n<\/div><\/figure>\n\n\n\n<p>Para m\u00e1s informaci\u00f3n sobre la admisi\u00f3n de BACHILLERATO:<\/p>\n\n\n\n<figure class=\"wp-block-embed is-type-wp-embed is-provider-ies-gregorio-prieto wp-block-embed-ies-gregorio-prieto\"><div class=\"wp-block-embed__wrapper\">\n<blockquote class=\"wp-embedded-content\" data-secret=\"zmpuatafnq\"><a href=\"https:\/\/somosdelprieto.com\/index.php\/secretaria\/bachillerato\/\">Bachillerato<\/a><\/blockquote><iframe loading=\"lazy\" class=\"wp-embedded-content\" sandbox=\"allow-scripts\" security=\"restricted\" style=\"position: absolute; visibility: hidden;\" title=\"\u00abBachillerato\u00bb \u2014 IES Gregorio Prieto\" src=\"https:\/\/somosdelprieto.com\/index.php\/secretaria\/bachillerato\/embed\/#?secret=bykytv2lMw#?secret=zmpuatafnq\" data-secret=\"zmpuatafnq\" width=\"525\" height=\"296\" frameborder=\"0\" marginwidth=\"0\" marginheight=\"0\" scrolling=\"no\"><\/iframe>\n<\/div><\/figure>\n","protected":false},"excerpt":{"rendered":"<p>El 11 de febrero de 2025 se ha publicado en el Diario Oficial de Castilla-La Mancha, la Resoluci\u00f3n por la que se convoca el procedimiento de admisi\u00f3n para los estudios de&nbsp;E.S.O. y BACHILLER&nbsp;para el curso&nbsp;2025\/2026: https:\/\/docm.jccm.es\/docm\/descargarArchivo.do?ruta=2025\/02\/11\/pdf\/2025_939.pdf&amp;tipo=rutaDocm Cualquier&nbsp;actualizaci\u00f3n o informaci\u00f3n relacionada, la podr\u00e1s encontrar en el&nbsp;portal de educaci\u00f3n de la Junta&nbsp;de Comunidades de Castilla-La Mancha o &hellip; <\/p>\n<p class=\"link-more\"><a href=\"https:\/\/somosdelprieto.com\/index.php\/2025\/02\/11\/admision-alumnado-eso-y-bachillerato-curso-2025-2026\/\" class=\"more-link\">Continuar leyendo<span class=\"screen-reader-text\"> \u00abADMISI\u00d3N ALUMNADO ESO Y BACHILLERATO CURSO 2025-2026\u00bb<\/span><\/a><\/p>\n","protected":false},"author":53,"featured_media":20451,"comment_status":"closed","ping_status":"closed","sticky":false,"template":"","format":"standard","meta":{"footnotes":""},"categories":[1],"tags":[212,86,213,115,230],"class_list":["post-20450","post","type-post","status-publish","format-standard","has-post-thumbnail","hentry","category-noticias","tag-admision","tag-bachillerato","tag-eso","tag-noticias","tag-secretaria"],"_links":{"self":[{"href":"https:\/\/somosdelprieto.com\/index.php\/wp-json\/wp\/v2\/posts\/20450","targetHints":{"allow":["GET"]}}],"collection":[{"href":"https:\/\/somosdelprieto.com\/index.php\/wp-json\/wp\/v2\/posts"}],"about":[{"href":"https:\/\/somosdelprieto.com\/index.php\/wp-json\/wp\/v2\/types\/post"}],"author":[{"embeddable":true,"href":"https:\/\/somosdelprieto.com\/index.php\/wp-json\/wp\/v2\/users\/53"}],"replies":[{"embeddable":true,"href":"https:\/\/somosdelprieto.com\/index.php\/wp-json\/wp\/v2\/comments?post=20450"}],"version-history":[{"count":3,"href":"https:\/\/somosdelprieto.com\/index.php\/wp-json\/wp\/v2\/posts\/20450\/revisions"}],"predecessor-version":[{"id":20455,"href":"https:\/\/somosdelprieto.com\/index.php\/wp-json\/wp\/v2\/posts\/20450\/revisions\/20455"}],"wp:featuredmedia":[{"embeddable":true,"href":"https:\/\/somosdelprieto.com\/index.php\/wp-json\/wp\/v2\/media\/20451"}],"wp:attachment":[{"href":"https:\/\/somosdelprieto.com\/index.php\/wp-json\/wp\/v2\/media?parent=20450"}],"wp:term":[{"taxonomy":"category","embeddable":true,"href":"https:\/\/somosdelprieto.com\/index.php\/wp-json\/wp\/v2\/categories?post=20450"},{"taxonomy":"post_tag","embeddable":true,"href":"https:\/\/somosdelprieto.com\/index.php\/wp-json\/wp\/v2\/tags?post=20450"}],"curies":[{"name":"wp","href":"https:\/\/api.w.org\/{rel}","templated":true}]}}