{"id":20346,"date":"2025-02-07T13:59:47","date_gmt":"2025-02-07T12:59:47","guid":{"rendered":"https:\/\/somosdelprieto.com\/?p=20346"},"modified":"2025-02-13T18:37:01","modified_gmt":"2025-02-13T17:37:01","slug":"intercambio-epistolar-con-normandia","status":"publish","type":"post","link":"https:\/\/somosdelprieto.com\/index.php\/2025\/02\/07\/intercambio-epistolar-con-normandia\/","title":{"rendered":"Intercambio Epistolar con Normand\u00eda"},"content":{"rendered":"\n<p>Hola, somos el alumnado de 1\u00ba ESO. Esta semana hemos tenido una grata sorpresa. Las cartas que  nos escribieron la semana pasada nuestros amigos de Normand\u00eda han llegado. Estas cartas han venido acompa\u00f1adas de una foto, de un v\u00eddeo de presentaci\u00f3n para que nos conozcamos y de una fabulosa canci\u00f3n que nos han compuesto.<\/p>\n\n\n\n<p>Ahora, nos toca a nosotros. Estamos preparando unas postales de Valdepe\u00f1as, en las que nos presentaremos y les contaremos nuestras aficiones y tambi\u00e9n un v\u00eddeo de presentaci\u00f3n. De este modo pondremos en pr\u00e1ctica de una manera amena y en un contexto real lo trabajado en el aula. Por supuesto, tambi\u00e9n intentaremos sacar nuestra vena compositora con una canci\u00f3n.<\/p>\n\n\n\n<div class=\"wp-block-columns is-layout-flex wp-container-core-columns-is-layout-9d6595d7 wp-block-columns-is-layout-flex\">\n<div class=\"wp-block-column is-layout-flow wp-block-column-is-layout-flow\">\n<figure class=\"wp-block-image size-large\"><img loading=\"lazy\" decoding=\"async\" width=\"771\" height=\"1024\" src=\"https:\/\/somosdelprieto.com\/wp-content\/uploads\/2025\/02\/IMG_20250205_110514-771x1024.jpg\" alt=\"\" class=\"wp-image-20347\" srcset=\"https:\/\/somosdelprieto.com\/wp-content\/uploads\/2025\/02\/IMG_20250205_110514-771x1024.jpg 771w, https:\/\/somosdelprieto.com\/wp-content\/uploads\/2025\/02\/IMG_20250205_110514-226x300.jpg 226w, https:\/\/somosdelprieto.com\/wp-content\/uploads\/2025\/02\/IMG_20250205_110514-768x1020.jpg 768w, https:\/\/somosdelprieto.com\/wp-content\/uploads\/2025\/02\/IMG_20250205_110514-1157x1536.jpg 1157w, https:\/\/somosdelprieto.com\/wp-content\/uploads\/2025\/02\/IMG_20250205_110514-1542x2048.jpg 1542w, https:\/\/somosdelprieto.com\/wp-content\/uploads\/2025\/02\/IMG_20250205_110514-scaled.jpg 1928w\" sizes=\"auto, (max-width: 767px) 89vw, (max-width: 1000px) 54vw, (max-width: 1071px) 543px, 580px\" \/><\/figure>\n<\/div>\n\n\n\n<div class=\"wp-block-column is-layout-flow wp-block-column-is-layout-flow\"><div class=\"wp-block-image\">\n<figure class=\"aligncenter size-large\"><img loading=\"lazy\" decoding=\"async\" width=\"1024\" height=\"771\" src=\"https:\/\/somosdelprieto.com\/wp-content\/uploads\/2025\/02\/IMG_20250205_103414-1024x771.jpg\" alt=\"\" class=\"wp-image-20348\" srcset=\"https:\/\/somosdelprieto.com\/wp-content\/uploads\/2025\/02\/IMG_20250205_103414-1024x771.jpg 1024w, https:\/\/somosdelprieto.com\/wp-content\/uploads\/2025\/02\/IMG_20250205_103414-300x226.jpg 300w, https:\/\/somosdelprieto.com\/wp-content\/uploads\/2025\/02\/IMG_20250205_103414-768x578.jpg 768w, https:\/\/somosdelprieto.com\/wp-content\/uploads\/2025\/02\/IMG_20250205_103414-1536x1157.jpg 1536w, https:\/\/somosdelprieto.com\/wp-content\/uploads\/2025\/02\/IMG_20250205_103414-2048x1542.jpg 2048w\" sizes=\"auto, (max-width: 767px) 89vw, (max-width: 1000px) 54vw, (max-width: 1071px) 543px, 580px\" \/><\/figure>\n<\/div><\/div>\n<\/div>\n\n\n\n<p>Somos muy afortunados, pues ya ten\u00edamos unos \u00abamigos por carta\u00bb desde septiembre que son de Martinica y con los que ya nos hemos enviado 2 cartas y ahora tenemos nuevos \u00abamigos por carta\u00bb de Normand\u00eda. \u00a1Estamos muy ilusionados! dado que as\u00ed podremos aprender mucho sobre la cultura de estos lugares, podremos ense\u00f1arles tambi\u00e9n sobre nuestra ciudad, sobre nuestras costumbres y podremos tener un gran enriquecimiento mutuo, no \u00fanicamente ling\u00fc\u00edstico sino tambi\u00e9n cultural.<\/p>\n\n\n\n<figure class=\"wp-block-image size-large\"><img loading=\"lazy\" decoding=\"async\" width=\"1024\" height=\"771\" src=\"https:\/\/somosdelprieto.com\/wp-content\/uploads\/2025\/02\/IMG_20250205_110351-1024x771.jpg\" alt=\"\" class=\"wp-image-20349\" srcset=\"https:\/\/somosdelprieto.com\/wp-content\/uploads\/2025\/02\/IMG_20250205_110351-1024x771.jpg 1024w, https:\/\/somosdelprieto.com\/wp-content\/uploads\/2025\/02\/IMG_20250205_110351-300x226.jpg 300w, https:\/\/somosdelprieto.com\/wp-content\/uploads\/2025\/02\/IMG_20250205_110351-768x578.jpg 768w, https:\/\/somosdelprieto.com\/wp-content\/uploads\/2025\/02\/IMG_20250205_110351-1536x1157.jpg 1536w, https:\/\/somosdelprieto.com\/wp-content\/uploads\/2025\/02\/IMG_20250205_110351-2048x1542.jpg 2048w\" sizes=\"auto, (max-width: 767px) 89vw, (max-width: 1000px) 54vw, (max-width: 1071px) 543px, 580px\" \/><\/figure>\n\n\n\n<p>Adem\u00e1s, en breve tanto con el grupo de Martinica como con el grupo de Normand\u00eda tendremos una videoconferencia de modo que desarrollemos no \u00fanicamente la comprensi\u00f3n y producci\u00f3n de textos escrito sino tambi\u00e9n la producci\u00f3n y comprensi\u00f3n de textos orales en franc\u00e9s. Compartiremos algunas fotos al respecto muy pronto.<\/p>\n\n\n\n<figure class=\"wp-block-image size-large\"><img loading=\"lazy\" decoding=\"async\" width=\"2560\" height=\"1928\" src=\"https:\/\/somosdelprieto.com\/wp-content\/uploads\/2025\/02\/IMG_20250212_111016-edited-scaled.jpg\" alt=\"\" class=\"wp-image-20493\" srcset=\"https:\/\/somosdelprieto.com\/wp-content\/uploads\/2025\/02\/IMG_20250212_111016-edited-scaled.jpg 2560w, https:\/\/somosdelprieto.com\/wp-content\/uploads\/2025\/02\/IMG_20250212_111016-edited-300x226.jpg 300w, https:\/\/somosdelprieto.com\/wp-content\/uploads\/2025\/02\/IMG_20250212_111016-edited-1024x771.jpg 1024w, https:\/\/somosdelprieto.com\/wp-content\/uploads\/2025\/02\/IMG_20250212_111016-edited-768x578.jpg 768w, https:\/\/somosdelprieto.com\/wp-content\/uploads\/2025\/02\/IMG_20250212_111016-edited-1536x1157.jpg 1536w, https:\/\/somosdelprieto.com\/wp-content\/uploads\/2025\/02\/IMG_20250212_111016-edited-2048x1542.jpg 2048w\" sizes=\"auto, (max-width: 767px) 89vw, (max-width: 1000px) 54vw, (max-width: 1071px) 543px, 580px\" \/><\/figure>\n","protected":false},"excerpt":{"rendered":"<p>Hola, somos el alumnado de 1\u00ba ESO. Esta semana hemos tenido una grata sorpresa. Las cartas que nos escribieron la semana pasada nuestros amigos de Normand\u00eda han llegado. Estas cartas han venido acompa\u00f1adas de una foto, de un v\u00eddeo de presentaci\u00f3n para que nos conozcamos y de una fabulosa canci\u00f3n que nos han compuesto. Ahora, &hellip; <\/p>\n<p class=\"link-more\"><a href=\"https:\/\/somosdelprieto.com\/index.php\/2025\/02\/07\/intercambio-epistolar-con-normandia\/\" class=\"more-link\">Continuar leyendo<span class=\"screen-reader-text\"> \u00abIntercambio Epistolar con Normand\u00eda\u00bb<\/span><\/a><\/p>\n","protected":false},"author":46,"featured_media":20351,"comment_status":"closed","ping_status":"closed","sticky":false,"template":"","format":"standard","meta":{"footnotes":""},"categories":[31,1],"tags":[157,115],"class_list":["post-20346","post","type-post","status-publish","format-standard","has-post-thumbnail","hentry","category-frances","category-noticias","tag-frances","tag-noticias"],"_links":{"self":[{"href":"https:\/\/somosdelprieto.com\/index.php\/wp-json\/wp\/v2\/posts\/20346","targetHints":{"allow":["GET"]}}],"collection":[{"href":"https:\/\/somosdelprieto.com\/index.php\/wp-json\/wp\/v2\/posts"}],"about":[{"href":"https:\/\/somosdelprieto.com\/index.php\/wp-json\/wp\/v2\/types\/post"}],"author":[{"embeddable":true,"href":"https:\/\/somosdelprieto.com\/index.php\/wp-json\/wp\/v2\/users\/46"}],"replies":[{"embeddable":true,"href":"https:\/\/somosdelprieto.com\/index.php\/wp-json\/wp\/v2\/comments?post=20346"}],"version-history":[{"count":4,"href":"https:\/\/somosdelprieto.com\/index.php\/wp-json\/wp\/v2\/posts\/20346\/revisions"}],"predecessor-version":[{"id":20494,"href":"https:\/\/somosdelprieto.com\/index.php\/wp-json\/wp\/v2\/posts\/20346\/revisions\/20494"}],"wp:featuredmedia":[{"embeddable":true,"href":"https:\/\/somosdelprieto.com\/index.php\/wp-json\/wp\/v2\/media\/20351"}],"wp:attachment":[{"href":"https:\/\/somosdelprieto.com\/index.php\/wp-json\/wp\/v2\/media?parent=20346"}],"wp:term":[{"taxonomy":"category","embeddable":true,"href":"https:\/\/somosdelprieto.com\/index.php\/wp-json\/wp\/v2\/categories?post=20346"},{"taxonomy":"post_tag","embeddable":true,"href":"https:\/\/somosdelprieto.com\/index.php\/wp-json\/wp\/v2\/tags?post=20346"}],"curies":[{"name":"wp","href":"https:\/\/api.w.org\/{rel}","templated":true}]}}