{"id":20155,"date":"2025-01-28T10:29:09","date_gmt":"2025-01-28T09:29:09","guid":{"rendered":"https:\/\/somosdelprieto.com\/?p=20155"},"modified":"2025-01-30T13:18:18","modified_gmt":"2025-01-30T12:18:18","slug":"certificado-de-profesionalidad-de-industrias-carnicas-impartido-en-ies-gregorio-prieto","status":"publish","type":"post","link":"https:\/\/somosdelprieto.com\/index.php\/2025\/01\/28\/certificado-de-profesionalidad-de-industrias-carnicas-impartido-en-ies-gregorio-prieto\/","title":{"rendered":"CERTIFICADO DE PROFESIONALIDAD DE INDUSTRIAS C\u00c1RNICAS IMPARTIDO EN IES GREGORIO PRIETO"},"content":{"rendered":"\n<p><\/p>\n\n\n\n<p id=\"block-f410bac7-2356-4d91-b25e-b39961af0d65\">Se va a llevar a cabo el certificado de profesionalidad en Industrias C\u00e1rnicas con n\u00famero de expediente FPFP\/2025\/013\/008.<\/p>\n\n\n\n<p id=\"block-56d392a9-34af-4f1e-9586-c797fe279800\"><\/p>\n\n\n\n<div data-wp-interactive=\"core\/file\" class=\"wp-block-file\"><object data-wp-bind--hidden=\"!state.hasPdfPreview\" hidden class=\"wp-block-file__embed\" data=\"https:\/\/somosdelprieto.com\/wp-content\/uploads\/2025\/01\/12Industrias-carnicas-2.pdf\" type=\"application\/pdf\" style=\"width:100%;height:600px\" aria-label=\"Incrustado de Industrias C\u00e1rnicas.\"><\/object><a id=\"wp-block-file--media-9752f43b-1db4-4cc0-a03d-aeac70f9103a\" href=\"https:\/\/somosdelprieto.com\/wp-content\/uploads\/2025\/01\/12Industrias-carnicas-2.pdf\">Industrias C\u00e1rnicas<\/a><a href=\"https:\/\/somosdelprieto.com\/wp-content\/uploads\/2025\/01\/12Industrias-carnicas-2.pdf\" class=\"wp-block-file__button wp-element-button\" download aria-describedby=\"wp-block-file--media-9752f43b-1db4-4cc0-a03d-aeac70f9103a\">Descarga<\/a><\/div>\n\n\n\n<p><\/p>\n\n\n\n<ul class=\"wp-block-list\">\n<li>Es una acci\u00f3n formativa para la obtenci\u00f3n de certificados de profesionalidad.<\/li>\n\n\n\n<li>Dirigido a personas<strong> desempleadas<\/strong>, tendr\u00e1 una duraci\u00f3n de 600 horas, con fecha de impartici\u00f3n prevista del 24\/02\/2025 al 30\/06\/2025 de forma presencial en horario de tarde.<\/li>\n\n\n\n<li>Consta de m\u00f3dulo de formaci\u00f3n pr\u00e1ctica en centro de trabajo.<\/li>\n<\/ul>\n\n\n\n<p id=\"block-2ab9983e-bb5b-403b-b77d-930535e0d151\"><br><\/p>\n\n\n\n<p id=\"block-2ab9983e-bb5b-403b-b77d-930535e0d151\">Para m\u00e1s<strong> informaci\u00f3n<\/strong> y <strong>solicitud<\/strong> de inscripci\u00f3n del certificado de profesionalidad, se pueden consultar a trav\u00e9s del siguiente enlace:<\/p>\n\n\n\n<p><a href=\"https:\/\/e-empleo.jccm.es\/formacion\/jsp\/index.jsp\" target=\"_blank\" rel=\"noreferrer noopener\">https:\/\/e-empleo.jccm.es\/formacion\/jsp\/index.jsp<\/a><\/p>\n\n\n\n<p>A continuaci\u00f3n seleccionar Solicitud\/Consulta programaci\u00f3n cursos:<\/p>\n\n\n\n<figure class=\"wp-block-image size-full\"><img loading=\"lazy\" decoding=\"async\" width=\"983\" height=\"530\" src=\"https:\/\/somosdelprieto.com\/wp-content\/uploads\/2025\/01\/1.jpg\" alt=\"\" class=\"wp-image-20177\" srcset=\"https:\/\/somosdelprieto.com\/wp-content\/uploads\/2025\/01\/1.jpg 983w, https:\/\/somosdelprieto.com\/wp-content\/uploads\/2025\/01\/1-300x162.jpg 300w, https:\/\/somosdelprieto.com\/wp-content\/uploads\/2025\/01\/1-768x414.jpg 768w\" sizes=\"auto, (max-width: 767px) 89vw, (max-width: 1000px) 54vw, (max-width: 1071px) 543px, 580px\" \/><\/figure>\n\n\n\n<p id=\"block-bc23946d-8942-413c-b5ce-c831d532b989\">En el buscador, debemos introducir en el campo \u00abDenominaci\u00f3n\u00bb la palabra <em>industrias<\/em>, y elegir la provincia (<em>Ciudad Real<\/em>) y la localidad (<em>Valdepe\u00f1as<\/em>). A continuaci\u00f3n pulsamos el bot\u00f3n \u00abBuscar\u00bb<\/p>\n\n\n\n<figure class=\"wp-block-image size-full\"><img loading=\"lazy\" decoding=\"async\" width=\"833\" height=\"627\" src=\"https:\/\/somosdelprieto.com\/wp-content\/uploads\/2025\/01\/3.jpg\" alt=\"\" class=\"wp-image-20181\" srcset=\"https:\/\/somosdelprieto.com\/wp-content\/uploads\/2025\/01\/3.jpg 833w, https:\/\/somosdelprieto.com\/wp-content\/uploads\/2025\/01\/3-300x226.jpg 300w, https:\/\/somosdelprieto.com\/wp-content\/uploads\/2025\/01\/3-768x578.jpg 768w\" sizes=\"auto, (max-width: 767px) 89vw, (max-width: 1000px) 54vw, (max-width: 1071px) 543px, 580px\" \/><\/figure>\n\n\n\n<p>En la siguiente pantalla, pulsamos el bot\u00f3n <em>Consultar<\/em><\/p>\n\n\n\n<figure class=\"wp-block-image size-full\"><img loading=\"lazy\" decoding=\"async\" width=\"942\" height=\"447\" src=\"https:\/\/somosdelprieto.com\/wp-content\/uploads\/2025\/01\/4.jpg\" alt=\"\" class=\"wp-image-20182\" srcset=\"https:\/\/somosdelprieto.com\/wp-content\/uploads\/2025\/01\/4.jpg 942w, https:\/\/somosdelprieto.com\/wp-content\/uploads\/2025\/01\/4-300x142.jpg 300w, https:\/\/somosdelprieto.com\/wp-content\/uploads\/2025\/01\/4-768x364.jpg 768w\" sizes=\"auto, (max-width: 767px) 89vw, (max-width: 1000px) 54vw, (max-width: 1071px) 543px, 580px\" \/><\/figure>\n\n\n\n<p>Y ya tendremos la informaci\u00f3n sobre el certificado y la solicitud de inscripcion.<\/p>\n\n\n\n<div data-wp-interactive=\"core\/file\" class=\"wp-block-file\"><object data-wp-bind--hidden=\"!state.hasPdfPreview\" hidden class=\"wp-block-file__embed\" data=\"https:\/\/somosdelprieto.com\/wp-content\/uploads\/2025\/01\/curso.pdf\" type=\"application\/pdf\" style=\"width:100%;height:600px\" aria-label=\"Incrustado de Info certificado.\"><\/object><a id=\"wp-block-file--media-a407cd43-ea51-43a6-a948-884e090d5e0c\" href=\"https:\/\/somosdelprieto.com\/wp-content\/uploads\/2025\/01\/curso.pdf\">Info certificado<\/a><a href=\"https:\/\/somosdelprieto.com\/wp-content\/uploads\/2025\/01\/curso.pdf\" class=\"wp-block-file__button wp-element-button\" download aria-describedby=\"wp-block-file--media-a407cd43-ea51-43a6-a948-884e090d5e0c\">Descarga<\/a><\/div>\n","protected":false},"excerpt":{"rendered":"<p>Se va a llevar a cabo el certificado de profesionalidad en Industrias C\u00e1rnicas con n\u00famero de expediente FPFP\/2025\/013\/008. Para m\u00e1s informaci\u00f3n y solicitud de inscripci\u00f3n del certificado de profesionalidad, se pueden consultar a trav\u00e9s del siguiente enlace: https:\/\/e-empleo.jccm.es\/formacion\/jsp\/index.jsp A continuaci\u00f3n seleccionar Solicitud\/Consulta programaci\u00f3n cursos: En el buscador, debemos introducir en el campo \u00abDenominaci\u00f3n\u00bb la palabra &hellip; <\/p>\n<p class=\"link-more\"><a href=\"https:\/\/somosdelprieto.com\/index.php\/2025\/01\/28\/certificado-de-profesionalidad-de-industrias-carnicas-impartido-en-ies-gregorio-prieto\/\" class=\"more-link\">Continuar leyendo<span class=\"screen-reader-text\"> \u00abCERTIFICADO DE PROFESIONALIDAD DE INDUSTRIAS C\u00c1RNICAS IMPARTIDO EN IES GREGORIO PRIETO\u00bb<\/span><\/a><\/p>\n","protected":false},"author":53,"featured_media":20240,"comment_status":"closed","ping_status":"closed","sticky":false,"template":"","format":"standard","meta":{"footnotes":""},"categories":[1],"tags":[102,256,115,365],"class_list":["post-20155","post","type-post","status-publish","format-standard","has-post-thumbnail","hentry","category-noticias","tag-formacion","tag-formacion-profesional","tag-noticias","tag-secretaria-2"],"_links":{"self":[{"href":"https:\/\/somosdelprieto.com\/index.php\/wp-json\/wp\/v2\/posts\/20155","targetHints":{"allow":["GET"]}}],"collection":[{"href":"https:\/\/somosdelprieto.com\/index.php\/wp-json\/wp\/v2\/posts"}],"about":[{"href":"https:\/\/somosdelprieto.com\/index.php\/wp-json\/wp\/v2\/types\/post"}],"author":[{"embeddable":true,"href":"https:\/\/somosdelprieto.com\/index.php\/wp-json\/wp\/v2\/users\/53"}],"replies":[{"embeddable":true,"href":"https:\/\/somosdelprieto.com\/index.php\/wp-json\/wp\/v2\/comments?post=20155"}],"version-history":[{"count":7,"href":"https:\/\/somosdelprieto.com\/index.php\/wp-json\/wp\/v2\/posts\/20155\/revisions"}],"predecessor-version":[{"id":20186,"href":"https:\/\/somosdelprieto.com\/index.php\/wp-json\/wp\/v2\/posts\/20155\/revisions\/20186"}],"wp:featuredmedia":[{"embeddable":true,"href":"https:\/\/somosdelprieto.com\/index.php\/wp-json\/wp\/v2\/media\/20240"}],"wp:attachment":[{"href":"https:\/\/somosdelprieto.com\/index.php\/wp-json\/wp\/v2\/media?parent=20155"}],"wp:term":[{"taxonomy":"category","embeddable":true,"href":"https:\/\/somosdelprieto.com\/index.php\/wp-json\/wp\/v2\/categories?post=20155"},{"taxonomy":"post_tag","embeddable":true,"href":"https:\/\/somosdelprieto.com\/index.php\/wp-json\/wp\/v2\/tags?post=20155"}],"curies":[{"name":"wp","href":"https:\/\/api.w.org\/{rel}","templated":true}]}}